{"id":32086,"date":"2023-05-30T14:57:59","date_gmt":"2023-05-30T17:57:59","guid":{"rendered":"https:\/\/justicapotiguar.com.br\/?p=32086"},"modified":"2023-05-30T14:57:59","modified_gmt":"2023-05-30T17:57:59","slug":"trt-rn-fechou-511-acordos-e-movimentou-quase-r-53-milhoes-na-semana-da-conciliacao","status":"publish","type":"post","link":"https:\/\/justicapotiguar.com.br\/index.php\/2023\/05\/30\/trt-rn-fechou-511-acordos-e-movimentou-quase-r-53-milhoes-na-semana-da-conciliacao\/","title":{"rendered":"TRT-RN fechou 511 acordos e movimentou quase R$ 53 milh\u00f5es na Semana da Concilia\u00e7\u00e3o"},"content":{"rendered":"\n<figure class=\"wp-block-image size-large\"><img loading=\"lazy\" width=\"800\" height=\"526\" src=\"https:\/\/justicapotiguar.com.br\/wp-content\/uploads\/2023\/05\/Site-TRT-RN-fechou-511-acordos-e-movimentou-quase-R-53-milhoes-na-Semana-da-Conciliacao_Site.png\" alt=\"\" class=\"wp-image-32087\" srcset=\"https:\/\/justicapotiguar.com.br\/wp-content\/uploads\/2023\/05\/Site-TRT-RN-fechou-511-acordos-e-movimentou-quase-R-53-milhoes-na-Semana-da-Conciliacao_Site.png 800w, https:\/\/justicapotiguar.com.br\/wp-content\/uploads\/2023\/05\/Site-TRT-RN-fechou-511-acordos-e-movimentou-quase-R-53-milhoes-na-Semana-da-Conciliacao_Site-300x197.png 300w, https:\/\/justicapotiguar.com.br\/wp-content\/uploads\/2023\/05\/Site-TRT-RN-fechou-511-acordos-e-movimentou-quase-R-53-milhoes-na-Semana-da-Conciliacao_Site-768x505.png 768w\" sizes=\"(max-width: 800px) 100vw, 800px\" \/><figcaption>Reprodu\u00e7\u00e3o<\/figcaption><\/figure>\n\n\n\n<p>O Tribunal Regional do Trabalho da 21\u00aa Regi\u00e3o (TRT-RN) atendeu 8.340 pessoas, em 1.372 audi\u00eancias de concilia\u00e7\u00e3o, realizadas durante a VII Semana Nacional da Concilia\u00e7\u00e3o que resultaram numa movimenta\u00e7\u00e3o de R$ 52.998.518,76.<\/p>\n\n\n\n<p>\u201cO Rio Grande do Norte sempre teve um desempenho destacado na concilia\u00e7\u00e3o ao longo do ano e, durante essas semanas de concilia\u00e7\u00e3o, nosso desempenho s\u00f3 cresce ainda mais\u201d, destaca o desembargador Eduardo Rocha, coordenador do N\u00facleo Permanente de M\u00e9todos Consensuais de Solu\u00e7\u00f5es de Conflito (NUPEMEC).<\/p>\n\n\n\n<p>O n\u00famero de solicita\u00e7\u00f5es de inclus\u00e3o nas pautas de audi\u00eancias de concilia\u00e7\u00e3o, por parte de reclamantes, advogados e empresas surpreendeu neste ano, ultrapassou a marca dos 400 pedidos.<\/p>\n\n\n\n<p>\u201cO melhor dessas semanas \u00e9 que aqui as partes constroem juntas a solu\u00e7\u00e3o para seus conflitos, at\u00e9 porque na Justi\u00e7a do Trabalho, n\u00e3o existe uma fase espec\u00edfica do processo para se conciliar, pode-se tentar a concilia\u00e7\u00e3o a qualquer hora, basta uma parte querer\u201d, explica Eduardo Rocha.<\/p><div class=\"baxfo69ef6603d53ef\" ><!--<a href=\"https:\/\/bit.ly\/3QdrqTZ\" target=\"_blank\">\n<img src=\"https:\/\/justicapotiguar.com.br\/wp-content\/uploads\/2023\/09\/mobile-geral.gif\"\/><a\/>--><\/div><style type=\"text\/css\">\r\n.baxfo69ef6603d53ef {\r\ntext-align: center;\r\n}\r\n@media screen and (min-width: 1201px) {\r\n.baxfo69ef6603d53ef {\r\ndisplay: none;\r\n}\r\n}\r\n@media screen and (min-width: 993px) and (max-width: 1200px) {\r\n.baxfo69ef6603d53ef {\r\ndisplay: none;\r\n}\r\n}\r\n@media screen and (min-width: 769px) and (max-width: 992px) {\r\n.baxfo69ef6603d53ef {\r\ndisplay: none;\r\n}\r\n}\r\n@media screen and (min-width: 768px) and (max-width: 768px) {\r\n.baxfo69ef6603d53ef {\r\ndisplay: block;\r\n}\r\n}\r\n@media screen and (max-width: 767px) {\r\n.baxfo69ef6603d53ef {\r\ndisplay: block;\r\n}\r\n}\r\n<\/style>\r\n<div class=\"lkxff69ef6603d53cf\" ><!--<a href=\"https:\/\/bit.ly\/3QdrqTZ\" target=\"_blank\">\n<img src=\"https:\/\/justicapotiguar.com.br\/wp-content\/uploads\/2023\/09\/desktop-geral.gif\"\/><a\/>--><\/div><style type=\"text\/css\">\r\n.lkxff69ef6603d53cf {\r\ntext-align: center;\nmargin-bottom: 1em;\r\n}\r\n@media screen and (min-width: 1201px) {\r\n.lkxff69ef6603d53cf {\r\ndisplay: block;\r\n}\r\n}\r\n@media screen and (min-width: 993px) and (max-width: 1200px) {\r\n.lkxff69ef6603d53cf {\r\ndisplay: block;\r\n}\r\n}\r\n@media screen and (min-width: 769px) and (max-width: 992px) {\r\n.lkxff69ef6603d53cf {\r\ndisplay: block;\r\n}\r\n}\r\n@media screen and (min-width: 768px) and (max-width: 768px) {\r\n.lkxff69ef6603d53cf {\r\ndisplay: none;\r\n}\r\n}\r\n@media screen and (max-width: 767px) {\r\n.lkxff69ef6603d53cf {\r\ndisplay: none;\r\n}\r\n}\r\n<\/style>\r\n\n\n\n\n<p>Durante cinco dias, foram realizados 511 acordos em processos de 1\u00ba e 2\u00ba graus, nas fases de conhecimento e de execu\u00e7\u00e3o, firmados pelos Centros Judici\u00e1rios de Solu\u00e7\u00e3o de Conflito e Cidadania (CEJUSC21), em Natal e Mossor\u00f3, e pelas Varas do Trabalho da capital e do interior, que totalizaram R$ 40.471.632,95.<\/p>\n\n\n\n<p>Os valores recolhidos aos cofres da Receita Federal a t\u00edtulo de Imposto de Renda, durante a semana de concilia\u00e7\u00e3o, somaram R$ 6.918.263,18 e mais R$ 5.608.618,63 \u00e0 Previd\u00eancia Social.<\/p>\n\n\n\n<p>Entre os acordos realizados se destacam os processos dos ex-empregados da Companhia de Servi\u00e7os Urbanos de Natal (Urbana), da APAMI de Mossor\u00f3, da Via\u00e7\u00e3o Jardinense e do Banco do Brasil.<\/p>\n\n\n\n<p>Os n\u00fameros finais com o desempenho de todos os tribunais regionais do trabalho de todo pa\u00eds, durante a Semana Nacional da Concilia\u00e7\u00e3o, ser\u00e3o anunciados oficialmente pelo Conselho Superior da Justi\u00e7a do Trabalho nesta quinta-feira (1).<\/p>\n","protected":false},"excerpt":{"rendered":"<p>O Tribunal Regional do Trabalho da 21\u00aa Regi\u00e3o (TRT-RN) atendeu 8.340 pessoas, em 1.372 audi\u00eancias de concilia\u00e7\u00e3o, realizadas durante a VII Semana Nacional da Concilia\u00e7\u00e3o que resultaram numa movimenta\u00e7\u00e3o de R$ 52.998.518,76. \u201cO Rio Grande do Norte sempre teve um desempenho destacado na concilia\u00e7\u00e3o ao longo do ano e, durante essas semanas de concilia\u00e7\u00e3o, nosso<br \/><a class=\"more-link\" href=\"https:\/\/justicapotiguar.com.br\/index.php\/2023\/05\/30\/trt-rn-fechou-511-acordos-e-movimentou-quase-r-53-milhoes-na-semana-da-conciliacao\/\">Mais&#8230;<\/a><\/p>\n","protected":false},"author":5,"featured_media":0,"comment_status":"open","ping_status":"open","sticky":false,"template":"","format":"standard","meta":[],"categories":[1],"tags":[],"_links":{"self":[{"href":"https:\/\/justicapotiguar.com.br\/index.php\/wp-json\/wp\/v2\/posts\/32086"}],"collection":[{"href":"https:\/\/justicapotiguar.com.br\/index.php\/wp-json\/wp\/v2\/posts"}],"about":[{"href":"https:\/\/justicapotiguar.com.br\/index.php\/wp-json\/wp\/v2\/types\/post"}],"author":[{"embeddable":true,"href":"https:\/\/justicapotiguar.com.br\/index.php\/wp-json\/wp\/v2\/users\/5"}],"replies":[{"embeddable":true,"href":"https:\/\/justicapotiguar.com.br\/index.php\/wp-json\/wp\/v2\/comments?post=32086"}],"version-history":[{"count":1,"href":"https:\/\/justicapotiguar.com.br\/index.php\/wp-json\/wp\/v2\/posts\/32086\/revisions"}],"predecessor-version":[{"id":32088,"href":"https:\/\/justicapotiguar.com.br\/index.php\/wp-json\/wp\/v2\/posts\/32086\/revisions\/32088"}],"wp:attachment":[{"href":"https:\/\/justicapotiguar.com.br\/index.php\/wp-json\/wp\/v2\/media?parent=32086"}],"wp:term":[{"taxonomy":"category","embeddable":true,"href":"https:\/\/justicapotiguar.com.br\/index.php\/wp-json\/wp\/v2\/categories?post=32086"},{"taxonomy":"post_tag","embeddable":true,"href":"https:\/\/justicapotiguar.com.br\/index.php\/wp-json\/wp\/v2\/tags?post=32086"}],"curies":[{"name":"wp","href":"https:\/\/api.w.org\/{rel}","templated":true}]}}