{"id":32080,"date":"2023-05-30T08:02:00","date_gmt":"2023-05-30T11:02:00","guid":{"rendered":"https:\/\/justicapotiguar.com.br\/?p=32080"},"modified":"2023-05-29T19:04:36","modified_gmt":"2023-05-29T22:04:36","slug":"movimentacoes-na-carreira-ja-efetivadas-e-previstas-em-leis-anteriores-devem-ser-mantidas-em-natal","status":"publish","type":"post","link":"https:\/\/justicapotiguar.com.br\/index.php\/2023\/05\/30\/movimentacoes-na-carreira-ja-efetivadas-e-previstas-em-leis-anteriores-devem-ser-mantidas-em-natal\/","title":{"rendered":"Movimenta\u00e7\u00f5es na carreira j\u00e1 efetivadas e previstas em leis anteriores devem ser mantidas em Natal"},"content":{"rendered":"\n<p>Os desembargadores da 2\u00aa Turma da 3\u00aa C\u00e2mara C\u00edvel do TJRN mantiveram o que foi decidido, em primeira inst\u00e2ncia, pela 4\u00aa Vara da Fazenda P\u00fablica da Comarca de Natal, que indeferiu o pedido de servidores da Educa\u00e7\u00e3o estadual e entendeu que o pleito buscado assegura apenas a manuten\u00e7\u00e3o das promo\u00e7\u00f5es e progress\u00f5es j\u00e1 aperfei\u00e7oadas, sem garantir a incid\u00eancia autom\u00e1tica do piso nas tabelas de vencimentos. Segundo a decis\u00e3o, existe a necessidade de previs\u00e3o expressa na lei local e que os valores recebidos pela autora do recurso est\u00e3o em conformidade com o piso nacional.<\/p>\n\n\n\n<figure class=\"wp-block-image size-large\"><img loading=\"lazy\" width=\"984\" height=\"738\" src=\"https:\/\/justicapotiguar.com.br\/wp-content\/uploads\/2019\/09\/professores.jpeg\" alt=\"\" class=\"wp-image-2397\" srcset=\"https:\/\/justicapotiguar.com.br\/wp-content\/uploads\/2019\/09\/professores.jpeg 984w, https:\/\/justicapotiguar.com.br\/wp-content\/uploads\/2019\/09\/professores-300x225.jpeg 300w, https:\/\/justicapotiguar.com.br\/wp-content\/uploads\/2019\/09\/professores-768x576.jpeg 768w\" sizes=\"(max-width: 984px) 100vw, 984px\" \/><figcaption>Reprodu\u00e7\u00e3o<\/figcaption><\/figure>\n\n\n\n<p>No recurso, os autores representados na apela\u00e7\u00e3o c\u00edvel defendem que, no Estado, a Lei n\u00b0 322\/2006 \u2013 que disp\u00f5e sobre o Estatuto e o Plano de Cargos, Carreira e Remunera\u00e7\u00e3o do Magist\u00e9rio P\u00fablico Estadual, prev\u00ea em seus artigos 47 e 48, escalonamento nos valores dos vencimentos da carreira, utilizando como base o piso remunerat\u00f3rio. Entendimento diverso no \u00f3rg\u00e3o julgador.<\/p>\n\n\n\n<p>\u201cAdoto o entendimento j\u00e1 sedimentado nesta C\u00e2mara no sentido que quando o dispositivo sentencial determina que deve ser respeitada a respectiva evolu\u00e7\u00e3o decorrente de progress\u00f5es e\/ou promo\u00e7\u00f5es j\u00e1 aperfei\u00e7oadas, quando da aplica\u00e7\u00e3o do piso nacional para o magist\u00e9rio p\u00fablico estadual, limita-se a ressalvar que devem ser mantidas as movimenta\u00e7\u00f5es na carreira j\u00e1 efetivadas e previstas nas leis anteriores\u201d, explica o desembargador Jo\u00e3o Batista Rebou\u00e7as, ao ressaltar que n\u00e3o existe qualquer indica\u00e7\u00e3o de que se proceda ao escalonamento do piso com a aplica\u00e7\u00e3o dos percentuais entre as classes e n\u00edveis previstos no Anexo II da Lei Complementar Estadual n\u00ba 322\/2006.<\/p><div class=\"moufj69ef66a5d1fc8\" ><!--<a href=\"https:\/\/bit.ly\/3QdrqTZ\" target=\"_blank\">\n<img src=\"https:\/\/justicapotiguar.com.br\/wp-content\/uploads\/2023\/09\/mobile-geral.gif\"\/><a\/>--><\/div><style type=\"text\/css\">\r\n.moufj69ef66a5d1fc8 {\r\ntext-align: center;\r\n}\r\n@media screen and (min-width: 1201px) {\r\n.moufj69ef66a5d1fc8 {\r\ndisplay: none;\r\n}\r\n}\r\n@media screen and (min-width: 993px) and (max-width: 1200px) {\r\n.moufj69ef66a5d1fc8 {\r\ndisplay: none;\r\n}\r\n}\r\n@media screen and (min-width: 769px) and (max-width: 992px) {\r\n.moufj69ef66a5d1fc8 {\r\ndisplay: none;\r\n}\r\n}\r\n@media screen and (min-width: 768px) and (max-width: 768px) {\r\n.moufj69ef66a5d1fc8 {\r\ndisplay: block;\r\n}\r\n}\r\n@media screen and (max-width: 767px) {\r\n.moufj69ef66a5d1fc8 {\r\ndisplay: block;\r\n}\r\n}\r\n<\/style>\r\n<div class=\"yoajm69ef66a5d1fa7\" ><!--<a href=\"https:\/\/bit.ly\/3QdrqTZ\" target=\"_blank\">\n<img src=\"https:\/\/justicapotiguar.com.br\/wp-content\/uploads\/2023\/09\/desktop-geral.gif\"\/><a\/>--><\/div><style type=\"text\/css\">\r\n.yoajm69ef66a5d1fa7 {\r\ntext-align: center;\nmargin-bottom: 1em;\r\n}\r\n@media screen and (min-width: 1201px) {\r\n.yoajm69ef66a5d1fa7 {\r\ndisplay: block;\r\n}\r\n}\r\n@media screen and (min-width: 993px) and (max-width: 1200px) {\r\n.yoajm69ef66a5d1fa7 {\r\ndisplay: block;\r\n}\r\n}\r\n@media screen and (min-width: 769px) and (max-width: 992px) {\r\n.yoajm69ef66a5d1fa7 {\r\ndisplay: block;\r\n}\r\n}\r\n@media screen and (min-width: 768px) and (max-width: 768px) {\r\n.yoajm69ef66a5d1fa7 {\r\ndisplay: none;\r\n}\r\n}\r\n@media screen and (max-width: 767px) {\r\n.yoajm69ef66a5d1fa7 {\r\ndisplay: none;\r\n}\r\n}\r\n<\/style>\r\n\n\n\n\n<p>Os autores moveram, contudo, mais uma contesta\u00e7\u00e3o, por meio de embargos de declara\u00e7\u00e3o, sob o argumento de que o STJ, ao vedar a fixa\u00e7\u00e3o do vencimento b\u00e1sico em valor inferior ao piso nacional, registrou sua n\u00e3o incid\u00eancia autom\u00e1tica no restante da carreira, ressalvando os casos em que houver previs\u00e3o nesse sentido na legisla\u00e7\u00e3o local aplic\u00e1vel (Tema 911).<\/p>\n\n\n\n<p>\u201cNo caso em debate, embora entenda que a pretens\u00e3o real do Embargante \u00e9 de rediscutir o tema j\u00e1 julgado, ressalto que os Ac\u00f3rd\u00e3os usados pelo Embargante como paradigma, ressalvam a incid\u00eancia do piso apenas sobre as promo\u00e7\u00f5es e progress\u00f5es j\u00e1 realizadas e n\u00e3o sobre toda a carreira\u201d, refor\u00e7a o relator.<\/p>\n\n\n\n<p>A decis\u00e3o, desta forma, tamb\u00e9m ressaltou que um julgador n\u00e3o est\u00e1 obrigado a se pronunciar sobre todos os argumentos e fundamentos sustentados pelas partes, sendo suficiente a fundamenta\u00e7\u00e3o clara e correta sobre o entendimento que lhe parece o mais acertado, n\u00e3o se prestando, a via eleita (embargos), para rediscutir mat\u00e9ria j\u00e1 decidida.<\/p>\n","protected":false},"excerpt":{"rendered":"<p>Os desembargadores da 2\u00aa Turma da 3\u00aa C\u00e2mara C\u00edvel do TJRN mantiveram o que foi decidido, em primeira inst\u00e2ncia, pela 4\u00aa Vara da Fazenda P\u00fablica da Comarca de Natal, que indeferiu o pedido de servidores da Educa\u00e7\u00e3o estadual e entendeu que o pleito buscado assegura apenas a manuten\u00e7\u00e3o das promo\u00e7\u00f5es e progress\u00f5es j\u00e1 aperfei\u00e7oadas, sem<br \/><a class=\"more-link\" href=\"https:\/\/justicapotiguar.com.br\/index.php\/2023\/05\/30\/movimentacoes-na-carreira-ja-efetivadas-e-previstas-em-leis-anteriores-devem-ser-mantidas-em-natal\/\">Mais&#8230;<\/a><\/p>\n","protected":false},"author":5,"featured_media":0,"comment_status":"open","ping_status":"open","sticky":false,"template":"","format":"standard","meta":[],"categories":[1],"tags":[],"_links":{"self":[{"href":"https:\/\/justicapotiguar.com.br\/index.php\/wp-json\/wp\/v2\/posts\/32080"}],"collection":[{"href":"https:\/\/justicapotiguar.com.br\/index.php\/wp-json\/wp\/v2\/posts"}],"about":[{"href":"https:\/\/justicapotiguar.com.br\/index.php\/wp-json\/wp\/v2\/types\/post"}],"author":[{"embeddable":true,"href":"https:\/\/justicapotiguar.com.br\/index.php\/wp-json\/wp\/v2\/users\/5"}],"replies":[{"embeddable":true,"href":"https:\/\/justicapotiguar.com.br\/index.php\/wp-json\/wp\/v2\/comments?post=32080"}],"version-history":[{"count":1,"href":"https:\/\/justicapotiguar.com.br\/index.php\/wp-json\/wp\/v2\/posts\/32080\/revisions"}],"predecessor-version":[{"id":32081,"href":"https:\/\/justicapotiguar.com.br\/index.php\/wp-json\/wp\/v2\/posts\/32080\/revisions\/32081"}],"wp:attachment":[{"href":"https:\/\/justicapotiguar.com.br\/index.php\/wp-json\/wp\/v2\/media?parent=32080"}],"wp:term":[{"taxonomy":"category","embeddable":true,"href":"https:\/\/justicapotiguar.com.br\/index.php\/wp-json\/wp\/v2\/categories?post=32080"},{"taxonomy":"post_tag","embeddable":true,"href":"https:\/\/justicapotiguar.com.br\/index.php\/wp-json\/wp\/v2\/tags?post=32080"}],"curies":[{"name":"wp","href":"https:\/\/api.w.org\/{rel}","templated":true}]}}