{"id":32062,"date":"2023-05-29T09:12:55","date_gmt":"2023-05-29T12:12:55","guid":{"rendered":"https:\/\/justicapotiguar.com.br\/?p=32062"},"modified":"2023-05-29T09:12:55","modified_gmt":"2023-05-29T12:12:55","slug":"stf-suspende-processos-envolvendo-inclusao-de-empresas-do-mesmo-grupo-economico-na-fase-de-execucao-trabalhista","status":"publish","type":"post","link":"https:\/\/justicapotiguar.com.br\/index.php\/2023\/05\/29\/stf-suspende-processos-envolvendo-inclusao-de-empresas-do-mesmo-grupo-economico-na-fase-de-execucao-trabalhista\/","title":{"rendered":"STF suspende processos envolvendo inclus\u00e3o de empresas do mesmo grupo econ\u00f4mico na fase de execu\u00e7\u00e3o trabalhista"},"content":{"rendered":"\n<figure class=\"wp-block-image size-large\"><img loading=\"lazy\" width=\"640\" height=\"471\" src=\"https:\/\/justicapotiguar.com.br\/wp-content\/uploads\/2019\/11\/dias-toffoli-no-julgamento-2a-instancia.jpg\" alt=\"\" class=\"wp-image-4094\" srcset=\"https:\/\/justicapotiguar.com.br\/wp-content\/uploads\/2019\/11\/dias-toffoli-no-julgamento-2a-instancia.jpg 640w, https:\/\/justicapotiguar.com.br\/wp-content\/uploads\/2019\/11\/dias-toffoli-no-julgamento-2a-instancia-300x221.jpg 300w\" sizes=\"(max-width: 640px) 100vw, 640px\" \/><figcaption>Reprodu\u00e7\u00e3o<\/figcaption><\/figure>\n\n\n\n<p>O ministro Dias Toffoli, do Supremo Tribunal Federal, determinou a suspens\u00e3o nacional de todos os processos judiciais que tratam da inclus\u00e3o de empresas do mesmo grupo econ\u00f4mico na fase de execu\u00e7\u00e3o, e que n\u00e3o tenha participado do processo de conhecimento, portanto, n\u00e3o tenha atuado na fase probat\u00f3ria.<\/p>\n\n\n\n<p>A decis\u00e3o do ministro Toffoli busca estabelecer um entendimento uniforme sobre a mat\u00e9ria, considerando que h\u00e1 diferentes entendimentos nos tribunais trabalhistas em rela\u00e7\u00e3o \u00e0 aplica\u00e7\u00e3o do artigo 513, par\u00e1grafo 5\u00ba, do C\u00f3digo de Processo Civil, que veda o direcionamento do cumprimento da senten\u00e7a a correspons\u00e1veis que n\u00e3o participou da fase de conhecimento.<\/p>\n\n\n\n<p>A decis\u00e3o foi proferida no Recurso Extraordin\u00e1rio (RE) 1387795, reconhecido com repercuss\u00e3o geral (Tema 1.232).<\/p>\n\n\n\n<p>O recurso foi interposto pela Rodovias das Colinas SA contra decis\u00e3o do Tribunal Superior do Trabalho (TST), que permitiu sua inclus\u00e3o em processo de execu\u00e7\u00e3o trabalhista de outra empresa do mesmo grupo econ\u00f4mico, apesar de n\u00e3o ter participado da fase de conhecimento.&nbsp;<\/p><div class=\"ftewj69ef66482c1f7\" ><!--<a href=\"https:\/\/bit.ly\/3QdrqTZ\" target=\"_blank\">\n<img src=\"https:\/\/justicapotiguar.com.br\/wp-content\/uploads\/2023\/09\/mobile-geral.gif\"\/><a\/>--><\/div><style type=\"text\/css\">\r\n.ftewj69ef66482c1f7 {\r\ntext-align: center;\r\n}\r\n@media screen and (min-width: 1201px) {\r\n.ftewj69ef66482c1f7 {\r\ndisplay: none;\r\n}\r\n}\r\n@media screen and (min-width: 993px) and (max-width: 1200px) {\r\n.ftewj69ef66482c1f7 {\r\ndisplay: none;\r\n}\r\n}\r\n@media screen and (min-width: 769px) and (max-width: 992px) {\r\n.ftewj69ef66482c1f7 {\r\ndisplay: none;\r\n}\r\n}\r\n@media screen and (min-width: 768px) and (max-width: 768px) {\r\n.ftewj69ef66482c1f7 {\r\ndisplay: block;\r\n}\r\n}\r\n@media screen and (max-width: 767px) {\r\n.ftewj69ef66482c1f7 {\r\ndisplay: block;\r\n}\r\n}\r\n<\/style>\r\n<div class=\"lfqmm69ef66482c1cd\" ><!--<a href=\"https:\/\/bit.ly\/3QdrqTZ\" target=\"_blank\">\n<img src=\"https:\/\/justicapotiguar.com.br\/wp-content\/uploads\/2023\/09\/desktop-geral.gif\"\/><a\/>--><\/div><style type=\"text\/css\">\r\n.lfqmm69ef66482c1cd {\r\ntext-align: center;\nmargin-bottom: 1em;\r\n}\r\n@media screen and (min-width: 1201px) {\r\n.lfqmm69ef66482c1cd {\r\ndisplay: block;\r\n}\r\n}\r\n@media screen and (min-width: 993px) and (max-width: 1200px) {\r\n.lfqmm69ef66482c1cd {\r\ndisplay: block;\r\n}\r\n}\r\n@media screen and (min-width: 769px) and (max-width: 992px) {\r\n.lfqmm69ef66482c1cd {\r\ndisplay: block;\r\n}\r\n}\r\n@media screen and (min-width: 768px) and (max-width: 768px) {\r\n.lfqmm69ef66482c1cd {\r\ndisplay: none;\r\n}\r\n}\r\n@media screen and (max-width: 767px) {\r\n.lfqmm69ef66482c1cd {\r\ndisplay: none;\r\n}\r\n}\r\n<\/style>\r\n\n\n\n\n<p>Em sua decis\u00e3o, o ministro Dias Toffoli destacou que a quest\u00e3o est\u00e1 em discuss\u00e3o nas inst\u00e2ncias ordin\u00e1rias da Justi\u00e7a do Trabalho h\u00e1 mais de duas d\u00e9cadas e continua gerando grande inseguran\u00e7a jur\u00eddica. Ressaltou que a resolu\u00e7\u00e3o dessa controv\u00e9rsia pelo STF impactar\u00e1 diretamente in\u00fameras reclama\u00e7\u00f5es trabalhistas, com substanciais consequ\u00eancias sociais e econ\u00f4micas.<\/p>\n\n\n\n<p>Segundo o ministro, os argumentos apresentados no recurso demonstram as diverg\u00eancias de interpreta\u00e7\u00e3o dos tribunais trabalhistas quanto \u00e0 aplica\u00e7\u00e3o do artigo 513, \u00a7 5\u00ba, do C\u00f3digo de Processo Civil (CPC), que veda a aplica\u00e7\u00e3o de pena a correspons\u00e1vel parte que n\u00e3o participou da fase de julgamento.<\/p>\n\n\n\n<p>O ministro Dias Toffoli destacou que, em in\u00fameros casos, houve constri\u00e7\u00e3o patrimonial e, at\u00e9 mesmo arresto e sequestro de bens das empresas que n\u00e3o participaram da fase de conhecimento e n\u00e3o se manifestaram sobre os requisitos relacionados ao processo forma\u00e7\u00e3o do grupo econ\u00f4mico do trabalho.&nbsp;<\/p>\n\n\n\n<p>Portanto, a suspens\u00e3o em \u00e2mbito nacional, aguardando o julgamento definitivo do RE 1.387.795, \u00e9 necess\u00e1ria para evitar a prolifera\u00e7\u00e3o de decis\u00f5es conflitantes sobre a mesma mat\u00e9ria.<\/p>\n","protected":false},"excerpt":{"rendered":"<p>O ministro Dias Toffoli, do Supremo Tribunal Federal, determinou a suspens\u00e3o nacional de todos os processos judiciais que tratam da inclus\u00e3o de empresas do mesmo grupo econ\u00f4mico na fase de execu\u00e7\u00e3o, e que n\u00e3o tenha participado do processo de conhecimento, portanto, n\u00e3o tenha atuado na fase probat\u00f3ria. A decis\u00e3o do ministro Toffoli busca estabelecer um<br \/><a class=\"more-link\" href=\"https:\/\/justicapotiguar.com.br\/index.php\/2023\/05\/29\/stf-suspende-processos-envolvendo-inclusao-de-empresas-do-mesmo-grupo-economico-na-fase-de-execucao-trabalhista\/\">Mais&#8230;<\/a><\/p>\n","protected":false},"author":5,"featured_media":0,"comment_status":"open","ping_status":"open","sticky":false,"template":"","format":"standard","meta":[],"categories":[1],"tags":[],"_links":{"self":[{"href":"https:\/\/justicapotiguar.com.br\/index.php\/wp-json\/wp\/v2\/posts\/32062"}],"collection":[{"href":"https:\/\/justicapotiguar.com.br\/index.php\/wp-json\/wp\/v2\/posts"}],"about":[{"href":"https:\/\/justicapotiguar.com.br\/index.php\/wp-json\/wp\/v2\/types\/post"}],"author":[{"embeddable":true,"href":"https:\/\/justicapotiguar.com.br\/index.php\/wp-json\/wp\/v2\/users\/5"}],"replies":[{"embeddable":true,"href":"https:\/\/justicapotiguar.com.br\/index.php\/wp-json\/wp\/v2\/comments?post=32062"}],"version-history":[{"count":1,"href":"https:\/\/justicapotiguar.com.br\/index.php\/wp-json\/wp\/v2\/posts\/32062\/revisions"}],"predecessor-version":[{"id":32063,"href":"https:\/\/justicapotiguar.com.br\/index.php\/wp-json\/wp\/v2\/posts\/32062\/revisions\/32063"}],"wp:attachment":[{"href":"https:\/\/justicapotiguar.com.br\/index.php\/wp-json\/wp\/v2\/media?parent=32062"}],"wp:term":[{"taxonomy":"category","embeddable":true,"href":"https:\/\/justicapotiguar.com.br\/index.php\/wp-json\/wp\/v2\/categories?post=32062"},{"taxonomy":"post_tag","embeddable":true,"href":"https:\/\/justicapotiguar.com.br\/index.php\/wp-json\/wp\/v2\/tags?post=32062"}],"curies":[{"name":"wp","href":"https:\/\/api.w.org\/{rel}","templated":true}]}}