{"id":32059,"date":"2023-05-29T09:30:00","date_gmt":"2023-05-29T12:30:00","guid":{"rendered":"https:\/\/justicapotiguar.com.br\/?p=32059"},"modified":"2023-05-29T09:29:02","modified_gmt":"2023-05-29T12:29:02","slug":"cejusc-de-mossoro-faz-acordo-de-r-10-milhoes-durante-semana-de-conciliacao","status":"publish","type":"post","link":"https:\/\/justicapotiguar.com.br\/index.php\/2023\/05\/29\/cejusc-de-mossoro-faz-acordo-de-r-10-milhoes-durante-semana-de-conciliacao\/","title":{"rendered":"Cejusc de Mossor\u00f3 faz acordo de R$ 10 milh\u00f5es durante Semana de Concilia\u00e7\u00e3o"},"content":{"rendered":"\n<figure class=\"wp-block-image\"><img src=\"https:\/\/www.trt21.jus.br\/sites\/default\/files\/styles\/346x231\/public\/2023-05\/Soite%20-%20Cejusc%20de%20Mossor%C3%B3_Site.png?itok=w4dlKClJ\" alt=\"Cejusc Mossor\u00f3\"\/><\/figure>\n\n\n\n<p>Durante a Semana Nacional de Concilia\u00e7\u00e3o Trabalhista, o Cejusc de Mossor\u00f3, em audi\u00eancia realizada nesta quarta-feira (24), homologou acordo no valor total de R$ 10 milh\u00f5es. A audi\u00eancia foi coordenada pelo juiz Magno Kleiber Maia.<\/p>\n\n\n\n<p>O processo (0000203-21.2020.5.21.0011) \u00e9 uma a\u00e7\u00e3o que tem como partes o Sindicato dos Trabalhadores em Laborat\u00f3rios e An\u00e1lises Cl\u00ednicas, Casas e Cooperativas de Sa\u00fade, Hospitais Particulares e dos T\u00e9cnicos em Radiologia de Mossor\u00f3 e Associa\u00e7\u00e3o de Assist\u00eancia e Prote\u00e7\u00e3o \u00e0 Maternidade e \u00e0 Inf\u00e2ncia de Mossor\u00f3.<\/p>\n\n\n\n<p>A a\u00e7\u00e3o tinha como objetivo principal o pagamento de adicional de insalubridade.<\/p>\n\n\n\n<p>A Semana Nacional da Concilia\u00e7\u00e3o Trabalhista do TRT-RN j\u00e1 garantiu uma movimenta\u00e7\u00e3o de 20 &nbsp;milh\u00f5es de reais.<\/p><div class=\"cxyfa69ef6648a92ba\" ><!--<a href=\"https:\/\/bit.ly\/3QdrqTZ\" target=\"_blank\">\n<img src=\"https:\/\/justicapotiguar.com.br\/wp-content\/uploads\/2023\/09\/mobile-geral.gif\"\/><a\/>--><\/div><style type=\"text\/css\">\r\n.cxyfa69ef6648a92ba {\r\ntext-align: center;\r\n}\r\n@media screen and (min-width: 1201px) {\r\n.cxyfa69ef6648a92ba {\r\ndisplay: none;\r\n}\r\n}\r\n@media screen and (min-width: 993px) and (max-width: 1200px) {\r\n.cxyfa69ef6648a92ba {\r\ndisplay: none;\r\n}\r\n}\r\n@media screen and (min-width: 769px) and (max-width: 992px) {\r\n.cxyfa69ef6648a92ba {\r\ndisplay: none;\r\n}\r\n}\r\n@media screen and (min-width: 768px) and (max-width: 768px) {\r\n.cxyfa69ef6648a92ba {\r\ndisplay: block;\r\n}\r\n}\r\n@media screen and (max-width: 767px) {\r\n.cxyfa69ef6648a92ba {\r\ndisplay: block;\r\n}\r\n}\r\n<\/style>\r\n<div class=\"qqxhd69ef6648a929a\" ><!--<a href=\"https:\/\/bit.ly\/3QdrqTZ\" target=\"_blank\">\n<img src=\"https:\/\/justicapotiguar.com.br\/wp-content\/uploads\/2023\/09\/desktop-geral.gif\"\/><a\/>--><\/div><style type=\"text\/css\">\r\n.qqxhd69ef6648a929a {\r\ntext-align: center;\nmargin-bottom: 1em;\r\n}\r\n@media screen and (min-width: 1201px) {\r\n.qqxhd69ef6648a929a {\r\ndisplay: block;\r\n}\r\n}\r\n@media screen and (min-width: 993px) and (max-width: 1200px) {\r\n.qqxhd69ef6648a929a {\r\ndisplay: block;\r\n}\r\n}\r\n@media screen and (min-width: 769px) and (max-width: 992px) {\r\n.qqxhd69ef6648a929a {\r\ndisplay: block;\r\n}\r\n}\r\n@media screen and (min-width: 768px) and (max-width: 768px) {\r\n.qqxhd69ef6648a929a {\r\ndisplay: none;\r\n}\r\n}\r\n@media screen and (max-width: 767px) {\r\n.qqxhd69ef6648a929a {\r\ndisplay: none;\r\n}\r\n}\r\n<\/style>\r\n\n\n\n\n<p>Foram realizadas 815 audi\u00eancias na capital e interior do estado que geraram 285 concilia\u00e7\u00f5es, com pagamentos de cerca de R$ 18 milh\u00f5es para os trabalhadores.<\/p>\n\n\n\n<p>Houve ainda uma arrecada\u00e7\u00e3o para o Imposto de Renda no valor de R$ 1,4 milh\u00e3o e cerca de R$ 1,1 milh\u00e3o para a Previd\u00eancia Social.<\/p>\n\n\n\n<p>O resultado colocou o TRT-RN na posi\u00e7\u00e3o Bronze do ranking do Conselho Superior da Justi\u00e7a do Trabalho para a Semana, na categoria \u201cTribunais de Pequeno Porte\u201d.<\/p>\n\n\n\n<p>Neste ano, houve mais de 400 pedidos de inclus\u00e3o de processos em pauta nas unidades judici\u00e1rias de 1\u00aa e 2\u00aa inst\u00e2ncias e os interessados podem continuar entrando em contato com as Varas do Trabalho nas quais tramitam as a\u00e7\u00f5es ou com os Centros Judici\u00e1rios de M\u00e9todos Consensuais de Solu\u00e7\u00e3o de Disputas, de Natal ou Mossor\u00f3.<\/p>\n","protected":false},"excerpt":{"rendered":"<p>Durante a Semana Nacional de Concilia\u00e7\u00e3o Trabalhista, o Cejusc de Mossor\u00f3, em audi\u00eancia realizada nesta quarta-feira (24), homologou acordo no valor total de R$ 10 milh\u00f5es. A audi\u00eancia foi coordenada pelo juiz Magno Kleiber Maia. O processo (0000203-21.2020.5.21.0011) \u00e9 uma a\u00e7\u00e3o que tem como partes o Sindicato dos Trabalhadores em Laborat\u00f3rios e An\u00e1lises Cl\u00ednicas, Casas<br \/><a class=\"more-link\" href=\"https:\/\/justicapotiguar.com.br\/index.php\/2023\/05\/29\/cejusc-de-mossoro-faz-acordo-de-r-10-milhoes-durante-semana-de-conciliacao\/\">Mais&#8230;<\/a><\/p>\n","protected":false},"author":5,"featured_media":0,"comment_status":"open","ping_status":"open","sticky":false,"template":"","format":"standard","meta":[],"categories":[1],"tags":[],"_links":{"self":[{"href":"https:\/\/justicapotiguar.com.br\/index.php\/wp-json\/wp\/v2\/posts\/32059"}],"collection":[{"href":"https:\/\/justicapotiguar.com.br\/index.php\/wp-json\/wp\/v2\/posts"}],"about":[{"href":"https:\/\/justicapotiguar.com.br\/index.php\/wp-json\/wp\/v2\/types\/post"}],"author":[{"embeddable":true,"href":"https:\/\/justicapotiguar.com.br\/index.php\/wp-json\/wp\/v2\/users\/5"}],"replies":[{"embeddable":true,"href":"https:\/\/justicapotiguar.com.br\/index.php\/wp-json\/wp\/v2\/comments?post=32059"}],"version-history":[{"count":1,"href":"https:\/\/justicapotiguar.com.br\/index.php\/wp-json\/wp\/v2\/posts\/32059\/revisions"}],"predecessor-version":[{"id":32060,"href":"https:\/\/justicapotiguar.com.br\/index.php\/wp-json\/wp\/v2\/posts\/32059\/revisions\/32060"}],"wp:attachment":[{"href":"https:\/\/justicapotiguar.com.br\/index.php\/wp-json\/wp\/v2\/media?parent=32059"}],"wp:term":[{"taxonomy":"category","embeddable":true,"href":"https:\/\/justicapotiguar.com.br\/index.php\/wp-json\/wp\/v2\/categories?post=32059"},{"taxonomy":"post_tag","embeddable":true,"href":"https:\/\/justicapotiguar.com.br\/index.php\/wp-json\/wp\/v2\/tags?post=32059"}],"curies":[{"name":"wp","href":"https:\/\/api.w.org\/{rel}","templated":true}]}}