{"id":32057,"date":"2023-05-29T08:18:00","date_gmt":"2023-05-29T11:18:00","guid":{"rendered":"https:\/\/justicapotiguar.com.br\/?p=32057"},"modified":"2023-05-28T23:22:39","modified_gmt":"2023-05-29T02:22:39","slug":"e-inconstitucional-trecho-de-lei-que-regulamenta-sistema-de-mototaxi-em-ceara-mirim","status":"publish","type":"post","link":"https:\/\/justicapotiguar.com.br\/index.php\/2023\/05\/29\/e-inconstitucional-trecho-de-lei-que-regulamenta-sistema-de-mototaxi-em-ceara-mirim\/","title":{"rendered":"\u00c9 inconstitucional trecho de lei que regulamenta sistema de motot\u00e1xi em Cear\u00e1 Mirim"},"content":{"rendered":"\n<figure class=\"wp-block-image size-large\"><img loading=\"lazy\" width=\"680\" height=\"453\" src=\"https:\/\/justicapotiguar.com.br\/wp-content\/uploads\/2020\/02\/7C8163807106C5849F8982CC3EB5201C7C16_homem-moto.jpg\" alt=\"\" class=\"wp-image-6557\" srcset=\"https:\/\/justicapotiguar.com.br\/wp-content\/uploads\/2020\/02\/7C8163807106C5849F8982CC3EB5201C7C16_homem-moto.jpg 680w, https:\/\/justicapotiguar.com.br\/wp-content\/uploads\/2020\/02\/7C8163807106C5849F8982CC3EB5201C7C16_homem-moto-300x200.jpg 300w\" sizes=\"(max-width: 680px) 100vw, 680px\" \/><figcaption>Ilustrativa<\/figcaption><\/figure>\n\n\n\n<p>O Tribunal Pleno do TJRN julgou como procedente o pedido de inconstitucionalidade do par\u00e1grafo 9\u00ba do artigo 4\u00ba e do artigo 8\u00ba da lei municipal n\u00ba 1.688\/2015, do munic\u00edpio de Cear\u00e1 Mirim, alterada pela lei municipal n\u00b0 1.941\/2019, que regulamenta o sistema de transporte e presta\u00e7\u00e3o de servi\u00e7os, atrav\u00e9s de motocicletas, denominado motot\u00e1xi. Conforme o julgamento, os dispositivos afrontam os artigos 26 e 111 da Constitui\u00e7\u00e3o Estadual, ao restringirem o n\u00famero de permiss\u00f5es, sem adotar crit\u00e9rios imparciais para a escolha dos motoristas habilitados, incorrendo em n\u00edtida viola\u00e7\u00e3o aos princ\u00edpios constitucionais da impessoalidade e isonomia.<\/p>\n\n\n\n<p>A A\u00e7\u00e3o Direta de Inconstitucionalidade foi movida pela Procuradoria-Geral de Justi\u00e7a Adjunta do Estado, que tamb\u00e9m destacou que a Lei afronta aos princ\u00edpios do exerc\u00edcio da livre iniciativa e da livre concorr\u00eancia.<\/p>\n\n\n\n<p>A decis\u00e3o destacou que, por um lado, caberia \u00e0 administra\u00e7\u00e3o controlar os destinat\u00e1rios das autoriza\u00e7\u00f5es, que concorressem, contudo, de maneira equ\u00e2nime e impessoal, sem favoritismos, pelo que, ao n\u00e3o existir qualquer procedimento licitat\u00f3rio, como crit\u00e9rio de escolha dos motoristas habilitados, mas restri\u00e7\u00e3o do n\u00famero de autoriza\u00e7\u00f5es, tal como descreve o artigo 8\u00ba (inicialmente 300 mototaxistas, havendo aumento de 1 permiss\u00e3o para cada 241 novos habitantes), o dispositivo legal incorre em viola\u00e7\u00e3o aos princ\u00edpios da impessoalidade e isonomia.<\/p><div class=\"rdovh69ef66a552590\" ><!--<a href=\"https:\/\/bit.ly\/3QdrqTZ\" target=\"_blank\">\n<img src=\"https:\/\/justicapotiguar.com.br\/wp-content\/uploads\/2023\/09\/mobile-geral.gif\"\/><a\/>--><\/div><style type=\"text\/css\">\r\n.rdovh69ef66a552590 {\r\ntext-align: center;\r\n}\r\n@media screen and (min-width: 1201px) {\r\n.rdovh69ef66a552590 {\r\ndisplay: none;\r\n}\r\n}\r\n@media screen and (min-width: 993px) and (max-width: 1200px) {\r\n.rdovh69ef66a552590 {\r\ndisplay: none;\r\n}\r\n}\r\n@media screen and (min-width: 769px) and (max-width: 992px) {\r\n.rdovh69ef66a552590 {\r\ndisplay: none;\r\n}\r\n}\r\n@media screen and (min-width: 768px) and (max-width: 768px) {\r\n.rdovh69ef66a552590 {\r\ndisplay: block;\r\n}\r\n}\r\n@media screen and (max-width: 767px) {\r\n.rdovh69ef66a552590 {\r\ndisplay: block;\r\n}\r\n}\r\n<\/style>\r\n<div class=\"pwcdl69ef66a552576\" ><!--<a href=\"https:\/\/bit.ly\/3QdrqTZ\" target=\"_blank\">\n<img src=\"https:\/\/justicapotiguar.com.br\/wp-content\/uploads\/2023\/09\/desktop-geral.gif\"\/><a\/>--><\/div><style type=\"text\/css\">\r\n.pwcdl69ef66a552576 {\r\ntext-align: center;\nmargin-bottom: 1em;\r\n}\r\n@media screen and (min-width: 1201px) {\r\n.pwcdl69ef66a552576 {\r\ndisplay: block;\r\n}\r\n}\r\n@media screen and (min-width: 993px) and (max-width: 1200px) {\r\n.pwcdl69ef66a552576 {\r\ndisplay: block;\r\n}\r\n}\r\n@media screen and (min-width: 769px) and (max-width: 992px) {\r\n.pwcdl69ef66a552576 {\r\ndisplay: block;\r\n}\r\n}\r\n@media screen and (min-width: 768px) and (max-width: 768px) {\r\n.pwcdl69ef66a552576 {\r\ndisplay: none;\r\n}\r\n}\r\n@media screen and (max-width: 767px) {\r\n.pwcdl69ef66a552576 {\r\ndisplay: none;\r\n}\r\n}\r\n<\/style>\r\n\n\n\n\n<p>O julgamento tamb\u00e9m ressaltou que o pr\u00f3prio Supremo Tribunal Federal, no julgamento do no RE n\u00ba 1.054.110\/SP, sob o regime de repercuss\u00e3o geral &#8211; Tema n\u00ba 967, fixou a tese envolvendo o transporte individual de passageiros, delimitando o exerc\u00edcio da atividade legislativa de Munic\u00edpios e Estado sobre tema cuja compet\u00eancia para edi\u00e7\u00e3o de normas gerais \u00e9 prioritariamente da Uni\u00e3o.<\/p>\n\n\n\n<p>Segundo o dispositivo, no exerc\u00edcio de sua compet\u00eancia para regulamenta\u00e7\u00e3o e fiscaliza\u00e7\u00e3o do transporte privado individual de passageiros, os Munic\u00edpios e o Distrito Federal n\u00e3o podem contrariar os par\u00e2metros fixados pelo legislador federal e que a proibi\u00e7\u00e3o ou restri\u00e7\u00e3o da atividade de transporte individual \u201c\u00e9 inconstitucional, por viola\u00e7\u00e3o aos princ\u00edpios da livre iniciativa e da livre concorr\u00eancia\u201d .<\/p>\n\n\n\n<p><strong>(A\u00e7\u00e3o Direta de Inconstitucionalidade n\u00b0 0811893-54.2022.8.20.0000)<\/strong><\/p>\n","protected":false},"excerpt":{"rendered":"<p>O Tribunal Pleno do TJRN julgou como procedente o pedido de inconstitucionalidade do par\u00e1grafo 9\u00ba do artigo 4\u00ba e do artigo 8\u00ba da lei municipal n\u00ba 1.688\/2015, do munic\u00edpio de Cear\u00e1 Mirim, alterada pela lei municipal n\u00b0 1.941\/2019, que regulamenta o sistema de transporte e presta\u00e7\u00e3o de servi\u00e7os, atrav\u00e9s de motocicletas, denominado motot\u00e1xi. Conforme o<br \/><a class=\"more-link\" href=\"https:\/\/justicapotiguar.com.br\/index.php\/2023\/05\/29\/e-inconstitucional-trecho-de-lei-que-regulamenta-sistema-de-mototaxi-em-ceara-mirim\/\">Mais&#8230;<\/a><\/p>\n","protected":false},"author":5,"featured_media":0,"comment_status":"open","ping_status":"open","sticky":false,"template":"","format":"standard","meta":[],"categories":[1],"tags":[],"_links":{"self":[{"href":"https:\/\/justicapotiguar.com.br\/index.php\/wp-json\/wp\/v2\/posts\/32057"}],"collection":[{"href":"https:\/\/justicapotiguar.com.br\/index.php\/wp-json\/wp\/v2\/posts"}],"about":[{"href":"https:\/\/justicapotiguar.com.br\/index.php\/wp-json\/wp\/v2\/types\/post"}],"author":[{"embeddable":true,"href":"https:\/\/justicapotiguar.com.br\/index.php\/wp-json\/wp\/v2\/users\/5"}],"replies":[{"embeddable":true,"href":"https:\/\/justicapotiguar.com.br\/index.php\/wp-json\/wp\/v2\/comments?post=32057"}],"version-history":[{"count":1,"href":"https:\/\/justicapotiguar.com.br\/index.php\/wp-json\/wp\/v2\/posts\/32057\/revisions"}],"predecessor-version":[{"id":32058,"href":"https:\/\/justicapotiguar.com.br\/index.php\/wp-json\/wp\/v2\/posts\/32057\/revisions\/32058"}],"wp:attachment":[{"href":"https:\/\/justicapotiguar.com.br\/index.php\/wp-json\/wp\/v2\/media?parent=32057"}],"wp:term":[{"taxonomy":"category","embeddable":true,"href":"https:\/\/justicapotiguar.com.br\/index.php\/wp-json\/wp\/v2\/categories?post=32057"},{"taxonomy":"post_tag","embeddable":true,"href":"https:\/\/justicapotiguar.com.br\/index.php\/wp-json\/wp\/v2\/tags?post=32057"}],"curies":[{"name":"wp","href":"https:\/\/api.w.org\/{rel}","templated":true}]}}