{"id":32051,"date":"2023-05-28T09:13:49","date_gmt":"2023-05-28T12:13:49","guid":{"rendered":"https:\/\/justicapotiguar.com.br\/?p=32051"},"modified":"2023-05-28T09:13:49","modified_gmt":"2023-05-28T12:13:49","slug":"empresario-envia-nota-e-nega-acusacao-de-golpe-em-acao-judicial-sobre-demolicao-de-chales-em-serra-de-sao-bento","status":"publish","type":"post","link":"https:\/\/justicapotiguar.com.br\/index.php\/2023\/05\/28\/empresario-envia-nota-e-nega-acusacao-de-golpe-em-acao-judicial-sobre-demolicao-de-chales-em-serra-de-sao-bento\/","title":{"rendered":"Empres\u00e1rio envia nota e nega acusa\u00e7\u00e3o de golpe em a\u00e7\u00e3o judicial sobre demoli\u00e7\u00e3o de chal\u00e9s em Serra de S\u00e3o Bento"},"content":{"rendered":"\n<figure class=\"wp-block-image size-large\"><img loading=\"lazy\" width=\"497\" height=\"1024\" src=\"https:\/\/justicapotiguar.com.br\/wp-content\/uploads\/2023\/05\/IMG-20230528-WA0002-497x1024.jpg\" alt=\"\" class=\"wp-image-32052\" srcset=\"https:\/\/justicapotiguar.com.br\/wp-content\/uploads\/2023\/05\/IMG-20230528-WA0002-497x1024.jpg 497w, https:\/\/justicapotiguar.com.br\/wp-content\/uploads\/2023\/05\/IMG-20230528-WA0002-146x300.jpg 146w, https:\/\/justicapotiguar.com.br\/wp-content\/uploads\/2023\/05\/IMG-20230528-WA0002-768x1581.jpg 768w, https:\/\/justicapotiguar.com.br\/wp-content\/uploads\/2023\/05\/IMG-20230528-WA0002-746x1536.jpg 746w, https:\/\/justicapotiguar.com.br\/wp-content\/uploads\/2023\/05\/IMG-20230528-WA0002.jpg 777w\" sizes=\"(max-width: 497px) 100vw, 497px\" \/><figcaption>Reprodu\u00e7\u00e3o<\/figcaption><\/figure>\n\n\n\n<p>O Justi\u00e7a Potiguar recebeu nota de esclarecimento empres\u00e1rio Paulo Eduardo Gomes, do Rancho Trevo, em Serra de S\u00e3o Bento, ap\u00f3s publica\u00e7\u00e3o da a\u00e7\u00e3o judicial movida pela administradora Carol Paranhos que alegou ter sido v\u00edtima de golpe em compra de lotes para constru\u00e7\u00e3o de chal\u00e9s em \u00e1rea reservada para linhas de transmiss\u00e3o de energia e\u00f3lica que acarretou a demoli\u00e7\u00e3o das constru\u00e7\u00f5es em estado avan\u00e7ado. Confira nota na \u00edntegra <\/p>\n\n\n\n<p>NOTA ESCLARECIMENTO do Rancho Trevo e de Paulo Eduardo Gomes<\/p>\n\n\n\n<p>O propriet\u00e1rio do empreendimento Rancho Trevo, Sr. Paulo Eduardo Gomes de Melo, em resposta \u00e0 publica\u00e7\u00e3o veiculada neste canal envolvendo seu nome, vem esclarecer que o que atualmente tramita na justi\u00e7a potiguar \u00e9 uma A\u00e7\u00e3o de Constitui\u00e7\u00e3o de Servid\u00e3o Administrativa (n\u00b0 0801012-79.2022.8.20.5153) promovida pela empresa outorgada para a implanta\u00e7\u00e3o de linha de transmiss\u00e3o de energia e\u00f3lica na regi\u00e3o, na qual figura como r\u00e9u justamente em face da sua discord\u00e2ncia com a utiliza\u00e7\u00e3o da \u00e1rea na forma operada pela empresa, j\u00e1 que o processo prejudicou desde o seu in\u00edcio o funcionamento do empreendimento (pousada com restaurante), diferentemente das demais propriedades (rurais) afetadas pela passagem da mesma linha.<\/p>\n\n\n\n<p>Ao contr\u00e1rio do que consta da postagem e da acusa\u00e7\u00e3o da Sra Ana Carolina, a empresa havia garantido ao Sr. Paulo que a linha passaria sem afetar a \u00e1rea que estava sendo loteada para aliena\u00e7\u00e3o a terceiros, inclu\u00edda a Sra. Ana Carolina Paranhos, que, \u00e0 \u00e9poca desse primeiro contato, sequer havia comprado os lotes ou constru\u00eddo qualquer edifica\u00e7\u00e3o.<\/p>\n\n\n\n<p>Esta foi a \u00fanica condi\u00e7\u00e3o estabelecida pelo Sr. Paulo para concordar amigavelmente com a institui\u00e7\u00e3o da servid\u00e3o e, somente ap\u00f3s aceita, foi realizada a venda dos lotes, em 01.08.2022, conforme contrato de compra e venda juntado aos autos do referido processo.<\/p><div class=\"jqvlr69ef66482d143\" ><!--<a href=\"https:\/\/bit.ly\/3QdrqTZ\" target=\"_blank\">\n<img src=\"https:\/\/justicapotiguar.com.br\/wp-content\/uploads\/2023\/09\/mobile-geral.gif\"\/><a\/>--><\/div><style type=\"text\/css\">\r\n.jqvlr69ef66482d143 {\r\ntext-align: center;\r\n}\r\n@media screen and (min-width: 1201px) {\r\n.jqvlr69ef66482d143 {\r\ndisplay: none;\r\n}\r\n}\r\n@media screen and (min-width: 993px) and (max-width: 1200px) {\r\n.jqvlr69ef66482d143 {\r\ndisplay: none;\r\n}\r\n}\r\n@media screen and (min-width: 769px) and (max-width: 992px) {\r\n.jqvlr69ef66482d143 {\r\ndisplay: none;\r\n}\r\n}\r\n@media screen and (min-width: 768px) and (max-width: 768px) {\r\n.jqvlr69ef66482d143 {\r\ndisplay: block;\r\n}\r\n}\r\n@media screen and (max-width: 767px) {\r\n.jqvlr69ef66482d143 {\r\ndisplay: block;\r\n}\r\n}\r\n<\/style>\r\n<div class=\"raejo69ef66482d127\" ><!--<a href=\"https:\/\/bit.ly\/3QdrqTZ\" target=\"_blank\">\n<img src=\"https:\/\/justicapotiguar.com.br\/wp-content\/uploads\/2023\/09\/desktop-geral.gif\"\/><a\/>--><\/div><style type=\"text\/css\">\r\n.raejo69ef66482d127 {\r\ntext-align: center;\nmargin-bottom: 1em;\r\n}\r\n@media screen and (min-width: 1201px) {\r\n.raejo69ef66482d127 {\r\ndisplay: block;\r\n}\r\n}\r\n@media screen and (min-width: 993px) and (max-width: 1200px) {\r\n.raejo69ef66482d127 {\r\ndisplay: block;\r\n}\r\n}\r\n@media screen and (min-width: 769px) and (max-width: 992px) {\r\n.raejo69ef66482d127 {\r\ndisplay: block;\r\n}\r\n}\r\n@media screen and (min-width: 768px) and (max-width: 768px) {\r\n.raejo69ef66482d127 {\r\ndisplay: none;\r\n}\r\n}\r\n@media screen and (max-width: 767px) {\r\n.raejo69ef66482d127 {\r\ndisplay: none;\r\n}\r\n}\r\n<\/style>\r\n\n\n\n\n<p>Posteriormente \u00e0 compra e venda, no entanto, a empresa alterou de forma inesperada o tra\u00e7ado da Linha, o que, face \u00e0 veemente discord\u00e2ncia do Sr. Paulo, ocasionou a propositura da a\u00e7\u00e3o judicial em dezembro\/22.<\/p>\n\n\n\n<p>Mostra-se falaciosa, assim, a afirma\u00e7\u00e3o de que a \u00e1rea j\u00e1 estaria reservada \u00e0 passagem da linha desde 2021 com o conhecimento do Sr. Paulo, que figura como v\u00edtima dos atos da empresa tal qual a Sra. Ana Carolina, algo que est\u00e1 sendo devidamente demonstrado na respectiva a\u00e7\u00e3o judicial respeitando o contradit\u00f3rio.<\/p>\n\n\n\n<p>Revela-se leviana e temer\u00e1ria a acusa\u00e7\u00e3o de aplica\u00e7\u00e3o de &#8220;golpe&#8221; por parte do empres\u00e1rio, em especial quando (i) at\u00e9 o presente momento n\u00e3o recebeu qualquer indeniza\u00e7\u00e3o por parte da empresa, (ii) a a\u00e7\u00e3o judicial indenizat\u00f3ria supostamente movida pela Sra. Ana Carolina sequer existe e (iii) nos autos da pr\u00f3pria A\u00e7\u00e3o Institui\u00e7\u00e3o de Servid\u00e3o jamais foi tomada qualquer provid\u00eancia pela referida parte al\u00e9m do simples pedido de habilita\u00e7\u00e3o processual realizado h\u00e1 mais de setenta dias, em 13\/03\/2023.<\/p>\n\n\n\n<p>Todos os aspectos f\u00e1ticos e jur\u00eddicos que envolvem a discuss\u00e3o ser\u00e3o devidamente apurados no processo em tr\u00e2mite e o Sr. Paulo Eduardo tomar\u00e1 as medidas judiciais cab\u00edveis para a repara\u00e7\u00e3o de eventuais danos que lhe sejam causados.<\/p>\n\n\n\n<p>Natal\/RN, 27 de maio de 2023.<br>Paulo Eduardo Gomes de Melo<br>Propriet\u00e1rio do Rancho Trevo<\/p>\n","protected":false},"excerpt":{"rendered":"<p>O Justi\u00e7a Potiguar recebeu nota de esclarecimento empres\u00e1rio Paulo Eduardo Gomes, do Rancho Trevo, em Serra de S\u00e3o Bento, ap\u00f3s publica\u00e7\u00e3o da a\u00e7\u00e3o judicial movida pela administradora Carol Paranhos que alegou ter sido v\u00edtima de golpe em compra de lotes para constru\u00e7\u00e3o de chal\u00e9s em \u00e1rea reservada para linhas de transmiss\u00e3o de energia e\u00f3lica que<br \/><a class=\"more-link\" href=\"https:\/\/justicapotiguar.com.br\/index.php\/2023\/05\/28\/empresario-envia-nota-e-nega-acusacao-de-golpe-em-acao-judicial-sobre-demolicao-de-chales-em-serra-de-sao-bento\/\">Mais&#8230;<\/a><\/p>\n","protected":false},"author":5,"featured_media":0,"comment_status":"open","ping_status":"open","sticky":false,"template":"","format":"standard","meta":[],"categories":[1],"tags":[],"_links":{"self":[{"href":"https:\/\/justicapotiguar.com.br\/index.php\/wp-json\/wp\/v2\/posts\/32051"}],"collection":[{"href":"https:\/\/justicapotiguar.com.br\/index.php\/wp-json\/wp\/v2\/posts"}],"about":[{"href":"https:\/\/justicapotiguar.com.br\/index.php\/wp-json\/wp\/v2\/types\/post"}],"author":[{"embeddable":true,"href":"https:\/\/justicapotiguar.com.br\/index.php\/wp-json\/wp\/v2\/users\/5"}],"replies":[{"embeddable":true,"href":"https:\/\/justicapotiguar.com.br\/index.php\/wp-json\/wp\/v2\/comments?post=32051"}],"version-history":[{"count":1,"href":"https:\/\/justicapotiguar.com.br\/index.php\/wp-json\/wp\/v2\/posts\/32051\/revisions"}],"predecessor-version":[{"id":32053,"href":"https:\/\/justicapotiguar.com.br\/index.php\/wp-json\/wp\/v2\/posts\/32051\/revisions\/32053"}],"wp:attachment":[{"href":"https:\/\/justicapotiguar.com.br\/index.php\/wp-json\/wp\/v2\/media?parent=32051"}],"wp:term":[{"taxonomy":"category","embeddable":true,"href":"https:\/\/justicapotiguar.com.br\/index.php\/wp-json\/wp\/v2\/categories?post=32051"},{"taxonomy":"post_tag","embeddable":true,"href":"https:\/\/justicapotiguar.com.br\/index.php\/wp-json\/wp\/v2\/tags?post=32051"}],"curies":[{"name":"wp","href":"https:\/\/api.w.org\/{rel}","templated":true}]}}