{"id":32047,"date":"2023-05-27T13:10:28","date_gmt":"2023-05-27T16:10:28","guid":{"rendered":"https:\/\/justicapotiguar.com.br\/?p=32047"},"modified":"2023-05-27T13:10:28","modified_gmt":"2023-05-27T16:10:28","slug":"comerciante-que-teve-imovel-atingido-por-explosao-de-caixas-eletronicos-sera-indenizada-no-rn","status":"publish","type":"post","link":"https:\/\/justicapotiguar.com.br\/index.php\/2023\/05\/27\/comerciante-que-teve-imovel-atingido-por-explosao-de-caixas-eletronicos-sera-indenizada-no-rn\/","title":{"rendered":"Comerciante que teve im\u00f3vel atingido por explos\u00e3o de caixas eletr\u00f4nicos ser\u00e1 indenizada no RN"},"content":{"rendered":"\n<p>Mantida, pela 2a C\u00e2mara C\u00edvel do TJRN, senten\u00e7a que determinou ao Banco do Brasil pagar indeniza\u00e7\u00e3o por danos materiais a uma comerciante no valor de R$ 11.963,33 e uma indeniza\u00e7\u00e3o por danos morais no valor R$ 10 mil, em virtude de preju\u00edzos causados na parede do seu com\u00e9rcio (rachaduras), vizinho a uma ag\u00eancia da institui\u00e7\u00e3o financeira federal, ap\u00f3s esta sofrer explos\u00e3o em caixas eletr\u00f4nicos ali instalados.<\/p>\n\n\n\n<p>Quando ingressou com a\u00e7\u00e3o judicial perante a Comarca de Pedro Velho, a autora afirmou nos autos ser propriet\u00e1ria de uma lanchonete anexa a sua resid\u00eancia, e que, ao lado do seu com\u00e9rcio, localizavam-se dois terminais de caixa eletr\u00f4nicos, em um im\u00f3vel alugado ao Banco do Brasil.<\/p>\n\n\n\n<p>Afirmou que, em 30 de outubro de 2015, por volta de 1h40, os caixas eletr\u00f4nicos foram explodidos pela a\u00e7\u00e3o de bandidos armados, explos\u00e3o esta que tamb\u00e9m destruiu a casa onde ela mora, seu com\u00e9rcio e seu autom\u00f3vel Gol, al\u00e9m de ter destru\u00eddo o batalh\u00e3o da Pol\u00edcia Militar.<\/p>\n\n\n\n<p>Contou que, ao procurar o gerente da ag\u00eancia do Banco do Brasil de Goianinha, este a orientou a relacionar todo seu preju\u00edzo material, que seria reparado pelo banco, inclusive com a reforma do im\u00f3vel dela e fam\u00edlia, al\u00e9m de alugar um im\u00f3vel para possibilitar a reforma, orientando, ainda, que a autora formalizasse boletim de ocorr\u00eancia.<\/p>\n\n\n\n<p>Disse ainda que a reforma do im\u00f3vel foi realizada, sendo que o aluguel residencial suportado por ela no per\u00edodo de quadro meses, reparo do ve\u00edculo, equipamentos e produtos da lanchonete n\u00e3o foram ressarcidos, apesar da garantia dada pelo gerente do banco. Tais fatos foram considerados pela Justi\u00e7a Estadual de primeira inst\u00e2ncia para a condena\u00e7\u00e3o da institui\u00e7\u00e3o banc\u00e1ria por danos morais e materiais, o que fez com que o banco recorresse ao TJ.<\/p>\n\n\n\n<p><strong>Defesa<\/strong><\/p>\n\n\n\n<p>Ao recorrer, a institui\u00e7\u00e3o financeira defendeu, inicialmente, que n\u00e3o praticou qualquer il\u00edcito, uma vez que n\u00e3o ficou comprovado nos autos a rela\u00e7\u00e3o de causa e resultado entre a a\u00e7\u00e3o e o dano provocado, elemento necess\u00e1rio para a sua responsabiliza\u00e7\u00e3o civil em reparar os danos morais e materiais, ocasionados ap\u00f3s a explos\u00e3o dos caixas eletr\u00f4nicos.<\/p><div class=\"kvtet69ef666b8fba9\" ><!--<a href=\"https:\/\/bit.ly\/3QdrqTZ\" target=\"_blank\">\n<img src=\"https:\/\/justicapotiguar.com.br\/wp-content\/uploads\/2023\/09\/mobile-geral.gif\"\/><a\/>--><\/div><style type=\"text\/css\">\r\n.kvtet69ef666b8fba9 {\r\ntext-align: center;\r\n}\r\n@media screen and (min-width: 1201px) {\r\n.kvtet69ef666b8fba9 {\r\ndisplay: none;\r\n}\r\n}\r\n@media screen and (min-width: 993px) and (max-width: 1200px) {\r\n.kvtet69ef666b8fba9 {\r\ndisplay: none;\r\n}\r\n}\r\n@media screen and (min-width: 769px) and (max-width: 992px) {\r\n.kvtet69ef666b8fba9 {\r\ndisplay: none;\r\n}\r\n}\r\n@media screen and (min-width: 768px) and (max-width: 768px) {\r\n.kvtet69ef666b8fba9 {\r\ndisplay: block;\r\n}\r\n}\r\n@media screen and (max-width: 767px) {\r\n.kvtet69ef666b8fba9 {\r\ndisplay: block;\r\n}\r\n}\r\n<\/style>\r\n<div class=\"vsxpt69ef666b8fb83\" ><!--<a href=\"https:\/\/bit.ly\/3QdrqTZ\" target=\"_blank\">\n<img src=\"https:\/\/justicapotiguar.com.br\/wp-content\/uploads\/2023\/09\/desktop-geral.gif\"\/><a\/>--><\/div><style type=\"text\/css\">\r\n.vsxpt69ef666b8fb83 {\r\ntext-align: center;\nmargin-bottom: 1em;\r\n}\r\n@media screen and (min-width: 1201px) {\r\n.vsxpt69ef666b8fb83 {\r\ndisplay: block;\r\n}\r\n}\r\n@media screen and (min-width: 993px) and (max-width: 1200px) {\r\n.vsxpt69ef666b8fb83 {\r\ndisplay: block;\r\n}\r\n}\r\n@media screen and (min-width: 769px) and (max-width: 992px) {\r\n.vsxpt69ef666b8fb83 {\r\ndisplay: block;\r\n}\r\n}\r\n@media screen and (min-width: 768px) and (max-width: 768px) {\r\n.vsxpt69ef666b8fb83 {\r\ndisplay: none;\r\n}\r\n}\r\n@media screen and (max-width: 767px) {\r\n.vsxpt69ef666b8fb83 {\r\ndisplay: none;\r\n}\r\n}\r\n<\/style>\r\n\n\n\n\n<figure class=\"wp-block-image size-large\"><img loading=\"lazy\" width=\"1024\" height=\"678\" src=\"https:\/\/justicapotiguar.com.br\/wp-content\/uploads\/2020\/03\/iStock-638601140_justica-1024x678-2-1024x678.jpg\" alt=\"\" class=\"wp-image-7274\" srcset=\"https:\/\/justicapotiguar.com.br\/wp-content\/uploads\/2020\/03\/iStock-638601140_justica-1024x678-2.jpg 1024w, https:\/\/justicapotiguar.com.br\/wp-content\/uploads\/2020\/03\/iStock-638601140_justica-1024x678-2-300x199.jpg 300w, https:\/\/justicapotiguar.com.br\/wp-content\/uploads\/2020\/03\/iStock-638601140_justica-1024x678-2-768x509.jpg 768w\" sizes=\"(max-width: 1024px) 100vw, 1024px\" \/><figcaption>Reprodu\u00e7\u00e3o<\/figcaption><\/figure>\n\n\n\n<p>Complementou alegando que os fatos narrados na a\u00e7\u00e3o devem ser enquadrados como caso fortuito externo, eis que o dano causado ao im\u00f3vel da autora decorreu de ato praticado por terceiros. Afirmou que a pretens\u00e3o indenizat\u00f3ria decorrente de danos materiais e morais n\u00e3o possui qualquer sustent\u00e1culo, visto que a autora n\u00e3o anexou aos autos quaisquer documentos comprobat\u00f3rios de falha na presta\u00e7\u00e3o de servi\u00e7o da financeira.<\/p>\n\n\n\n<p><strong>Decis\u00e3o<\/strong><\/p>\n\n\n\n<p>Ao analisar o tema, a relatora do recurso, desembargadora Lourdes Az\u00eavedo afirmou que a senten\u00e7a n\u00e3o merece reforma quanto \u00e0s condena\u00e7\u00f5es impostas, uma vez que foi adequadamente fundamentada nas provas levadas aos autos. Ela n\u00e3o considerou verdadeira a afirma\u00e7\u00e3o da institui\u00e7\u00e3o banc\u00e1ria de n\u00e3o haver comprova\u00e7\u00e3o do dano moral e do nexo de causalidade, bem como a ocorr\u00eancia de fatos que causem constrangimento ou qualquer outro sentimento de ordem pessoal a merecer ressarcimento.<\/p>\n\n\n\n<p>Para a relatora, as provas juntadas aos autos, compostas de in\u00fameras fotografias que evidenciam a grande extens\u00e3o da explos\u00e3o, os danos significativos no im\u00f3vel da comerciante, causados durante a perman\u00eancia dela no local, os depoimentos prestados em ju\u00edzo e demais elementos de prova juntados afastam o mencionado argumento recursal e fortalecem os fundamentos empregados na senten\u00e7a condenat\u00f3ria.<\/p>\n\n\n\n<p>Considerou a alega\u00e7\u00e3o de que a explos\u00e3o foi causada por criminosos e foge da al\u00e7ada de qualquer institui\u00e7\u00e3o financeira n\u00e3o tem como prevalecer, uma vez que est\u00e1 relacionada \u00e0 atividade desenvolvida pela institui\u00e7\u00e3o financeira recorrente\/recorrida, sendo, inclusive, previs\u00edvel diante das demais ocorr\u00eancias correlatas, n\u00e3o sendo razo\u00e1vel argumentos deduzidos, em contr\u00e1rio, sobretudo quando o C\u00f3digo de Defesa do Consumidor quando prev\u00ea que \u201cequiparam-se aos consumidores todas as v\u00edtimas do evento\u201d.<\/p>\n\n\n\n<p>\u201cNo que diz respeito ao argumento do banco apelante considerar a situa\u00e7\u00e3o f\u00e1tica consubstanciada neste caderno processual t\u00e3o somente como abalo emocional e que as situa\u00e7\u00f5es do cotidiano n\u00e3o podem dar ensejo a indeniza\u00e7\u00f5es por danos morais, in casu, o conjunto probat\u00f3rio produzido nos autos valida a fundamenta\u00e7\u00e3o empregada na senten\u00e7a, uma vez que o abalo, os transtornos, a ang\u00fastia e os danos, suportados pela autora ora recorrente\/recorrida, v\u00e3o al\u00e9m de mero abalo emocional (\u2026)\u201d, comentou.<\/p>\n","protected":false},"excerpt":{"rendered":"<p>Mantida, pela 2a C\u00e2mara C\u00edvel do TJRN, senten\u00e7a que determinou ao Banco do Brasil pagar indeniza\u00e7\u00e3o por danos materiais a uma comerciante no valor de R$ 11.963,33 e uma indeniza\u00e7\u00e3o por danos morais no valor R$ 10 mil, em virtude de preju\u00edzos causados na parede do seu com\u00e9rcio (rachaduras), vizinho a uma ag\u00eancia da institui\u00e7\u00e3o<br \/><a class=\"more-link\" href=\"https:\/\/justicapotiguar.com.br\/index.php\/2023\/05\/27\/comerciante-que-teve-imovel-atingido-por-explosao-de-caixas-eletronicos-sera-indenizada-no-rn\/\">Mais&#8230;<\/a><\/p>\n","protected":false},"author":5,"featured_media":0,"comment_status":"open","ping_status":"open","sticky":false,"template":"","format":"standard","meta":[],"categories":[1],"tags":[],"_links":{"self":[{"href":"https:\/\/justicapotiguar.com.br\/index.php\/wp-json\/wp\/v2\/posts\/32047"}],"collection":[{"href":"https:\/\/justicapotiguar.com.br\/index.php\/wp-json\/wp\/v2\/posts"}],"about":[{"href":"https:\/\/justicapotiguar.com.br\/index.php\/wp-json\/wp\/v2\/types\/post"}],"author":[{"embeddable":true,"href":"https:\/\/justicapotiguar.com.br\/index.php\/wp-json\/wp\/v2\/users\/5"}],"replies":[{"embeddable":true,"href":"https:\/\/justicapotiguar.com.br\/index.php\/wp-json\/wp\/v2\/comments?post=32047"}],"version-history":[{"count":1,"href":"https:\/\/justicapotiguar.com.br\/index.php\/wp-json\/wp\/v2\/posts\/32047\/revisions"}],"predecessor-version":[{"id":32048,"href":"https:\/\/justicapotiguar.com.br\/index.php\/wp-json\/wp\/v2\/posts\/32047\/revisions\/32048"}],"wp:attachment":[{"href":"https:\/\/justicapotiguar.com.br\/index.php\/wp-json\/wp\/v2\/media?parent=32047"}],"wp:term":[{"taxonomy":"category","embeddable":true,"href":"https:\/\/justicapotiguar.com.br\/index.php\/wp-json\/wp\/v2\/categories?post=32047"},{"taxonomy":"post_tag","embeddable":true,"href":"https:\/\/justicapotiguar.com.br\/index.php\/wp-json\/wp\/v2\/tags?post=32047"}],"curies":[{"name":"wp","href":"https:\/\/api.w.org\/{rel}","templated":true}]}}