{"id":32007,"date":"2023-05-25T11:57:13","date_gmt":"2023-05-25T14:57:13","guid":{"rendered":"https:\/\/justicapotiguar.com.br\/?p=32007"},"modified":"2023-05-25T11:57:13","modified_gmt":"2023-05-25T14:57:13","slug":"estado-tera-que-realizar-progressao-vertical-de-professor","status":"publish","type":"post","link":"https:\/\/justicapotiguar.com.br\/index.php\/2023\/05\/25\/estado-tera-que-realizar-progressao-vertical-de-professor\/","title":{"rendered":"Estado ter\u00e1 que realizar progress\u00e3o vertical de professor"},"content":{"rendered":"\n<div class=\"wp-block-image\"><figure class=\"aligncenter size-large\"><img loading=\"lazy\" width=\"300\" height=\"225\" src=\"https:\/\/justicapotiguar.com.br\/wp-content\/uploads\/2020\/06\/professor5.jpeg\" alt=\"\" class=\"wp-image-10754\"\/><figcaption>Reprodu\u00e7\u00e3o<\/figcaption><\/figure><\/div>\n\n\n\n<p>A Secretaria de Administra\u00e7\u00e3o e Recursos Humanos do Estado ter\u00e1 que efetivar a progress\u00e3o vertical para o N\u00edvel V do cargo de professor da rede p\u00fablica estadual, com a implanta\u00e7\u00e3o da remunera\u00e7\u00e3o correspondente, retroagindo os efeitos financeiros a partir da impetra\u00e7\u00e3o do Mandado de Seguran\u00e7a, por meio do qual o servidor demonstrou ter conclu\u00eddo o Curso de Mestrado em Educa\u00e7\u00e3o, em 2018, e que protocolou requerimento administrativo, em 14 de julho de 2020, pleiteando promo\u00e7\u00e3o vertical para o N\u00edvel V, conforme estabelece o artigo 7\u00ba, inciso V, e o artigo 41 da LCE n\u00ba 322\/2006.<\/p>\n\n\n\n<p>Contudo, argumenta que, embora tendo apresentado o requerimento administrativo em julho de 2020, sem que tenha havido a conclus\u00e3o do processo at\u00e9 a data que moveu o MS, pela Administra\u00e7\u00e3o P\u00fablica.<\/p><div class=\"wouto69ef7aa33764e\" ><!--<a href=\"https:\/\/bit.ly\/3QdrqTZ\" target=\"_blank\">\n<img src=\"https:\/\/justicapotiguar.com.br\/wp-content\/uploads\/2023\/09\/mobile-geral.gif\"\/><a\/>--><\/div><style type=\"text\/css\">\r\n.wouto69ef7aa33764e {\r\ntext-align: center;\r\n}\r\n@media screen and (min-width: 1201px) {\r\n.wouto69ef7aa33764e {\r\ndisplay: none;\r\n}\r\n}\r\n@media screen and (min-width: 993px) and (max-width: 1200px) {\r\n.wouto69ef7aa33764e {\r\ndisplay: none;\r\n}\r\n}\r\n@media screen and (min-width: 769px) and (max-width: 992px) {\r\n.wouto69ef7aa33764e {\r\ndisplay: none;\r\n}\r\n}\r\n@media screen and (min-width: 768px) and (max-width: 768px) {\r\n.wouto69ef7aa33764e {\r\ndisplay: block;\r\n}\r\n}\r\n@media screen and (max-width: 767px) {\r\n.wouto69ef7aa33764e {\r\ndisplay: block;\r\n}\r\n}\r\n<\/style>\r\n<div class=\"fbani69ef7aa337638\" ><!--<a href=\"https:\/\/bit.ly\/3QdrqTZ\" target=\"_blank\">\n<img src=\"https:\/\/justicapotiguar.com.br\/wp-content\/uploads\/2023\/09\/desktop-geral.gif\"\/><a\/>--><\/div><style type=\"text\/css\">\r\n.fbani69ef7aa337638 {\r\ntext-align: center;\nmargin-bottom: 1em;\r\n}\r\n@media screen and (min-width: 1201px) {\r\n.fbani69ef7aa337638 {\r\ndisplay: block;\r\n}\r\n}\r\n@media screen and (min-width: 993px) and (max-width: 1200px) {\r\n.fbani69ef7aa337638 {\r\ndisplay: block;\r\n}\r\n}\r\n@media screen and (min-width: 769px) and (max-width: 992px) {\r\n.fbani69ef7aa337638 {\r\ndisplay: block;\r\n}\r\n}\r\n@media screen and (min-width: 768px) and (max-width: 768px) {\r\n.fbani69ef7aa337638 {\r\ndisplay: none;\r\n}\r\n}\r\n@media screen and (max-width: 767px) {\r\n.fbani69ef7aa337638 {\r\ndisplay: none;\r\n}\r\n}\r\n<\/style>\r\n\n\n\n\n<p>Neste entendimento, a relatoria do voto, por meio do desembargador Jo\u00e3o Rebou\u00e7as, concedeu parcialmente o pleito, j\u00e1 que, no que se refere \u00e0 progress\u00e3o horizontal, destaca que n\u00e3o se verificou prova pr\u00e9-constitu\u00edda acerca do preenchimento dos requisitos aptos a justificar o enquadramento, j\u00e1 que n\u00e3o consta a ficha funcional da impetrante, muito menos o requerimento administrativo formulado.<\/p>\n\n\n\n<p>\u201cOu seja, n\u00e3o \u00e9 poss\u00edvel evidenciar em que classe a impetrante se encontra, muito menos constatar a omiss\u00e3o dos impetrados quanto ao pleito formulado, uma vez que os documentos juntados (procura\u00e7\u00e3o, carteira de identidade, conta de luz e diploma de mestrado) n\u00e3o retratam que n\u00e3o houve a progress\u00e3o horizontal para a Classe \u201cB\u201d\u201d, esclarece o relator.<\/p>\n","protected":false},"excerpt":{"rendered":"<p>A Secretaria de Administra\u00e7\u00e3o e Recursos Humanos do Estado ter\u00e1 que efetivar a progress\u00e3o vertical para o N\u00edvel V do cargo de professor da rede p\u00fablica estadual, com a implanta\u00e7\u00e3o da remunera\u00e7\u00e3o correspondente, retroagindo os efeitos financeiros a partir da impetra\u00e7\u00e3o do Mandado de Seguran\u00e7a, por meio do qual o servidor demonstrou ter conclu\u00eddo o<br \/><a class=\"more-link\" href=\"https:\/\/justicapotiguar.com.br\/index.php\/2023\/05\/25\/estado-tera-que-realizar-progressao-vertical-de-professor\/\">Mais&#8230;<\/a><\/p>\n","protected":false},"author":5,"featured_media":0,"comment_status":"open","ping_status":"open","sticky":false,"template":"","format":"standard","meta":[],"categories":[1],"tags":[],"_links":{"self":[{"href":"https:\/\/justicapotiguar.com.br\/index.php\/wp-json\/wp\/v2\/posts\/32007"}],"collection":[{"href":"https:\/\/justicapotiguar.com.br\/index.php\/wp-json\/wp\/v2\/posts"}],"about":[{"href":"https:\/\/justicapotiguar.com.br\/index.php\/wp-json\/wp\/v2\/types\/post"}],"author":[{"embeddable":true,"href":"https:\/\/justicapotiguar.com.br\/index.php\/wp-json\/wp\/v2\/users\/5"}],"replies":[{"embeddable":true,"href":"https:\/\/justicapotiguar.com.br\/index.php\/wp-json\/wp\/v2\/comments?post=32007"}],"version-history":[{"count":1,"href":"https:\/\/justicapotiguar.com.br\/index.php\/wp-json\/wp\/v2\/posts\/32007\/revisions"}],"predecessor-version":[{"id":32008,"href":"https:\/\/justicapotiguar.com.br\/index.php\/wp-json\/wp\/v2\/posts\/32007\/revisions\/32008"}],"wp:attachment":[{"href":"https:\/\/justicapotiguar.com.br\/index.php\/wp-json\/wp\/v2\/media?parent=32007"}],"wp:term":[{"taxonomy":"category","embeddable":true,"href":"https:\/\/justicapotiguar.com.br\/index.php\/wp-json\/wp\/v2\/categories?post=32007"},{"taxonomy":"post_tag","embeddable":true,"href":"https:\/\/justicapotiguar.com.br\/index.php\/wp-json\/wp\/v2\/tags?post=32007"}],"curies":[{"name":"wp","href":"https:\/\/api.w.org\/{rel}","templated":true}]}}