{"id":32005,"date":"2023-05-25T10:50:56","date_gmt":"2023-05-25T13:50:56","guid":{"rendered":"https:\/\/justicapotiguar.com.br\/?p=32005"},"modified":"2023-05-25T10:50:56","modified_gmt":"2023-05-25T13:50:56","slug":"tj-mg-aposenta-juiza-que-criticou-inqueritos-do-stf","status":"publish","type":"post","link":"https:\/\/justicapotiguar.com.br\/index.php\/2023\/05\/25\/tj-mg-aposenta-juiza-que-criticou-inqueritos-do-stf\/","title":{"rendered":"TJ-MG aposenta ju\u00edza que criticou  inqu\u00e9ritos do STF"},"content":{"rendered":"\n<figure class=\"wp-block-image size-large\"><img loading=\"lazy\" width=\"1015\" height=\"737\" src=\"https:\/\/justicapotiguar.com.br\/wp-content\/uploads\/2021\/03\/ludmila.png\" alt=\"\" class=\"wp-image-17515\" srcset=\"https:\/\/justicapotiguar.com.br\/wp-content\/uploads\/2021\/03\/ludmila.png 1015w, https:\/\/justicapotiguar.com.br\/wp-content\/uploads\/2021\/03\/ludmila-300x218.png 300w, https:\/\/justicapotiguar.com.br\/wp-content\/uploads\/2021\/03\/ludmila-768x558.png 768w\" sizes=\"(max-width: 1015px) 100vw, 1015px\" \/><figcaption>Reprodu\u00e7\u00e3o<\/figcaption><\/figure>\n\n\n\n<p>O&nbsp;<strong><a href=\"https:\/\/www.tjmg.jus.br\/portal-tjmg\/\" target=\"_blank\" rel=\"noreferrer noopener\">Tribunal de Justi\u00e7a<\/a><\/strong>&nbsp;de Minas Gerais (TJ-MG) aposentou compulsoriamente a ju\u00edza Ludmila Lins Grilo nesta quinta-feira, 25. A magistrada foi afastada pelo Conselho Nacional de Justi\u00e7a, em fevereiro deste ano, por cr\u00edticas ao inqu\u00e9rito do Supremo Tribunal Federal que apura supostas&nbsp;<em>fake news<\/em>.<\/p>\n\n\n\n<p>A aposentadoria compuls\u00f3ria \u00e9 assinada pelo presidente do TJ-MG, desembargador Jos\u00e9 Pereira Filho. Por ora, n\u00e3o se sabe o que motivou a decis\u00e3o.<\/p>\n\n\n\n<p>\u00c0 \u00e9poca da abertura da investiga\u00e7\u00e3o pelo CNJ, Ludmila alegou ser v\u00edtima de um \u201cassassinato de reputa\u00e7\u00e3o\u201d e de um \u201cestardalha\u00e7o midi\u00e1tico\u201d. Ao se defender das acusa\u00e7\u00f5es de faltas sistem\u00e1ticas ao trabalho presencial, baixa produtividade, morosidade e exerc\u00edcio paralelo de atividade empresarial, a magistrada disse que deixou o expediente presencial e come\u00e7ou a fazer audi\u00eancias, a partir de cidades alternadas, porque passou a sofrer amea\u00e7as relacionadas ao trabalho.<\/p><div class=\"ejajf69ef7fddbfae0\" ><!--<a href=\"https:\/\/bit.ly\/3QdrqTZ\" target=\"_blank\">\n<img src=\"https:\/\/justicapotiguar.com.br\/wp-content\/uploads\/2023\/09\/mobile-geral.gif\"\/><a\/>--><\/div><style type=\"text\/css\">\r\n.ejajf69ef7fddbfae0 {\r\ntext-align: center;\r\n}\r\n@media screen and (min-width: 1201px) {\r\n.ejajf69ef7fddbfae0 {\r\ndisplay: none;\r\n}\r\n}\r\n@media screen and (min-width: 993px) and (max-width: 1200px) {\r\n.ejajf69ef7fddbfae0 {\r\ndisplay: none;\r\n}\r\n}\r\n@media screen and (min-width: 769px) and (max-width: 992px) {\r\n.ejajf69ef7fddbfae0 {\r\ndisplay: none;\r\n}\r\n}\r\n@media screen and (min-width: 768px) and (max-width: 768px) {\r\n.ejajf69ef7fddbfae0 {\r\ndisplay: block;\r\n}\r\n}\r\n@media screen and (max-width: 767px) {\r\n.ejajf69ef7fddbfae0 {\r\ndisplay: block;\r\n}\r\n}\r\n<\/style>\r\n<div class=\"qbskh69ef7fddbfacc\" ><!--<a href=\"https:\/\/bit.ly\/3QdrqTZ\" target=\"_blank\">\n<img src=\"https:\/\/justicapotiguar.com.br\/wp-content\/uploads\/2023\/09\/desktop-geral.gif\"\/><a\/>--><\/div><style type=\"text\/css\">\r\n.qbskh69ef7fddbfacc {\r\ntext-align: center;\nmargin-bottom: 1em;\r\n}\r\n@media screen and (min-width: 1201px) {\r\n.qbskh69ef7fddbfacc {\r\ndisplay: block;\r\n}\r\n}\r\n@media screen and (min-width: 993px) and (max-width: 1200px) {\r\n.qbskh69ef7fddbfacc {\r\ndisplay: block;\r\n}\r\n}\r\n@media screen and (min-width: 769px) and (max-width: 992px) {\r\n.qbskh69ef7fddbfacc {\r\ndisplay: block;\r\n}\r\n}\r\n@media screen and (min-width: 768px) and (max-width: 768px) {\r\n.qbskh69ef7fddbfacc {\r\ndisplay: none;\r\n}\r\n}\r\n@media screen and (max-width: 767px) {\r\n.qbskh69ef7fddbfacc {\r\ndisplay: none;\r\n}\r\n}\r\n<\/style>\r\n\n\n\n\n<p>\u201cO Gabinete de Seguran\u00e7a Institucional do Tribunal de Justi\u00e7a expressamente recomendou que o p\u00fablico n\u00e3o tivesse ci\u00eancia da minha localiza\u00e7\u00e3o f\u00edsica, pois isso implicaria imediato risco de vida\u201d, disse. \u201cEu mesma tive de prover a minha pr\u00f3pria seguran\u00e7a, trabalhando integralmente por videoconfer\u00eancia.\u201d<\/p>\n\n\n\n<p>O segundo processo disciplinar \u00e9 sobre \u201cmanifesta\u00e7\u00f5es pol\u00edtico-partid\u00e1rias\u201d da ju\u00edza em entrevistas, eventos e nas redes sociais. O CNJ vai investigar se ela violou o dever de imparcialidade.<\/p>\n\n\n\n<p><\/p>\n","protected":false},"excerpt":{"rendered":"<p>O&nbsp;Tribunal de Justi\u00e7a&nbsp;de Minas Gerais (TJ-MG) aposentou compulsoriamente a ju\u00edza Ludmila Lins Grilo nesta quinta-feira, 25. A magistrada foi afastada pelo Conselho Nacional de Justi\u00e7a, em fevereiro deste ano, por cr\u00edticas ao inqu\u00e9rito do Supremo Tribunal Federal que apura supostas&nbsp;fake news. A aposentadoria compuls\u00f3ria \u00e9 assinada pelo presidente do TJ-MG, desembargador Jos\u00e9 Pereira Filho. Por<br \/><a class=\"more-link\" href=\"https:\/\/justicapotiguar.com.br\/index.php\/2023\/05\/25\/tj-mg-aposenta-juiza-que-criticou-inqueritos-do-stf\/\">Mais&#8230;<\/a><\/p>\n","protected":false},"author":5,"featured_media":0,"comment_status":"open","ping_status":"open","sticky":false,"template":"","format":"standard","meta":[],"categories":[1],"tags":[],"_links":{"self":[{"href":"https:\/\/justicapotiguar.com.br\/index.php\/wp-json\/wp\/v2\/posts\/32005"}],"collection":[{"href":"https:\/\/justicapotiguar.com.br\/index.php\/wp-json\/wp\/v2\/posts"}],"about":[{"href":"https:\/\/justicapotiguar.com.br\/index.php\/wp-json\/wp\/v2\/types\/post"}],"author":[{"embeddable":true,"href":"https:\/\/justicapotiguar.com.br\/index.php\/wp-json\/wp\/v2\/users\/5"}],"replies":[{"embeddable":true,"href":"https:\/\/justicapotiguar.com.br\/index.php\/wp-json\/wp\/v2\/comments?post=32005"}],"version-history":[{"count":1,"href":"https:\/\/justicapotiguar.com.br\/index.php\/wp-json\/wp\/v2\/posts\/32005\/revisions"}],"predecessor-version":[{"id":32006,"href":"https:\/\/justicapotiguar.com.br\/index.php\/wp-json\/wp\/v2\/posts\/32005\/revisions\/32006"}],"wp:attachment":[{"href":"https:\/\/justicapotiguar.com.br\/index.php\/wp-json\/wp\/v2\/media?parent=32005"}],"wp:term":[{"taxonomy":"category","embeddable":true,"href":"https:\/\/justicapotiguar.com.br\/index.php\/wp-json\/wp\/v2\/categories?post=32005"},{"taxonomy":"post_tag","embeddable":true,"href":"https:\/\/justicapotiguar.com.br\/index.php\/wp-json\/wp\/v2\/tags?post=32005"}],"curies":[{"name":"wp","href":"https:\/\/api.w.org\/{rel}","templated":true}]}}