{"id":31994,"date":"2023-05-25T07:35:00","date_gmt":"2023-05-25T10:35:00","guid":{"rendered":"https:\/\/justicapotiguar.com.br\/?p=31994"},"modified":"2023-05-25T07:34:29","modified_gmt":"2023-05-25T10:34:29","slug":"gilmar-se-irrita-com-associacao-de-juizes-e-sugere-acabem-com-as-ferias-de-dois-meses","status":"publish","type":"post","link":"https:\/\/justicapotiguar.com.br\/index.php\/2023\/05\/25\/gilmar-se-irrita-com-associacao-de-juizes-e-sugere-acabem-com-as-ferias-de-dois-meses\/","title":{"rendered":"Gilmar se irrita com associa\u00e7\u00e3o de ju\u00edzes e sugere: \u2018Acabem com as f\u00e9rias de dois meses\u2019"},"content":{"rendered":"\n<figure class=\"wp-block-image size-large\"><img loading=\"lazy\" width=\"680\" height=\"428\" src=\"https:\/\/justicapotiguar.com.br\/wp-content\/uploads\/2020\/03\/11810795757EACC336E299DE7C3E3CE048E5_gilmar.jpg\" alt=\"\" class=\"wp-image-7700\" srcset=\"https:\/\/justicapotiguar.com.br\/wp-content\/uploads\/2020\/03\/11810795757EACC336E299DE7C3E3CE048E5_gilmar.jpg 680w, https:\/\/justicapotiguar.com.br\/wp-content\/uploads\/2020\/03\/11810795757EACC336E299DE7C3E3CE048E5_gilmar-300x189.jpg 300w\" sizes=\"(max-width: 680px) 100vw, 680px\" \/><figcaption>Reprodu\u00e7\u00e3o<\/figcaption><\/figure>\n\n\n\n<p>O ministro&nbsp;<a href=\"https:\/\/www.cartacapital.com.br\/tag\/gilmar-mendes\/\">Gilmar Mendes<\/a>, do Supremo Tribunal Federal, se incomodou nesta quarta-feira 24 com um pedido do advogado que representa a Associa\u00e7\u00e3o dos Magistrados Brasileiros para que a an\u00e1lise sobre&nbsp;<a href=\"https:\/\/www.cartacapital.com.br\/justica\/quem-e-e-o-que-faz-o-juiz-de-garantias-mudanca-que-o-stf-analisa-nesta-quarta-feira\/\">a implementa\u00e7\u00e3o do juiz de garantias<\/a>&nbsp;ocorresse no plen\u00e1rio virtual, n\u00e3o em sess\u00f5es presenciais da Corte.<\/p>\n\n\n\n<p>Ele entendeu a solicita\u00e7\u00e3o como uma tentativa de adiar o julgamento.<\/p><div class=\"obxlb69ef7e5c0be6a\" ><!--<a href=\"https:\/\/bit.ly\/3QdrqTZ\" target=\"_blank\">\n<img src=\"https:\/\/justicapotiguar.com.br\/wp-content\/uploads\/2023\/09\/mobile-geral.gif\"\/><a\/>--><\/div><style type=\"text\/css\">\r\n.obxlb69ef7e5c0be6a {\r\ntext-align: center;\r\n}\r\n@media screen and (min-width: 1201px) {\r\n.obxlb69ef7e5c0be6a {\r\ndisplay: none;\r\n}\r\n}\r\n@media screen and (min-width: 993px) and (max-width: 1200px) {\r\n.obxlb69ef7e5c0be6a {\r\ndisplay: none;\r\n}\r\n}\r\n@media screen and (min-width: 769px) and (max-width: 992px) {\r\n.obxlb69ef7e5c0be6a {\r\ndisplay: none;\r\n}\r\n}\r\n@media screen and (min-width: 768px) and (max-width: 768px) {\r\n.obxlb69ef7e5c0be6a {\r\ndisplay: block;\r\n}\r\n}\r\n@media screen and (max-width: 767px) {\r\n.obxlb69ef7e5c0be6a {\r\ndisplay: block;\r\n}\r\n}\r\n<\/style>\r\n<div class=\"ndxqb69ef7e5c0be3a\" ><!--<a href=\"https:\/\/bit.ly\/3QdrqTZ\" target=\"_blank\">\n<img src=\"https:\/\/justicapotiguar.com.br\/wp-content\/uploads\/2023\/09\/desktop-geral.gif\"\/><a\/>--><\/div><style type=\"text\/css\">\r\n.ndxqb69ef7e5c0be3a {\r\ntext-align: center;\nmargin-bottom: 1em;\r\n}\r\n@media screen and (min-width: 1201px) {\r\n.ndxqb69ef7e5c0be3a {\r\ndisplay: block;\r\n}\r\n}\r\n@media screen and (min-width: 993px) and (max-width: 1200px) {\r\n.ndxqb69ef7e5c0be3a {\r\ndisplay: block;\r\n}\r\n}\r\n@media screen and (min-width: 769px) and (max-width: 992px) {\r\n.ndxqb69ef7e5c0be3a {\r\ndisplay: block;\r\n}\r\n}\r\n@media screen and (min-width: 768px) and (max-width: 768px) {\r\n.ndxqb69ef7e5c0be3a {\r\ndisplay: none;\r\n}\r\n}\r\n@media screen and (max-width: 767px) {\r\n.ndxqb69ef7e5c0be3a {\r\ndisplay: none;\r\n}\r\n}\r\n<\/style>\r\n\n\n\n\n<p>\u201cSe a AMB quer adiantar (\u2026) os debates sobre celeridade do processo em geral, aceite as f\u00e9rias de um m\u00eas. Acabem com as f\u00e9rias de dois meses. Isso seria uma contribui\u00e7\u00e3o, e n\u00e3o esse tipo de falta de sutileza para retardar o processo. Isso n\u00e3o \u00e9 digno. N\u00e3o \u00e9 razo\u00e1vel que uma associa\u00e7\u00e3o da magistratura se comporte dessa maneira\u201d, disparou Gilmar.<\/p>\n","protected":false},"excerpt":{"rendered":"<p>O ministro&nbsp;Gilmar Mendes, do Supremo Tribunal Federal, se incomodou nesta quarta-feira 24 com um pedido do advogado que representa a Associa\u00e7\u00e3o dos Magistrados Brasileiros para que a an\u00e1lise sobre&nbsp;a implementa\u00e7\u00e3o do juiz de garantias&nbsp;ocorresse no plen\u00e1rio virtual, n\u00e3o em sess\u00f5es presenciais da Corte. Ele entendeu a solicita\u00e7\u00e3o como uma tentativa de adiar o julgamento. \u201cSe<br \/><a class=\"more-link\" href=\"https:\/\/justicapotiguar.com.br\/index.php\/2023\/05\/25\/gilmar-se-irrita-com-associacao-de-juizes-e-sugere-acabem-com-as-ferias-de-dois-meses\/\">Mais&#8230;<\/a><\/p>\n","protected":false},"author":5,"featured_media":0,"comment_status":"open","ping_status":"open","sticky":false,"template":"","format":"standard","meta":[],"categories":[1],"tags":[],"_links":{"self":[{"href":"https:\/\/justicapotiguar.com.br\/index.php\/wp-json\/wp\/v2\/posts\/31994"}],"collection":[{"href":"https:\/\/justicapotiguar.com.br\/index.php\/wp-json\/wp\/v2\/posts"}],"about":[{"href":"https:\/\/justicapotiguar.com.br\/index.php\/wp-json\/wp\/v2\/types\/post"}],"author":[{"embeddable":true,"href":"https:\/\/justicapotiguar.com.br\/index.php\/wp-json\/wp\/v2\/users\/5"}],"replies":[{"embeddable":true,"href":"https:\/\/justicapotiguar.com.br\/index.php\/wp-json\/wp\/v2\/comments?post=31994"}],"version-history":[{"count":1,"href":"https:\/\/justicapotiguar.com.br\/index.php\/wp-json\/wp\/v2\/posts\/31994\/revisions"}],"predecessor-version":[{"id":31995,"href":"https:\/\/justicapotiguar.com.br\/index.php\/wp-json\/wp\/v2\/posts\/31994\/revisions\/31995"}],"wp:attachment":[{"href":"https:\/\/justicapotiguar.com.br\/index.php\/wp-json\/wp\/v2\/media?parent=31994"}],"wp:term":[{"taxonomy":"category","embeddable":true,"href":"https:\/\/justicapotiguar.com.br\/index.php\/wp-json\/wp\/v2\/categories?post=31994"},{"taxonomy":"post_tag","embeddable":true,"href":"https:\/\/justicapotiguar.com.br\/index.php\/wp-json\/wp\/v2\/tags?post=31994"}],"curies":[{"name":"wp","href":"https:\/\/api.w.org\/{rel}","templated":true}]}}