{"id":31990,"date":"2023-05-24T21:19:16","date_gmt":"2023-05-25T00:19:16","guid":{"rendered":"https:\/\/justicapotiguar.com.br\/?p=31990"},"modified":"2023-05-24T21:19:16","modified_gmt":"2023-05-25T00:19:16","slug":"lula-nomeia-andre-ramos-tavares-e-floriano-como-novos-ministros-do-tse","status":"publish","type":"post","link":"https:\/\/justicapotiguar.com.br\/index.php\/2023\/05\/24\/lula-nomeia-andre-ramos-tavares-e-floriano-como-novos-ministros-do-tse\/","title":{"rendered":"Lula nomeia Andr\u00e9 Ramos Tavares e Floriano como novos ministros do TSE"},"content":{"rendered":"\n<p>O presidente&nbsp;<a href=\"https:\/\/www.jota.info\/tudo-sobre\/lula\">Luiz In\u00e1cio Lula da Silva<\/a>&nbsp;(PT) nomeou, na noite desta quarta-feira (24\/5), Andr\u00e9 Ramos Tavares e Floriano de Azevedo Marques Neto como os novos ministros do Tribunal Superior Eleitoral (<a href=\"https:\/\/www.jota.info\/tudo-sobre\/TSE\">TSE<\/a>). A nomea\u00e7\u00e3o ocorreu poucas horas depois do Supremo Tribunal Federal (<a href=\"https:\/\/www.jota.info\/tudo-sobre\/STF\">STF<\/a>) enviar a lista com a sugest\u00e3o de quatro nomes.<\/p>\n\n\n\n<figure class=\"wp-block-image size-large\"><img loading=\"lazy\" width=\"1024\" height=\"683\" src=\"https:\/\/justicapotiguar.com.br\/wp-content\/uploads\/2020\/02\/tse_foto-1024x683.jpg\" alt=\"\" class=\"wp-image-6090\" srcset=\"https:\/\/justicapotiguar.com.br\/wp-content\/uploads\/2020\/02\/tse_foto-1024x683.jpg 1024w, https:\/\/justicapotiguar.com.br\/wp-content\/uploads\/2020\/02\/tse_foto-300x200.jpg 300w, https:\/\/justicapotiguar.com.br\/wp-content\/uploads\/2020\/02\/tse_foto-768x512.jpg 768w, https:\/\/justicapotiguar.com.br\/wp-content\/uploads\/2020\/02\/tse_foto.jpg 1140w\" sizes=\"(max-width: 1024px) 100vw, 1024px\" \/><figcaption>Reprodu\u00e7\u00e3o<\/figcaption><\/figure>\n\n\n\n<p>A informa\u00e7\u00e3o foi passada pelo ministro Alexandre de Moraes, presidente da Corte eleitoral, no t\u00e9rmino da sess\u00e3o do Supremo desta quarta.<\/p>\n\n\n\n<p>Os escolhidos devem ocupar as vagas destinadas aos juristas, ou seja, daqueles oriundos da advocacia, uma vez que S\u00e9rgio Banhos e Carlos Horbach deixaram o tribunal na semana passada.<\/p>\n\n\n\n<p>Andr\u00e9 Tavares j\u00e1 atuava como ministro substituto na Corte Eleitoral e agora se torna efetivo. Tavares tamb\u00e9m \u00e9 professor da Faculdade de direito da USP.<\/p>\n\n\n\n<p>J\u00e1 Floriano Azevedo Marques Neto \u00e9 professor e diretor da Faculdade de Direito da USP. Leciona direito p\u00fablico. Tamb\u00e9m \u00e9 professor da FGV. Floriano era um dos favoritos de Alexandre de Moraes, atual presidente do TSE, para o cargo.<\/p><div class=\"qfqhe69ef9186d4669\" ><!--<a href=\"https:\/\/bit.ly\/3QdrqTZ\" target=\"_blank\">\n<img src=\"https:\/\/justicapotiguar.com.br\/wp-content\/uploads\/2023\/09\/mobile-geral.gif\"\/><a\/>--><\/div><style type=\"text\/css\">\r\n.qfqhe69ef9186d4669 {\r\ntext-align: center;\r\n}\r\n@media screen and (min-width: 1201px) {\r\n.qfqhe69ef9186d4669 {\r\ndisplay: none;\r\n}\r\n}\r\n@media screen and (min-width: 993px) and (max-width: 1200px) {\r\n.qfqhe69ef9186d4669 {\r\ndisplay: none;\r\n}\r\n}\r\n@media screen and (min-width: 769px) and (max-width: 992px) {\r\n.qfqhe69ef9186d4669 {\r\ndisplay: none;\r\n}\r\n}\r\n@media screen and (min-width: 768px) and (max-width: 768px) {\r\n.qfqhe69ef9186d4669 {\r\ndisplay: block;\r\n}\r\n}\r\n@media screen and (max-width: 767px) {\r\n.qfqhe69ef9186d4669 {\r\ndisplay: block;\r\n}\r\n}\r\n<\/style>\r\n<div class=\"trnel69ef9186d4653\" ><!--<a href=\"https:\/\/bit.ly\/3QdrqTZ\" target=\"_blank\">\n<img src=\"https:\/\/justicapotiguar.com.br\/wp-content\/uploads\/2023\/09\/desktop-geral.gif\"\/><a\/>--><\/div><style type=\"text\/css\">\r\n.trnel69ef9186d4653 {\r\ntext-align: center;\nmargin-bottom: 1em;\r\n}\r\n@media screen and (min-width: 1201px) {\r\n.trnel69ef9186d4653 {\r\ndisplay: block;\r\n}\r\n}\r\n@media screen and (min-width: 993px) and (max-width: 1200px) {\r\n.trnel69ef9186d4653 {\r\ndisplay: block;\r\n}\r\n}\r\n@media screen and (min-width: 769px) and (max-width: 992px) {\r\n.trnel69ef9186d4653 {\r\ndisplay: block;\r\n}\r\n}\r\n@media screen and (min-width: 768px) and (max-width: 768px) {\r\n.trnel69ef9186d4653 {\r\ndisplay: none;\r\n}\r\n}\r\n@media screen and (max-width: 767px) {\r\n.trnel69ef9186d4653 {\r\ndisplay: none;\r\n}\r\n}\r\n<\/style>\r\n\n\n\n\n<p>As vagas, tradicionalmente, seriam preenchidas pelos substitutos Maria Claudia Bucchianeri e Andr\u00e9 Ramos Tavares. Entretanto, conforme j\u00e1 era esperado, n\u00e3o foi o que ocorreu.<\/p>\n\n\n\n<p>O ministro Alexandre de Moraes sugeriu novos nomes e deixou de lado essa tradi\u00e7\u00e3o. Dessa forma, Bucchianeri, cujo mandato se encerra em junho, pode nem sequer ser reconduzida para mais dois anos como substituta.<\/p>\n\n\n\n<p>Com mais nomes indicados pelo atual presidente para compor o tribunal, o futuro pol\u00edtico de Jair Bolsonaro fica mais tra\u00e7ado rumo \u00e0 inelegibilidade. Atualmente tramitam 16 a\u00e7\u00f5es contra o ex-presidente no tribunal.<\/p>\n\n\n\n<p>Est\u00e1 agendado para amanh\u00e3 a solenidade de posse do ministro Nunes Marques como titular do TSE.<\/p>\n\n\n\n<p>Jota<\/p>\n","protected":false},"excerpt":{"rendered":"<p>O presidente&nbsp;Luiz In\u00e1cio Lula da Silva&nbsp;(PT) nomeou, na noite desta quarta-feira (24\/5), Andr\u00e9 Ramos Tavares e Floriano de Azevedo Marques Neto como os novos ministros do Tribunal Superior Eleitoral (TSE). A nomea\u00e7\u00e3o ocorreu poucas horas depois do Supremo Tribunal Federal (STF) enviar a lista com a sugest\u00e3o de quatro nomes. A informa\u00e7\u00e3o foi passada pelo<br \/><a class=\"more-link\" href=\"https:\/\/justicapotiguar.com.br\/index.php\/2023\/05\/24\/lula-nomeia-andre-ramos-tavares-e-floriano-como-novos-ministros-do-tse\/\">Mais&#8230;<\/a><\/p>\n","protected":false},"author":5,"featured_media":0,"comment_status":"open","ping_status":"open","sticky":false,"template":"","format":"standard","meta":[],"categories":[1],"tags":[],"_links":{"self":[{"href":"https:\/\/justicapotiguar.com.br\/index.php\/wp-json\/wp\/v2\/posts\/31990"}],"collection":[{"href":"https:\/\/justicapotiguar.com.br\/index.php\/wp-json\/wp\/v2\/posts"}],"about":[{"href":"https:\/\/justicapotiguar.com.br\/index.php\/wp-json\/wp\/v2\/types\/post"}],"author":[{"embeddable":true,"href":"https:\/\/justicapotiguar.com.br\/index.php\/wp-json\/wp\/v2\/users\/5"}],"replies":[{"embeddable":true,"href":"https:\/\/justicapotiguar.com.br\/index.php\/wp-json\/wp\/v2\/comments?post=31990"}],"version-history":[{"count":1,"href":"https:\/\/justicapotiguar.com.br\/index.php\/wp-json\/wp\/v2\/posts\/31990\/revisions"}],"predecessor-version":[{"id":31991,"href":"https:\/\/justicapotiguar.com.br\/index.php\/wp-json\/wp\/v2\/posts\/31990\/revisions\/31991"}],"wp:attachment":[{"href":"https:\/\/justicapotiguar.com.br\/index.php\/wp-json\/wp\/v2\/media?parent=31990"}],"wp:term":[{"taxonomy":"category","embeddable":true,"href":"https:\/\/justicapotiguar.com.br\/index.php\/wp-json\/wp\/v2\/categories?post=31990"},{"taxonomy":"post_tag","embeddable":true,"href":"https:\/\/justicapotiguar.com.br\/index.php\/wp-json\/wp\/v2\/tags?post=31990"}],"curies":[{"name":"wp","href":"https:\/\/api.w.org\/{rel}","templated":true}]}}