{"id":31987,"date":"2023-05-24T16:33:00","date_gmt":"2023-05-24T19:33:00","guid":{"rendered":"https:\/\/justicapotiguar.com.br\/?p=31987"},"modified":"2023-05-24T16:33:00","modified_gmt":"2023-05-24T19:33:00","slug":"cnj-investigara-juiz-do-caso-mari-ferrer-por-suposta-omissao-relembre","status":"publish","type":"post","link":"https:\/\/justicapotiguar.com.br\/index.php\/2023\/05\/24\/cnj-investigara-juiz-do-caso-mari-ferrer-por-suposta-omissao-relembre\/","title":{"rendered":"CNJ investigar\u00e1 juiz do caso Mari Ferrer por suposta omiss\u00e3o; relembre"},"content":{"rendered":"\n<figure class=\"wp-block-embed is-type-video is-provider-youtube wp-block-embed-youtube wp-embed-aspect-16-9 wp-has-aspect-ratio\"><div class=\"wp-block-embed__wrapper\">\n<iframe loading=\"lazy\" title=\"Advogado trata Mariana Ferrer com rispidez em audi\u00eancia\" width=\"640\" height=\"360\" src=\"https:\/\/www.youtube.com\/embed\/PZFkBdf3euw?feature=oembed\" frameborder=\"0\" allow=\"accelerometer; autoplay; clipboard-write; encrypted-media; gyroscope; picture-in-picture; web-share\" allowfullscreen><\/iframe>\n<\/div><\/figure>\n\n\n\n<p>Por maioria, o plen\u00e1rio do CNJ decidiu pela abertura de PAD contra o juiz Rudson Marcos, do TJ\/SC. O objetivo \u00e9 investigar a atua\u00e7\u00e3o do magistrado durante a audi\u00eancia que colheu o depoimento da v\u00edtima Mariana Borges Ferrer em a\u00e7\u00e3o penal que tratava de suposto crime de estupro de vulner\u00e1vel.<\/p>\n\n\n\n<p>A decis\u00e3o, que seguiu o voto do conselheiro Sidney Madruga, relator da revis\u00e3o disciplinar, foi tomada durante a 8\u00aa sess\u00e3o ordin\u00e1ria do CNJ, realizada nesta ter\u00e7a-feira, 23. Durante o julgamento, os conselheiros ressaltaram que toda a quest\u00e3o demonstrou uma falha sist\u00eamica, que envolveu n\u00e3o apenas o juiz, mas tamb\u00e9m o Minist\u00e9rio P\u00fablico e o advogado do acusado.<\/p>\n\n\n\n<p>No entanto, n\u00e3o haveria motivos para n\u00e3o investigar a poss\u00edvel conduta omissiva &#8211; supostamente violadora dos deveres funcionais &#8211; do magistrado na condu\u00e7\u00e3o de audi\u00eancias realizadas, por meio de videoconfer\u00eancia, em julho de 2020, no \u00e2mbito da a\u00e7\u00e3o penal em quest\u00e3o.<\/p>\n\n\n\n<p>Segundo o relator, ao analisar os v\u00eddeos da audi\u00eancia foi poss\u00edvel verificar diversos epis\u00f3dios de &#8220;exalta\u00e7\u00e3o e conflituosidade&#8221; &#8211; particularmente na conduta do advogado, que teria se excedido no trato com a v\u00edtima &#8211; que n\u00e3o foram devidamente controlados pelo juiz.<\/p>\n\n\n\n<p>&#8220;Um verdadeiro quadro de animosidade e desrespeito que exigia do magistrado posi\u00e7\u00f5es mais firmes, voltadas a restabelecer a ordem dos trabalhos. Caberia, portanto, nos termos dos arts. 2.126, 2.517 e 7.948 do C\u00f3digo de Processo Penal, zelar pela lisura da audi\u00eancia, sob sua presid\u00eancia, reprimindo perguntas impertinentes, ofensivas e completamente estranhas \u00e0 causa, o que n\u00e3o ocorreu.&#8221;<\/p><div class=\"tllch69ef9134ed25f\" ><!--<a href=\"https:\/\/bit.ly\/3QdrqTZ\" target=\"_blank\">\n<img src=\"https:\/\/justicapotiguar.com.br\/wp-content\/uploads\/2023\/09\/mobile-geral.gif\"\/><a\/>--><\/div><style type=\"text\/css\">\r\n.tllch69ef9134ed25f {\r\ntext-align: center;\r\n}\r\n@media screen and (min-width: 1201px) {\r\n.tllch69ef9134ed25f {\r\ndisplay: none;\r\n}\r\n}\r\n@media screen and (min-width: 993px) and (max-width: 1200px) {\r\n.tllch69ef9134ed25f {\r\ndisplay: none;\r\n}\r\n}\r\n@media screen and (min-width: 769px) and (max-width: 992px) {\r\n.tllch69ef9134ed25f {\r\ndisplay: none;\r\n}\r\n}\r\n@media screen and (min-width: 768px) and (max-width: 768px) {\r\n.tllch69ef9134ed25f {\r\ndisplay: block;\r\n}\r\n}\r\n@media screen and (max-width: 767px) {\r\n.tllch69ef9134ed25f {\r\ndisplay: block;\r\n}\r\n}\r\n<\/style>\r\n<div class=\"yfjar69ef9134ed23f\" ><!--<a href=\"https:\/\/bit.ly\/3QdrqTZ\" target=\"_blank\">\n<img src=\"https:\/\/justicapotiguar.com.br\/wp-content\/uploads\/2023\/09\/desktop-geral.gif\"\/><a\/>--><\/div><style type=\"text\/css\">\r\n.yfjar69ef9134ed23f {\r\ntext-align: center;\nmargin-bottom: 1em;\r\n}\r\n@media screen and (min-width: 1201px) {\r\n.yfjar69ef9134ed23f {\r\ndisplay: block;\r\n}\r\n}\r\n@media screen and (min-width: 993px) and (max-width: 1200px) {\r\n.yfjar69ef9134ed23f {\r\ndisplay: block;\r\n}\r\n}\r\n@media screen and (min-width: 769px) and (max-width: 992px) {\r\n.yfjar69ef9134ed23f {\r\ndisplay: block;\r\n}\r\n}\r\n@media screen and (min-width: 768px) and (max-width: 768px) {\r\n.yfjar69ef9134ed23f {\r\ndisplay: none;\r\n}\r\n}\r\n@media screen and (max-width: 767px) {\r\n.yfjar69ef9134ed23f {\r\ndisplay: none;\r\n}\r\n}\r\n<\/style>\r\n\n\n\n\n<p>Em seu voto, Madruga destacou haver nos autos elementos suficientes que revelam, a princ\u00edpio, omiss\u00e3o por parte do juiz, o que justifica a abertura do PAD para melhor an\u00e1lise de sua conduta, conforme previsto no art. 83, inciso I, do Regimento Interno do CNJ.<\/p>\n\n\n\n<p>Para o corregedor nacional de Justi\u00e7a, ministro Luis Felipe Salom\u00e3o, que apresentou o voto-vista acompanhando o relator, h\u00e1 a necessidade de &#8220;aprofundar as investiga\u00e7\u00f5es e estabelecer limites entre a atividade profissional que deveria ter sido adotada. \u00c9 o que se espera de um magistrado criminal e o exemplo que [a medida] pode ser para outros casos&#8221;.<\/p>\n\n\n\n<p>O ministro destacou que, de acordo com os dados do F\u00f3rum Brasileiro de Seguran\u00e7a P\u00fablica, &#8220;os registros de estupro e de estupro de vulner\u00e1vel de v\u00edtimas do sexo feminino apresentaram crescimento de 12,5% no primeiro semestre de 2022 em rela\u00e7\u00e3o ao primeiro semestre de 2021, totalizando 29.285 v\u00edtimas&#8221;.&nbsp; Entre janeiro e junho do citado ano, &#8220;ocorreu um estupro de menina ou de mulher a cada nove minutos no Brasil&#8221;. Salom\u00e3o afirmou, ainda, que os dados &#8220;alarmantes revelam uma realidade inaceit\u00e1vel&#8221;.<\/p>\n\n\n\n<p>Migalhas <\/p>\n","protected":false},"excerpt":{"rendered":"<p>Por maioria, o plen\u00e1rio do CNJ decidiu pela abertura de PAD contra o juiz Rudson Marcos, do TJ\/SC. O objetivo \u00e9 investigar a atua\u00e7\u00e3o do magistrado durante a audi\u00eancia que colheu o depoimento da v\u00edtima Mariana Borges Ferrer em a\u00e7\u00e3o penal que tratava de suposto crime de estupro de vulner\u00e1vel. A decis\u00e3o, que seguiu o<br \/><a class=\"more-link\" href=\"https:\/\/justicapotiguar.com.br\/index.php\/2023\/05\/24\/cnj-investigara-juiz-do-caso-mari-ferrer-por-suposta-omissao-relembre\/\">Mais&#8230;<\/a><\/p>\n","protected":false},"author":5,"featured_media":0,"comment_status":"open","ping_status":"open","sticky":false,"template":"","format":"standard","meta":[],"categories":[1],"tags":[],"_links":{"self":[{"href":"https:\/\/justicapotiguar.com.br\/index.php\/wp-json\/wp\/v2\/posts\/31987"}],"collection":[{"href":"https:\/\/justicapotiguar.com.br\/index.php\/wp-json\/wp\/v2\/posts"}],"about":[{"href":"https:\/\/justicapotiguar.com.br\/index.php\/wp-json\/wp\/v2\/types\/post"}],"author":[{"embeddable":true,"href":"https:\/\/justicapotiguar.com.br\/index.php\/wp-json\/wp\/v2\/users\/5"}],"replies":[{"embeddable":true,"href":"https:\/\/justicapotiguar.com.br\/index.php\/wp-json\/wp\/v2\/comments?post=31987"}],"version-history":[{"count":1,"href":"https:\/\/justicapotiguar.com.br\/index.php\/wp-json\/wp\/v2\/posts\/31987\/revisions"}],"predecessor-version":[{"id":31988,"href":"https:\/\/justicapotiguar.com.br\/index.php\/wp-json\/wp\/v2\/posts\/31987\/revisions\/31988"}],"wp:attachment":[{"href":"https:\/\/justicapotiguar.com.br\/index.php\/wp-json\/wp\/v2\/media?parent=31987"}],"wp:term":[{"taxonomy":"category","embeddable":true,"href":"https:\/\/justicapotiguar.com.br\/index.php\/wp-json\/wp\/v2\/categories?post=31987"},{"taxonomy":"post_tag","embeddable":true,"href":"https:\/\/justicapotiguar.com.br\/index.php\/wp-json\/wp\/v2\/tags?post=31987"}],"curies":[{"name":"wp","href":"https:\/\/api.w.org\/{rel}","templated":true}]}}