{"id":31983,"date":"2023-05-24T16:20:32","date_gmt":"2023-05-24T19:20:32","guid":{"rendered":"https:\/\/justicapotiguar.com.br\/?p=31983"},"modified":"2023-05-24T16:33:47","modified_gmt":"2023-05-24T19:33:47","slug":"mpf-arquiva-denuncia-sobre-uso-de-vestimentas-com-simbolos-patrioticos","status":"publish","type":"post","link":"https:\/\/justicapotiguar.com.br\/index.php\/2023\/05\/24\/mpf-arquiva-denuncia-sobre-uso-de-vestimentas-com-simbolos-patrioticos\/","title":{"rendered":"MPF arquiva den\u00fancia sobre uso de vestimentas com s\u00edmbolos patri\u00f3ticos"},"content":{"rendered":"\n<p>N\u00e3o \u00e9 crime vender ou usar vestu\u00e1rio com os s\u00edmbolos nacionais para manifestar o sentimento patri\u00f3tico<\/p>\n\n\n\n<figure class=\"wp-block-image size-large\"><img loading=\"lazy\" width=\"554\" height=\"554\" src=\"https:\/\/justicapotiguar.com.br\/wp-content\/uploads\/2023\/05\/images-87.jpeg\" alt=\"\" class=\"wp-image-31985\" srcset=\"https:\/\/justicapotiguar.com.br\/wp-content\/uploads\/2023\/05\/images-87.jpeg 554w, https:\/\/justicapotiguar.com.br\/wp-content\/uploads\/2023\/05\/images-87-300x300.jpeg 300w, https:\/\/justicapotiguar.com.br\/wp-content\/uploads\/2023\/05\/images-87-150x150.jpeg 150w\" sizes=\"(max-width: 554px) 100vw, 554px\" \/><figcaption>Ilustrativa<\/figcaption><\/figure>\n\n\n\n<p>Esse foi o entendimento do MPF ao arquivar um pedido de investiga\u00e7\u00e3o contra uma empresa que comercializava camisetas com diversas estampas com as cores, os s\u00edmbolos, frases e outras alus\u00f5es ao Brasil.<\/p>\n\n\n\n<p>Segundo o procurador que assina a decis\u00e3o, o crime de que a empresa foi acusada, art. 296, \u00a7 1\u00ba, III, do C\u00f3digo Penal, s\u00f3 se configura quando o agente que usa desses s\u00edmbolos o faz para se passar por um funcion\u00e1rio p\u00fablico e, assim, causar temor nas demais pessoas. Casos assim foram citados na mesma decis\u00e3o, como os de particulares que usavam o logotipo da Pol\u00edcia Federal no cap\u00f4 do seu carro ou numa camiseta preta para se passarem por policiais; de um contador que utilizava o s\u00edmbolo da Receita Federal na fachada do seu escrit\u00f3rio e no seu material de divulga\u00e7\u00e3o (cartazes, calend\u00e1rios e cart\u00f5es de visita); de um detetive particular que usava o bras\u00e3o da Rep\u00fablica em propaganda de sua atividade; e de um diretor de uma ONG que distribu\u00eda aos demais membros da entidade carteiras de &#8220;inspetor do meio ambiente&#8221; e &#8220;delegado ambiental&#8221; com s\u00edmbolos representativos das Armas da Rep\u00fablica.<\/p>\n\n\n\n<p>Tais situa\u00e7\u00f5es n\u00e3o se confundem com a de quem usa camisas, toalhas, bon\u00e9s com meras estampas alusivas \u00e0 P\u00e1tria, ou mesmo a bandeira nacional (pr\u00e1tica comum nas fachadas de casas no exterior) sem qualquer inten\u00e7\u00e3o de fingir ser servidor p\u00fablico ou estar a servi\u00e7o do Estado, explicou o procurador.<\/p><div class=\"vvpje69ef917c6170c\" ><!--<a href=\"https:\/\/bit.ly\/3QdrqTZ\" target=\"_blank\">\n<img src=\"https:\/\/justicapotiguar.com.br\/wp-content\/uploads\/2023\/09\/mobile-geral.gif\"\/><a\/>--><\/div><style type=\"text\/css\">\r\n.vvpje69ef917c6170c {\r\ntext-align: center;\r\n}\r\n@media screen and (min-width: 1201px) {\r\n.vvpje69ef917c6170c {\r\ndisplay: none;\r\n}\r\n}\r\n@media screen and (min-width: 993px) and (max-width: 1200px) {\r\n.vvpje69ef917c6170c {\r\ndisplay: none;\r\n}\r\n}\r\n@media screen and (min-width: 769px) and (max-width: 992px) {\r\n.vvpje69ef917c6170c {\r\ndisplay: none;\r\n}\r\n}\r\n@media screen and (min-width: 768px) and (max-width: 768px) {\r\n.vvpje69ef917c6170c {\r\ndisplay: block;\r\n}\r\n}\r\n@media screen and (max-width: 767px) {\r\n.vvpje69ef917c6170c {\r\ndisplay: block;\r\n}\r\n}\r\n<\/style>\r\n<div class=\"iarzl69ef917c616ed\" ><!--<a href=\"https:\/\/bit.ly\/3QdrqTZ\" target=\"_blank\">\n<img src=\"https:\/\/justicapotiguar.com.br\/wp-content\/uploads\/2023\/09\/desktop-geral.gif\"\/><a\/>--><\/div><style type=\"text\/css\">\r\n.iarzl69ef917c616ed {\r\ntext-align: center;\nmargin-bottom: 1em;\r\n}\r\n@media screen and (min-width: 1201px) {\r\n.iarzl69ef917c616ed {\r\ndisplay: block;\r\n}\r\n}\r\n@media screen and (min-width: 993px) and (max-width: 1200px) {\r\n.iarzl69ef917c616ed {\r\ndisplay: block;\r\n}\r\n}\r\n@media screen and (min-width: 769px) and (max-width: 992px) {\r\n.iarzl69ef917c616ed {\r\ndisplay: block;\r\n}\r\n}\r\n@media screen and (min-width: 768px) and (max-width: 768px) {\r\n.iarzl69ef917c616ed {\r\ndisplay: none;\r\n}\r\n}\r\n@media screen and (max-width: 767px) {\r\n.iarzl69ef917c616ed {\r\ndisplay: none;\r\n}\r\n}\r\n<\/style>\r\n\n\n\n\n<p>A legalidade desse comportamento, arrematou, est\u00e1 expressa no art. 10 da Lei n\u00ba 5.700\/1971.<\/p>\n\n\n\n<p>Confira pe\u00e7a na \u00edntegra<\/p>\n\n\n\n<div class=\"wp-block-file\"><a href=\"https:\/\/justicapotiguar.com.br\/wp-content\/uploads\/2023\/05\/DECISAO-TARJADA-1.pdf\">DECISAO-TARJADA-1<\/a><a href=\"https:\/\/justicapotiguar.com.br\/wp-content\/uploads\/2023\/05\/DECISAO-TARJADA-1.pdf\" class=\"wp-block-file__button\" download>Baixar<\/a><\/div>\n","protected":false},"excerpt":{"rendered":"<p>N\u00e3o \u00e9 crime vender ou usar vestu\u00e1rio com os s\u00edmbolos nacionais para manifestar o sentimento patri\u00f3tico Esse foi o entendimento do MPF ao arquivar um pedido de investiga\u00e7\u00e3o contra uma empresa que comercializava camisetas com diversas estampas com as cores, os s\u00edmbolos, frases e outras alus\u00f5es ao Brasil. Segundo o procurador que assina a decis\u00e3o,<br \/><a class=\"more-link\" href=\"https:\/\/justicapotiguar.com.br\/index.php\/2023\/05\/24\/mpf-arquiva-denuncia-sobre-uso-de-vestimentas-com-simbolos-patrioticos\/\">Mais&#8230;<\/a><\/p>\n","protected":false},"author":5,"featured_media":0,"comment_status":"open","ping_status":"open","sticky":false,"template":"","format":"standard","meta":[],"categories":[1],"tags":[],"_links":{"self":[{"href":"https:\/\/justicapotiguar.com.br\/index.php\/wp-json\/wp\/v2\/posts\/31983"}],"collection":[{"href":"https:\/\/justicapotiguar.com.br\/index.php\/wp-json\/wp\/v2\/posts"}],"about":[{"href":"https:\/\/justicapotiguar.com.br\/index.php\/wp-json\/wp\/v2\/types\/post"}],"author":[{"embeddable":true,"href":"https:\/\/justicapotiguar.com.br\/index.php\/wp-json\/wp\/v2\/users\/5"}],"replies":[{"embeddable":true,"href":"https:\/\/justicapotiguar.com.br\/index.php\/wp-json\/wp\/v2\/comments?post=31983"}],"version-history":[{"count":2,"href":"https:\/\/justicapotiguar.com.br\/index.php\/wp-json\/wp\/v2\/posts\/31983\/revisions"}],"predecessor-version":[{"id":31989,"href":"https:\/\/justicapotiguar.com.br\/index.php\/wp-json\/wp\/v2\/posts\/31983\/revisions\/31989"}],"wp:attachment":[{"href":"https:\/\/justicapotiguar.com.br\/index.php\/wp-json\/wp\/v2\/media?parent=31983"}],"wp:term":[{"taxonomy":"category","embeddable":true,"href":"https:\/\/justicapotiguar.com.br\/index.php\/wp-json\/wp\/v2\/categories?post=31983"},{"taxonomy":"post_tag","embeddable":true,"href":"https:\/\/justicapotiguar.com.br\/index.php\/wp-json\/wp\/v2\/tags?post=31983"}],"curies":[{"name":"wp","href":"https:\/\/api.w.org\/{rel}","templated":true}]}}