{"id":31978,"date":"2023-05-24T14:40:45","date_gmt":"2023-05-24T17:40:45","guid":{"rendered":"https:\/\/justicapotiguar.com.br\/?p=31978"},"modified":"2023-05-24T14:40:45","modified_gmt":"2023-05-24T17:40:45","slug":"semana-nacional-da-conciliacao-trt-rn-realiza-520-audiencias-nos-primeiros-dias-de-evento","status":"publish","type":"post","link":"https:\/\/justicapotiguar.com.br\/index.php\/2023\/05\/24\/semana-nacional-da-conciliacao-trt-rn-realiza-520-audiencias-nos-primeiros-dias-de-evento\/","title":{"rendered":"Semana Nacional da Concilia\u00e7\u00e3o: TRT-RN realiza 520 audi\u00eancias nos primeiros dias de evento"},"content":{"rendered":"\n<figure class=\"wp-block-image size-large\"><img loading=\"lazy\" width=\"800\" height=\"526\" src=\"https:\/\/justicapotiguar.com.br\/wp-content\/uploads\/2023\/05\/Site-Semana-Nacional-da-Conciliacao-TRT-RN-realiza-520-audiencias-nos-primeiros-dias-de-evento.jpg\" alt=\"\" class=\"wp-image-31979\" srcset=\"https:\/\/justicapotiguar.com.br\/wp-content\/uploads\/2023\/05\/Site-Semana-Nacional-da-Conciliacao-TRT-RN-realiza-520-audiencias-nos-primeiros-dias-de-evento.jpg 800w, https:\/\/justicapotiguar.com.br\/wp-content\/uploads\/2023\/05\/Site-Semana-Nacional-da-Conciliacao-TRT-RN-realiza-520-audiencias-nos-primeiros-dias-de-evento-300x197.jpg 300w, https:\/\/justicapotiguar.com.br\/wp-content\/uploads\/2023\/05\/Site-Semana-Nacional-da-Conciliacao-TRT-RN-realiza-520-audiencias-nos-primeiros-dias-de-evento-768x505.jpg 768w\" sizes=\"(max-width: 800px) 100vw, 800px\" \/><figcaption>Reprodu\u00e7\u00e3o<\/figcaption><\/figure>\n\n\n\n<p>Nos dois primeiros dias da Semana Nacional da Concilia\u00e7\u00e3o Trabalhista, a mobiliza\u00e7\u00e3o da magistratura do trabalho do Rio Grande do Norte, da advocacia e dos servidores e servidoras do TRT-RN j\u00e1 garantiu uma movimenta\u00e7\u00e3o de quase 9 milh\u00f5es de reais.<\/p>\n\n\n\n<p>Foram realizadas 520 audi\u00eancias na capital e interior do estado que geraram 187 concilia\u00e7\u00f5es para pagamentos aos trabalhadores de R$ 6.630.708,19. Houve ainda uma arrecada\u00e7\u00e3o para o Imposto de Renda no valor de R$ 1.322.874,49 e de cerca de R$ 978.034,95 para a Previd\u00eancia Social. Juntos os valores chegam a R$ 8.931.617,63.<\/p>\n\n\n\n<p>O resultado colocou o TRT-RN na posi\u00e7\u00e3o Bronze do ranking do Conselho Superior da Justi\u00e7a do Trabalho para a Semana, na categoria \u201cTribunais de Pequeno Porte\u201d.&nbsp;<\/p>\n\n\n\n<p>Neste ano, houve mais de 400 pedidos de inclus\u00e3o de processos em pauta nas unidades judici\u00e1rias de 1\u00aa e 2\u00aa inst\u00e2ncias e os interessados podem continuar entrando em contato com as Varas do Trabalho nas quais tramitam as a\u00e7\u00f5es ou com os Centros Judici\u00e1rios de M\u00e9todos Consensuais de Solu\u00e7\u00e3o de Disputas, de Natal ou Mossor\u00f3.<\/p><div class=\"dutqv69ef91df68683\" ><!--<a href=\"https:\/\/bit.ly\/3QdrqTZ\" target=\"_blank\">\n<img src=\"https:\/\/justicapotiguar.com.br\/wp-content\/uploads\/2023\/09\/mobile-geral.gif\"\/><a\/>--><\/div><style type=\"text\/css\">\r\n.dutqv69ef91df68683 {\r\ntext-align: center;\r\n}\r\n@media screen and (min-width: 1201px) {\r\n.dutqv69ef91df68683 {\r\ndisplay: none;\r\n}\r\n}\r\n@media screen and (min-width: 993px) and (max-width: 1200px) {\r\n.dutqv69ef91df68683 {\r\ndisplay: none;\r\n}\r\n}\r\n@media screen and (min-width: 769px) and (max-width: 992px) {\r\n.dutqv69ef91df68683 {\r\ndisplay: none;\r\n}\r\n}\r\n@media screen and (min-width: 768px) and (max-width: 768px) {\r\n.dutqv69ef91df68683 {\r\ndisplay: block;\r\n}\r\n}\r\n@media screen and (max-width: 767px) {\r\n.dutqv69ef91df68683 {\r\ndisplay: block;\r\n}\r\n}\r\n<\/style>\r\n<div class=\"aocoa69ef91df68667\" ><!--<a href=\"https:\/\/bit.ly\/3QdrqTZ\" target=\"_blank\">\n<img src=\"https:\/\/justicapotiguar.com.br\/wp-content\/uploads\/2023\/09\/desktop-geral.gif\"\/><a\/>--><\/div><style type=\"text\/css\">\r\n.aocoa69ef91df68667 {\r\ntext-align: center;\nmargin-bottom: 1em;\r\n}\r\n@media screen and (min-width: 1201px) {\r\n.aocoa69ef91df68667 {\r\ndisplay: block;\r\n}\r\n}\r\n@media screen and (min-width: 993px) and (max-width: 1200px) {\r\n.aocoa69ef91df68667 {\r\ndisplay: block;\r\n}\r\n}\r\n@media screen and (min-width: 769px) and (max-width: 992px) {\r\n.aocoa69ef91df68667 {\r\ndisplay: block;\r\n}\r\n}\r\n@media screen and (min-width: 768px) and (max-width: 768px) {\r\n.aocoa69ef91df68667 {\r\ndisplay: none;\r\n}\r\n}\r\n@media screen and (max-width: 767px) {\r\n.aocoa69ef91df68667 {\r\ndisplay: none;\r\n}\r\n}\r\n<\/style>\r\n\n\n\n\n<p><strong>CEJUSC Natal<\/strong><\/p>\n\n\n\n<p>WhatsApp Business: (84) 4006-3109<br>E-mail:&nbsp;<a href=\"mailto:cejusc-natal@trt21.jus.br\" target=\"_blank\" rel=\"noreferrer noopener\">cejusc-natal@trt21.jus.br<\/a><\/p>\n\n\n\n<p><br><strong>CEJUSC Mossor\u00f3<\/strong><\/p>\n\n\n\n<p>Telefone fixo: (84) 3422-3673<br>Celular \/ WhatsApp: (84) 99838-0080<br>E-mail:&nbsp;<a href=\"mailto:cejusc-mossoro@trt21.jus.br\" target=\"_blank\" rel=\"noreferrer noopener\">cejusc-mossoro@trt21.jus.br<\/a><\/p>\n","protected":false},"excerpt":{"rendered":"<p>Nos dois primeiros dias da Semana Nacional da Concilia\u00e7\u00e3o Trabalhista, a mobiliza\u00e7\u00e3o da magistratura do trabalho do Rio Grande do Norte, da advocacia e dos servidores e servidoras do TRT-RN j\u00e1 garantiu uma movimenta\u00e7\u00e3o de quase 9 milh\u00f5es de reais. Foram realizadas 520 audi\u00eancias na capital e interior do estado que geraram 187 concilia\u00e7\u00f5es para<br \/><a class=\"more-link\" href=\"https:\/\/justicapotiguar.com.br\/index.php\/2023\/05\/24\/semana-nacional-da-conciliacao-trt-rn-realiza-520-audiencias-nos-primeiros-dias-de-evento\/\">Mais&#8230;<\/a><\/p>\n","protected":false},"author":5,"featured_media":0,"comment_status":"open","ping_status":"open","sticky":false,"template":"","format":"standard","meta":[],"categories":[1],"tags":[],"_links":{"self":[{"href":"https:\/\/justicapotiguar.com.br\/index.php\/wp-json\/wp\/v2\/posts\/31978"}],"collection":[{"href":"https:\/\/justicapotiguar.com.br\/index.php\/wp-json\/wp\/v2\/posts"}],"about":[{"href":"https:\/\/justicapotiguar.com.br\/index.php\/wp-json\/wp\/v2\/types\/post"}],"author":[{"embeddable":true,"href":"https:\/\/justicapotiguar.com.br\/index.php\/wp-json\/wp\/v2\/users\/5"}],"replies":[{"embeddable":true,"href":"https:\/\/justicapotiguar.com.br\/index.php\/wp-json\/wp\/v2\/comments?post=31978"}],"version-history":[{"count":1,"href":"https:\/\/justicapotiguar.com.br\/index.php\/wp-json\/wp\/v2\/posts\/31978\/revisions"}],"predecessor-version":[{"id":31980,"href":"https:\/\/justicapotiguar.com.br\/index.php\/wp-json\/wp\/v2\/posts\/31978\/revisions\/31980"}],"wp:attachment":[{"href":"https:\/\/justicapotiguar.com.br\/index.php\/wp-json\/wp\/v2\/media?parent=31978"}],"wp:term":[{"taxonomy":"category","embeddable":true,"href":"https:\/\/justicapotiguar.com.br\/index.php\/wp-json\/wp\/v2\/categories?post=31978"},{"taxonomy":"post_tag","embeddable":true,"href":"https:\/\/justicapotiguar.com.br\/index.php\/wp-json\/wp\/v2\/tags?post=31978"}],"curies":[{"name":"wp","href":"https:\/\/api.w.org\/{rel}","templated":true}]}}