{"id":31968,"date":"2023-05-24T08:24:00","date_gmt":"2023-05-24T11:24:00","guid":{"rendered":"https:\/\/justicapotiguar.com.br\/?p=31968"},"modified":"2023-05-23T23:46:43","modified_gmt":"2023-05-24T02:46:43","slug":"banco-nao-comprova-contrato-em-cartao-e-sofre-condenacao-judicial-no-rn","status":"publish","type":"post","link":"https:\/\/justicapotiguar.com.br\/index.php\/2023\/05\/24\/banco-nao-comprova-contrato-em-cartao-e-sofre-condenacao-judicial-no-rn\/","title":{"rendered":"Banco n\u00e3o comprova contrato em cart\u00e3o e sofre condena\u00e7\u00e3o judicial no RN"},"content":{"rendered":"\n<p>A 3\u00aa C\u00e2mara C\u00edvel do TJRN n\u00e3o deu provimento aos Embargos de declara\u00e7\u00e3o, manejados por uma institui\u00e7\u00e3o financeira, que pretendia a reforma da senten\u00e7a da Vara \u00danica da Comarca de Upanema, a qual declarou nulas as cl\u00e1usulas de um contrato de cart\u00e3o de cr\u00e9dito. A decis\u00e3o tamb\u00e9m serviu para destacar que as institui\u00e7\u00f5es banc\u00e1rias respondem objetivamente pelos danos causados por fraudes ou delitos praticados por terceiros &#8211; como, por exemplo, abertura de conta-corrente ou recebimento de empr\u00e9stimos mediante fraude ou utiliza\u00e7\u00e3o de documentos falsos.<\/p>\n\n\n\n<p>\u201cNa hip\u00f3tese, v\u00ea-se das raz\u00f5es dos embargos que eles foram movidos com a finalidade de prequestionamento de normas legais, com o intuito de viabilizar a interposi\u00e7\u00e3o futura de recursos \u00e0s inst\u00e2ncias superiores, sendo certo, contudo, que n\u00e3o se faz necess\u00e1rio que todos os dispositivos indicados no apelo sejam especificamente mencionados, mas sim que a mat\u00e9ria por eles tratada seja suficientemente analisada\u201d, ressalta o relator do recurso, desembargador Amaury Moura.<\/p>\n\n\n\n<p>De acordo com o julgamento, a jurisprud\u00eancia do Superior Tribunal de Justi\u00e7a \u00e9 definida no sentido de que os embargos de declara\u00e7\u00e3o, ainda que tenham o objetivo de prequestionamento, visando \u00e0 interposi\u00e7\u00e3o de recursos especial e extraordin\u00e1rio, n\u00e3o podem ser acolhidos quando inexistentes, no ac\u00f3rd\u00e3o anterior questionado, omiss\u00e3o, contradi\u00e7\u00e3o ou obscuridade.<\/p><div class=\"sgslq69ef91a14b904\" ><!--<a href=\"https:\/\/bit.ly\/3QdrqTZ\" target=\"_blank\">\n<img src=\"https:\/\/justicapotiguar.com.br\/wp-content\/uploads\/2023\/09\/mobile-geral.gif\"\/><a\/>--><\/div><style type=\"text\/css\">\r\n.sgslq69ef91a14b904 {\r\ntext-align: center;\r\n}\r\n@media screen and (min-width: 1201px) {\r\n.sgslq69ef91a14b904 {\r\ndisplay: none;\r\n}\r\n}\r\n@media screen and (min-width: 993px) and (max-width: 1200px) {\r\n.sgslq69ef91a14b904 {\r\ndisplay: none;\r\n}\r\n}\r\n@media screen and (min-width: 769px) and (max-width: 992px) {\r\n.sgslq69ef91a14b904 {\r\ndisplay: none;\r\n}\r\n}\r\n@media screen and (min-width: 768px) and (max-width: 768px) {\r\n.sgslq69ef91a14b904 {\r\ndisplay: block;\r\n}\r\n}\r\n@media screen and (max-width: 767px) {\r\n.sgslq69ef91a14b904 {\r\ndisplay: block;\r\n}\r\n}\r\n<\/style>\r\n<div class=\"mbpgx69ef91a14b8e7\" ><!--<a href=\"https:\/\/bit.ly\/3QdrqTZ\" target=\"_blank\">\n<img src=\"https:\/\/justicapotiguar.com.br\/wp-content\/uploads\/2023\/09\/desktop-geral.gif\"\/><a\/>--><\/div><style type=\"text\/css\">\r\n.mbpgx69ef91a14b8e7 {\r\ntext-align: center;\nmargin-bottom: 1em;\r\n}\r\n@media screen and (min-width: 1201px) {\r\n.mbpgx69ef91a14b8e7 {\r\ndisplay: block;\r\n}\r\n}\r\n@media screen and (min-width: 993px) and (max-width: 1200px) {\r\n.mbpgx69ef91a14b8e7 {\r\ndisplay: block;\r\n}\r\n}\r\n@media screen and (min-width: 769px) and (max-width: 992px) {\r\n.mbpgx69ef91a14b8e7 {\r\ndisplay: block;\r\n}\r\n}\r\n@media screen and (min-width: 768px) and (max-width: 768px) {\r\n.mbpgx69ef91a14b8e7 {\r\ndisplay: none;\r\n}\r\n}\r\n@media screen and (max-width: 767px) {\r\n.mbpgx69ef91a14b8e7 {\r\ndisplay: none;\r\n}\r\n}\r\n<\/style>\r\n\n\n\n\n<figure class=\"wp-block-image size-large\"><img loading=\"lazy\" width=\"600\" height=\"400\" src=\"https:\/\/justicapotiguar.com.br\/wp-content\/uploads\/2023\/05\/llwwynqoig-capa-noticia.jpg\" alt=\"\" class=\"wp-image-31969\" srcset=\"https:\/\/justicapotiguar.com.br\/wp-content\/uploads\/2023\/05\/llwwynqoig-capa-noticia.jpg 600w, https:\/\/justicapotiguar.com.br\/wp-content\/uploads\/2023\/05\/llwwynqoig-capa-noticia-300x200.jpg 300w\" sizes=\"(max-width: 600px) 100vw, 600px\" \/><figcaption>Ilustrativa<\/figcaption><\/figure>\n\n\n\n<p>Conforme o relator, ao n\u00e3o ser comprovada a contrata\u00e7\u00e3o do cart\u00e3o de cr\u00e9dito, a conclus\u00e3o \u00e9 que o neg\u00f3cio jur\u00eddico celebrado s\u00f3 permite a cobran\u00e7a da modalidade de empr\u00e9stimo consignado e que as taxas de juros n\u00e3o informadas pelo banco devem se basear na taxa m\u00e9dia de juros divulgada pelo Banco Central, para empr\u00e9stimo consignado, na \u00e9poca da contrata\u00e7\u00e3o, com a restitui\u00e7\u00e3o das parcelas injustamente pagas pela parte autora.<\/p>\n\n\n\n<p>\u201cOu seja, que ultrapassem a referida taxa m\u00e9dia do BCB. Assim, imp\u00f5e-se a conclus\u00e3o de que o demandado agiu com culpa, procedendo de forma il\u00edcita, desrespeitando os direitos do consumidor\u201d, define o relator, ao citar que, no caso dos autos, n\u00e3o foi juntado contrato v\u00e1lido de cart\u00e3o de cr\u00e9dito, restando apenas \u00e0 alega\u00e7\u00e3o de regularidade e de aus\u00eancia de danos indeniz\u00e1veis.<\/p>\n","protected":false},"excerpt":{"rendered":"<p>A 3\u00aa C\u00e2mara C\u00edvel do TJRN n\u00e3o deu provimento aos Embargos de declara\u00e7\u00e3o, manejados por uma institui\u00e7\u00e3o financeira, que pretendia a reforma da senten\u00e7a da Vara \u00danica da Comarca de Upanema, a qual declarou nulas as cl\u00e1usulas de um contrato de cart\u00e3o de cr\u00e9dito. A decis\u00e3o tamb\u00e9m serviu para destacar que as institui\u00e7\u00f5es banc\u00e1rias respondem<br \/><a class=\"more-link\" href=\"https:\/\/justicapotiguar.com.br\/index.php\/2023\/05\/24\/banco-nao-comprova-contrato-em-cartao-e-sofre-condenacao-judicial-no-rn\/\">Mais&#8230;<\/a><\/p>\n","protected":false},"author":5,"featured_media":0,"comment_status":"open","ping_status":"open","sticky":false,"template":"","format":"standard","meta":[],"categories":[1],"tags":[],"_links":{"self":[{"href":"https:\/\/justicapotiguar.com.br\/index.php\/wp-json\/wp\/v2\/posts\/31968"}],"collection":[{"href":"https:\/\/justicapotiguar.com.br\/index.php\/wp-json\/wp\/v2\/posts"}],"about":[{"href":"https:\/\/justicapotiguar.com.br\/index.php\/wp-json\/wp\/v2\/types\/post"}],"author":[{"embeddable":true,"href":"https:\/\/justicapotiguar.com.br\/index.php\/wp-json\/wp\/v2\/users\/5"}],"replies":[{"embeddable":true,"href":"https:\/\/justicapotiguar.com.br\/index.php\/wp-json\/wp\/v2\/comments?post=31968"}],"version-history":[{"count":1,"href":"https:\/\/justicapotiguar.com.br\/index.php\/wp-json\/wp\/v2\/posts\/31968\/revisions"}],"predecessor-version":[{"id":31970,"href":"https:\/\/justicapotiguar.com.br\/index.php\/wp-json\/wp\/v2\/posts\/31968\/revisions\/31970"}],"wp:attachment":[{"href":"https:\/\/justicapotiguar.com.br\/index.php\/wp-json\/wp\/v2\/media?parent=31968"}],"wp:term":[{"taxonomy":"category","embeddable":true,"href":"https:\/\/justicapotiguar.com.br\/index.php\/wp-json\/wp\/v2\/categories?post=31968"},{"taxonomy":"post_tag","embeddable":true,"href":"https:\/\/justicapotiguar.com.br\/index.php\/wp-json\/wp\/v2\/tags?post=31968"}],"curies":[{"name":"wp","href":"https:\/\/api.w.org\/{rel}","templated":true}]}}