{"id":31962,"date":"2023-05-23T17:11:49","date_gmt":"2023-05-23T20:11:49","guid":{"rendered":"https:\/\/justicapotiguar.com.br\/?p=31962"},"modified":"2023-05-23T17:11:49","modified_gmt":"2023-05-23T20:11:49","slug":"seguradora-nao-tera-que-indenizar-parente-de-ex-segurado-envolvido-em-roubo","status":"publish","type":"post","link":"https:\/\/justicapotiguar.com.br\/index.php\/2023\/05\/23\/seguradora-nao-tera-que-indenizar-parente-de-ex-segurado-envolvido-em-roubo\/","title":{"rendered":"Seguradora n\u00e3o ter\u00e1 que indenizar parente de ex-segurado envolvido em roubo"},"content":{"rendered":"\n<figure class=\"wp-block-image size-large\"><img loading=\"lazy\" width=\"460\" height=\"320\" src=\"https:\/\/justicapotiguar.com.br\/wp-content\/uploads\/2022\/04\/88491-assalto_jpg.jpeg\" alt=\"\" class=\"wp-image-25779\" srcset=\"https:\/\/justicapotiguar.com.br\/wp-content\/uploads\/2022\/04\/88491-assalto_jpg.jpeg 460w, https:\/\/justicapotiguar.com.br\/wp-content\/uploads\/2022\/04\/88491-assalto_jpg-300x209.jpeg 300w\" sizes=\"(max-width: 460px) 100vw, 460px\" \/><\/figure>\n\n\n\n<p>A 3\u00aa C\u00e2mara C\u00edvel do TJRN manteve a senten\u00e7a da 8\u00aa Vara C\u00edvel da Comarca de Natal que, nos autos da A\u00e7\u00e3o Cobran\u00e7a de Seguro, proposta contra uma empresa de seguros e previd\u00eancia, julgou improcedente o pedido de um homem, primo de um ent\u00e3o segurado, falecido ap\u00f3s ser baleado com tiros e que seria autor de crimes, cometidos com a moto, adquirida pelo recorrente. Segundo o autor do recurso, os depoimentos juntados pela empresa n\u00e3o passariam de textos, escritos de forma unilateral, sem qualquer participa\u00e7\u00e3o das depoentes e sem assinatura destes. Argumento n\u00e3o acolhido pelo \u00f3rg\u00e3o julgador, que manteve a negativa ao benef\u00edcio pleiteado.<\/p>\n\n\n\n<p>A parte autora insistiu e alegou que se faz necess\u00e1rio destacar que a empresa requereu a produ\u00e7\u00e3o de provas testemunhal, contudo, posteriormente, em audi\u00eancia, desistiu da produ\u00e7\u00e3o e \u201cn\u00e3o trouxe provas aos autos\u201d.<\/p>\n\n\n\n<p>Contudo, conforme os autos, na carta de recusa, a seguradora esclareceu que o contratante prestou informa\u00e7\u00f5es incorretas quando preencheu e assinou a proposta n\u00ba 102.022.997, influenciando na an\u00e1lise de risco e de forma decisiva na aceita\u00e7\u00e3o ou recursa da proposta, raz\u00e3o pela qual entendeu que houve viola\u00e7\u00e3o aos artigos 765 e 766 do C\u00f3digo Civil.<\/p><div class=\"ddrsf69ef98d23efc9\" ><!--<a href=\"https:\/\/bit.ly\/3QdrqTZ\" target=\"_blank\">\n<img src=\"https:\/\/justicapotiguar.com.br\/wp-content\/uploads\/2023\/09\/mobile-geral.gif\"\/><a\/>--><\/div><style type=\"text\/css\">\r\n.ddrsf69ef98d23efc9 {\r\ntext-align: center;\r\n}\r\n@media screen and (min-width: 1201px) {\r\n.ddrsf69ef98d23efc9 {\r\ndisplay: none;\r\n}\r\n}\r\n@media screen and (min-width: 993px) and (max-width: 1200px) {\r\n.ddrsf69ef98d23efc9 {\r\ndisplay: none;\r\n}\r\n}\r\n@media screen and (min-width: 769px) and (max-width: 992px) {\r\n.ddrsf69ef98d23efc9 {\r\ndisplay: none;\r\n}\r\n}\r\n@media screen and (min-width: 768px) and (max-width: 768px) {\r\n.ddrsf69ef98d23efc9 {\r\ndisplay: block;\r\n}\r\n}\r\n@media screen and (max-width: 767px) {\r\n.ddrsf69ef98d23efc9 {\r\ndisplay: block;\r\n}\r\n}\r\n<\/style>\r\n<div class=\"ybamw69ef98d23efb6\" ><!--<a href=\"https:\/\/bit.ly\/3QdrqTZ\" target=\"_blank\">\n<img src=\"https:\/\/justicapotiguar.com.br\/wp-content\/uploads\/2023\/09\/desktop-geral.gif\"\/><a\/>--><\/div><style type=\"text\/css\">\r\n.ybamw69ef98d23efb6 {\r\ntext-align: center;\nmargin-bottom: 1em;\r\n}\r\n@media screen and (min-width: 1201px) {\r\n.ybamw69ef98d23efb6 {\r\ndisplay: block;\r\n}\r\n}\r\n@media screen and (min-width: 993px) and (max-width: 1200px) {\r\n.ybamw69ef98d23efb6 {\r\ndisplay: block;\r\n}\r\n}\r\n@media screen and (min-width: 769px) and (max-width: 992px) {\r\n.ybamw69ef98d23efb6 {\r\ndisplay: block;\r\n}\r\n}\r\n@media screen and (min-width: 768px) and (max-width: 768px) {\r\n.ybamw69ef98d23efb6 {\r\ndisplay: none;\r\n}\r\n}\r\n@media screen and (max-width: 767px) {\r\n.ybamw69ef98d23efb6 {\r\ndisplay: none;\r\n}\r\n}\r\n<\/style>\r\n\n\n\n\n<p>\u201cDe fato os depoimentos prestados pela av\u00f3 e pela genitora do ex-segurado foram colhidas em entrevistas com familiares durante o processo de sindic\u00e2ncia realizado pela seguradora e que as declara\u00e7\u00f5es, apesar de n\u00e3o prestadas em Ju\u00edzo, guardam absoluta correla\u00e7\u00e3o com as demais provas colacionadas aos autos\u201d, explica o relator, desembargador Amaury Moura Sobrinho, ao ressaltar que se estas fossem as \u00fanicas provas existentes ou se estivessem em desacordo com o conjunto probat\u00f3rio, poderia eventualmente assistir alguma raz\u00e3o \u00e0 tese deduzida neste recurso.<\/p>\n\n\n\n<p>A relatoria tamb\u00e9m destacou que, se o pr\u00f3prio autor da a\u00e7\u00e3o, que conhecia e residia no mesmo endere\u00e7o do ex-segurado, tinha conhecimento sobre todos os fatos minuciosamente relatados, n\u00e3o parece razo\u00e1vel que alegue, na atual inst\u00e2ncia recursal, que as declara\u00e7\u00f5es prestadas pela av\u00f3 e m\u00e3e do ex-segurado \u201cn\u00e3o passam de textos, escritos de forma unilateral, sem qualquer participa\u00e7\u00e3o das depoentes\u201d, al\u00e9m de afirmar que a senten\u00e7a foi fundamentada em depoimentos fantasiosos.<\/p>\n\n\n\n<p><strong>APELA\u00c7\u00c3O C\u00cdVEL &#8211; 0809411-15.2015.8.20.5001<\/strong><\/p>\n","protected":false},"excerpt":{"rendered":"<p>A 3\u00aa C\u00e2mara C\u00edvel do TJRN manteve a senten\u00e7a da 8\u00aa Vara C\u00edvel da Comarca de Natal que, nos autos da A\u00e7\u00e3o Cobran\u00e7a de Seguro, proposta contra uma empresa de seguros e previd\u00eancia, julgou improcedente o pedido de um homem, primo de um ent\u00e3o segurado, falecido ap\u00f3s ser baleado com tiros e que seria autor<br \/><a class=\"more-link\" href=\"https:\/\/justicapotiguar.com.br\/index.php\/2023\/05\/23\/seguradora-nao-tera-que-indenizar-parente-de-ex-segurado-envolvido-em-roubo\/\">Mais&#8230;<\/a><\/p>\n","protected":false},"author":5,"featured_media":0,"comment_status":"open","ping_status":"open","sticky":false,"template":"","format":"standard","meta":[],"categories":[1],"tags":[],"_links":{"self":[{"href":"https:\/\/justicapotiguar.com.br\/index.php\/wp-json\/wp\/v2\/posts\/31962"}],"collection":[{"href":"https:\/\/justicapotiguar.com.br\/index.php\/wp-json\/wp\/v2\/posts"}],"about":[{"href":"https:\/\/justicapotiguar.com.br\/index.php\/wp-json\/wp\/v2\/types\/post"}],"author":[{"embeddable":true,"href":"https:\/\/justicapotiguar.com.br\/index.php\/wp-json\/wp\/v2\/users\/5"}],"replies":[{"embeddable":true,"href":"https:\/\/justicapotiguar.com.br\/index.php\/wp-json\/wp\/v2\/comments?post=31962"}],"version-history":[{"count":1,"href":"https:\/\/justicapotiguar.com.br\/index.php\/wp-json\/wp\/v2\/posts\/31962\/revisions"}],"predecessor-version":[{"id":31963,"href":"https:\/\/justicapotiguar.com.br\/index.php\/wp-json\/wp\/v2\/posts\/31962\/revisions\/31963"}],"wp:attachment":[{"href":"https:\/\/justicapotiguar.com.br\/index.php\/wp-json\/wp\/v2\/media?parent=31962"}],"wp:term":[{"taxonomy":"category","embeddable":true,"href":"https:\/\/justicapotiguar.com.br\/index.php\/wp-json\/wp\/v2\/categories?post=31962"},{"taxonomy":"post_tag","embeddable":true,"href":"https:\/\/justicapotiguar.com.br\/index.php\/wp-json\/wp\/v2\/tags?post=31962"}],"curies":[{"name":"wp","href":"https:\/\/api.w.org\/{rel}","templated":true}]}}