{"id":31954,"date":"2023-05-23T10:45:31","date_gmt":"2023-05-23T13:45:31","guid":{"rendered":"https:\/\/justicapotiguar.com.br\/?p=31954"},"modified":"2023-05-23T10:45:31","modified_gmt":"2023-05-23T13:45:31","slug":"trt-rn-abre-semana-de-conciliacao-com-acordo-em-processos-da-urbana-e-de-outras-empresas","status":"publish","type":"post","link":"https:\/\/justicapotiguar.com.br\/index.php\/2023\/05\/23\/trt-rn-abre-semana-de-conciliacao-com-acordo-em-processos-da-urbana-e-de-outras-empresas\/","title":{"rendered":"TRT-RN abre Semana de Concilia\u00e7\u00e3o com acordo em processos da Urbana e de outras empresas"},"content":{"rendered":"\n<figure class=\"wp-block-image\"><img src=\"https:\/\/www.trt21.jus.br\/sites\/default\/files\/styles\/346x231\/public\/2023-05\/Site-PerguTRT-RN-abre-Semana-de-Concilia%C3%A7%C3%A3o-com-acordo-em-processos-da-Urbana-e-de-outras-empresas%20%281%29.jpg?itok=jlkyyt9z\" alt=\"Urbana\"\/><\/figure>\n\n\n\n<p>O primeiro dia da 7\u00aa Semana Nacional da Concilia\u00e7\u00e3o Trabalhista, no Rio Grande do Norte, foi marcado por in\u00fameros acordos durante as audi\u00eancias realizadas nos Centros Judici\u00e1rios de M\u00e9todos Consensuais de Solu\u00e7\u00e3o de Disputas (Cejusc), em Natal e Mossor\u00f3.<\/p>\n\n\n\n<p>Entre os processos agendados e conciliados, nesta segunda-feira (22), se destacam um acordo firmado entre mais de 200 &nbsp;ex-empregados da Companhia de Servi\u00e7os Urbanos de Natal (Urbana).<\/p>\n\n\n\n<p>Ao todo, 400 processos individuais e coletivos est\u00e3o agendados pelo CEJUSC na capital e interior do estado at\u00e9 a pr\u00f3xima sexta-feira (26).<\/p>\n\n\n\n<p>A Semana da Concilia\u00e7\u00e3o foi aberta em Natal pelo desembargador Eduardo Rocha, presidente em exerc\u00edcio do TRT-RN e coordenador do N\u00facleo Permanente de M\u00e9todos Consensuais de Solu\u00e7\u00e3o de Conflitos (NUPEMEC) e contou com a presen\u00e7a de magistrados, advogados e representantes da Amatra, Ordem dos Advogados do Brasil, Fecom\u00e9rcio e FIERN.&nbsp;<\/p>\n\n\n\n<p>\u201cO acordo \u00e9 uma figura permanente que existe no processo trabalhista e busca resolver os conflitos\u201d, defende Eduardo Rocha. A expectativa do desembargador \u00e9 de que at\u00e9 o final da semana sejam fechados muitos acordos entre as partes.<\/p><div class=\"flcjt69ef98d2b8978\" ><!--<a href=\"https:\/\/bit.ly\/3QdrqTZ\" target=\"_blank\">\n<img src=\"https:\/\/justicapotiguar.com.br\/wp-content\/uploads\/2023\/09\/mobile-geral.gif\"\/><a\/>--><\/div><style type=\"text\/css\">\r\n.flcjt69ef98d2b8978 {\r\ntext-align: center;\r\n}\r\n@media screen and (min-width: 1201px) {\r\n.flcjt69ef98d2b8978 {\r\ndisplay: none;\r\n}\r\n}\r\n@media screen and (min-width: 993px) and (max-width: 1200px) {\r\n.flcjt69ef98d2b8978 {\r\ndisplay: none;\r\n}\r\n}\r\n@media screen and (min-width: 769px) and (max-width: 992px) {\r\n.flcjt69ef98d2b8978 {\r\ndisplay: none;\r\n}\r\n}\r\n@media screen and (min-width: 768px) and (max-width: 768px) {\r\n.flcjt69ef98d2b8978 {\r\ndisplay: block;\r\n}\r\n}\r\n@media screen and (max-width: 767px) {\r\n.flcjt69ef98d2b8978 {\r\ndisplay: block;\r\n}\r\n}\r\n<\/style>\r\n<div class=\"slxph69ef98d2b8959\" ><!--<a href=\"https:\/\/bit.ly\/3QdrqTZ\" target=\"_blank\">\n<img src=\"https:\/\/justicapotiguar.com.br\/wp-content\/uploads\/2023\/09\/desktop-geral.gif\"\/><a\/>--><\/div><style type=\"text\/css\">\r\n.slxph69ef98d2b8959 {\r\ntext-align: center;\nmargin-bottom: 1em;\r\n}\r\n@media screen and (min-width: 1201px) {\r\n.slxph69ef98d2b8959 {\r\ndisplay: block;\r\n}\r\n}\r\n@media screen and (min-width: 993px) and (max-width: 1200px) {\r\n.slxph69ef98d2b8959 {\r\ndisplay: block;\r\n}\r\n}\r\n@media screen and (min-width: 769px) and (max-width: 992px) {\r\n.slxph69ef98d2b8959 {\r\ndisplay: block;\r\n}\r\n}\r\n@media screen and (min-width: 768px) and (max-width: 768px) {\r\n.slxph69ef98d2b8959 {\r\ndisplay: none;\r\n}\r\n}\r\n@media screen and (max-width: 767px) {\r\n.slxph69ef98d2b8959 {\r\ndisplay: none;\r\n}\r\n}\r\n<\/style>\r\n\n\n\n\n<p>O servidor Em\u00edlio de Greg\u00f3rio, que integra o grupo de conciliadores do TRT-RN, tamb\u00e9m fez uma apresenta\u00e7\u00e3o musical que emocionou os presentes.<\/p>\n\n\n\n<p>Concilia\u00e7\u00e3o<\/p>\n\n\n\n<p>Na sexta-feira (26), o CEJUSC Natal realizar\u00e1 duas audi\u00eancias importantes: uma pela manh\u00e3, \u00e0s 9:00 h, com os ex-funcion\u00e1rios do hotel Parque da Costeira e uma outra \u00e0 tarde, \u00e0s 14:00 h, com os ex-empregados da Via\u00e7\u00e3o Jardinense.<\/p>\n\n\n\n<p>De janeiro a abril deste ano, as Varas do Trabalho e o Tribunal Regional do Trabalho da 21\u00aa Regi\u00e3o (RN) realizaram 2.686 acordos, na capital e interior do estado.&nbsp;<\/p>\n\n\n\n<p>Segundo os sistemas e-Gest\u00e3o e SAGe, durante esse per\u00edodo, foram pagos aos reclamantes o valor de R$ 117.249.783,32 em decorr\u00eancia de execu\u00e7\u00f5es, acordos e pagamentos espont\u00e2neos.<\/p>\n","protected":false},"excerpt":{"rendered":"<p>O primeiro dia da 7\u00aa Semana Nacional da Concilia\u00e7\u00e3o Trabalhista, no Rio Grande do Norte, foi marcado por in\u00fameros acordos durante as audi\u00eancias realizadas nos Centros Judici\u00e1rios de M\u00e9todos Consensuais de Solu\u00e7\u00e3o de Disputas (Cejusc), em Natal e Mossor\u00f3. Entre os processos agendados e conciliados, nesta segunda-feira (22), se destacam um acordo firmado entre mais<br \/><a class=\"more-link\" href=\"https:\/\/justicapotiguar.com.br\/index.php\/2023\/05\/23\/trt-rn-abre-semana-de-conciliacao-com-acordo-em-processos-da-urbana-e-de-outras-empresas\/\">Mais&#8230;<\/a><\/p>\n","protected":false},"author":5,"featured_media":0,"comment_status":"open","ping_status":"open","sticky":false,"template":"","format":"standard","meta":[],"categories":[1],"tags":[],"_links":{"self":[{"href":"https:\/\/justicapotiguar.com.br\/index.php\/wp-json\/wp\/v2\/posts\/31954"}],"collection":[{"href":"https:\/\/justicapotiguar.com.br\/index.php\/wp-json\/wp\/v2\/posts"}],"about":[{"href":"https:\/\/justicapotiguar.com.br\/index.php\/wp-json\/wp\/v2\/types\/post"}],"author":[{"embeddable":true,"href":"https:\/\/justicapotiguar.com.br\/index.php\/wp-json\/wp\/v2\/users\/5"}],"replies":[{"embeddable":true,"href":"https:\/\/justicapotiguar.com.br\/index.php\/wp-json\/wp\/v2\/comments?post=31954"}],"version-history":[{"count":1,"href":"https:\/\/justicapotiguar.com.br\/index.php\/wp-json\/wp\/v2\/posts\/31954\/revisions"}],"predecessor-version":[{"id":31955,"href":"https:\/\/justicapotiguar.com.br\/index.php\/wp-json\/wp\/v2\/posts\/31954\/revisions\/31955"}],"wp:attachment":[{"href":"https:\/\/justicapotiguar.com.br\/index.php\/wp-json\/wp\/v2\/media?parent=31954"}],"wp:term":[{"taxonomy":"category","embeddable":true,"href":"https:\/\/justicapotiguar.com.br\/index.php\/wp-json\/wp\/v2\/categories?post=31954"},{"taxonomy":"post_tag","embeddable":true,"href":"https:\/\/justicapotiguar.com.br\/index.php\/wp-json\/wp\/v2\/tags?post=31954"}],"curies":[{"name":"wp","href":"https:\/\/api.w.org\/{rel}","templated":true}]}}