{"id":31952,"date":"2023-05-23T09:17:26","date_gmt":"2023-05-23T12:17:26","guid":{"rendered":"https:\/\/justicapotiguar.com.br\/?p=31952"},"modified":"2023-05-23T09:17:26","modified_gmt":"2023-05-23T12:17:26","slug":"envolvido-em-tentativa-de-homicidio-em-festa-religiosa-tem-pedido-de-revisao-criminal-negado-pela-justica","status":"publish","type":"post","link":"https:\/\/justicapotiguar.com.br\/index.php\/2023\/05\/23\/envolvido-em-tentativa-de-homicidio-em-festa-religiosa-tem-pedido-de-revisao-criminal-negado-pela-justica\/","title":{"rendered":"Envolvido em tentativa de homic\u00eddio em festa religiosa tem pedido de revis\u00e3o criminal negado pela Justi\u00e7a"},"content":{"rendered":"\n<figure class=\"wp-block-image size-large\"><img loading=\"lazy\" width=\"1016\" height=\"598\" src=\"https:\/\/justicapotiguar.com.br\/wp-content\/uploads\/2020\/03\/pris\u00e3o.jpg\" alt=\"\" class=\"wp-image-8055\" srcset=\"https:\/\/justicapotiguar.com.br\/wp-content\/uploads\/2020\/03\/pris\u00e3o.jpg 1016w, https:\/\/justicapotiguar.com.br\/wp-content\/uploads\/2020\/03\/pris\u00e3o-300x177.jpg 300w, https:\/\/justicapotiguar.com.br\/wp-content\/uploads\/2020\/03\/pris\u00e3o-768x452.jpg 768w\" sizes=\"(max-width: 1016px) 100vw, 1016px\" \/><figcaption>Ilustrativa<\/figcaption><\/figure>\n\n\n\n<p>O Pleno do TJRN n\u00e3o deu provimento ao recurso, movido pela defesa de um homem, que pretendia a reforma do julgamento da Vara \u00danica da Comarca de Campo Grande, que o condenou \u00e0 pena de nove anos e dois meses de reclus\u00e3o pela pr\u00e1tica do delito previsto no artigo 121, homic\u00eddio qualificado na forma tentada. Conforme o recurso, o revisionando alega ser inocente das acusa\u00e7\u00f5es e pleiteia a absolvi\u00e7\u00e3o, sob o argumento de que o julgamento contrariou a evid\u00eancia dos autos, bem como por ter agido em leg\u00edtima defesa. Alega\u00e7\u00e3o n\u00e3o acolhida pelo colegiado.<\/p>\n\n\n\n<p>\u201c\u00c9 infrut\u00edfera a tese da defesa de eximir o r\u00e9u de sua responsabilidade criminal com o argumento de insufici\u00eancia de provas, uma vez que o conjunto probat\u00f3rio conduz com extrema firmeza e seguran\u00e7a a conduta il\u00edcita do requerente\u201d, pontua o relator do recurso.<\/p>\n\n\n\n<p>O fato ocorreu no dia 11 de maio de 2008, durante comemora\u00e7\u00f5es do feriado da padroeira, no centro da cidade de Para\u00fa, quando o revisionando, mediante disparo de pistola 380, disparou contra a v\u00edtima, que n\u00e3o foi a \u00f3bito, por circunst\u00e2ncias alheias ao ato do acusado e a den\u00fancia do Minist\u00e9rio P\u00fablico ainda destacou que o motivo do crime teria sido uma discuss\u00e3o banal ocorrida, momentos antes, entre o revisionando e o irm\u00e3o da v\u00edtima.<\/p><div class=\"tweju69ef98a5746ee\" ><!--<a href=\"https:\/\/bit.ly\/3QdrqTZ\" target=\"_blank\">\n<img src=\"https:\/\/justicapotiguar.com.br\/wp-content\/uploads\/2023\/09\/mobile-geral.gif\"\/><a\/>--><\/div><style type=\"text\/css\">\r\n.tweju69ef98a5746ee {\r\ntext-align: center;\r\n}\r\n@media screen and (min-width: 1201px) {\r\n.tweju69ef98a5746ee {\r\ndisplay: none;\r\n}\r\n}\r\n@media screen and (min-width: 993px) and (max-width: 1200px) {\r\n.tweju69ef98a5746ee {\r\ndisplay: none;\r\n}\r\n}\r\n@media screen and (min-width: 769px) and (max-width: 992px) {\r\n.tweju69ef98a5746ee {\r\ndisplay: none;\r\n}\r\n}\r\n@media screen and (min-width: 768px) and (max-width: 768px) {\r\n.tweju69ef98a5746ee {\r\ndisplay: block;\r\n}\r\n}\r\n@media screen and (max-width: 767px) {\r\n.tweju69ef98a5746ee {\r\ndisplay: block;\r\n}\r\n}\r\n<\/style>\r\n<div class=\"jcwjm69ef98a5746cf\" ><!--<a href=\"https:\/\/bit.ly\/3QdrqTZ\" target=\"_blank\">\n<img src=\"https:\/\/justicapotiguar.com.br\/wp-content\/uploads\/2023\/09\/desktop-geral.gif\"\/><a\/>--><\/div><style type=\"text\/css\">\r\n.jcwjm69ef98a5746cf {\r\ntext-align: center;\nmargin-bottom: 1em;\r\n}\r\n@media screen and (min-width: 1201px) {\r\n.jcwjm69ef98a5746cf {\r\ndisplay: block;\r\n}\r\n}\r\n@media screen and (min-width: 993px) and (max-width: 1200px) {\r\n.jcwjm69ef98a5746cf {\r\ndisplay: block;\r\n}\r\n}\r\n@media screen and (min-width: 769px) and (max-width: 992px) {\r\n.jcwjm69ef98a5746cf {\r\ndisplay: block;\r\n}\r\n}\r\n@media screen and (min-width: 768px) and (max-width: 768px) {\r\n.jcwjm69ef98a5746cf {\r\ndisplay: none;\r\n}\r\n}\r\n@media screen and (max-width: 767px) {\r\n.jcwjm69ef98a5746cf {\r\ndisplay: none;\r\n}\r\n}\r\n<\/style>\r\n\n\n\n\n<p>No recurso, busca o revisionando, segundo o relator, \u201cprovocar um reexame da mat\u00e9ria, atrav\u00e9s de uma nova avalia\u00e7\u00e3o das provas\u201d, apreciadas anteriormente pelo Tribunal do J\u00fari e pelo Tribunal de Justi\u00e7a do Rio Grande do Norte, pois todos os pleitos foram apreciados pelo Tribunal do J\u00fari, de modo que foram reanalisados pela C\u00e2mara Criminal.<\/p>\n\n\n\n<p>De acordo com o julgamento, o denunciado n\u00e3o disponibilizou nenhuma prova nova de sua suposta inoc\u00eancia e, a despeito de ter juntado o Laudo de Exame de Les\u00e3o Corporal que atesta ter sido ele atingido por proj\u00e9til de arma de fogo na regi\u00e3o gl\u00fatea.<\/p>\n\n\n\n<p>\u00c9 importante observar que o documento \u00e9 do ano de 2008 e tal fato foi alegado desde o in\u00edcio da a\u00e7\u00e3o penal, tendo sido considerado pelos jurados quando da decis\u00e3o merit\u00f3ria, pelo que n\u00e3o tem o poder, por si s\u00f3, de gerar absolvi\u00e7\u00e3o, tampouco provocar a d\u00favida ou autorizar o manejo da revis\u00e3o criminal com base no artigo 621, I e III do C\u00f3digo de Processo Penal.<\/p>\n","protected":false},"excerpt":{"rendered":"<p>O Pleno do TJRN n\u00e3o deu provimento ao recurso, movido pela defesa de um homem, que pretendia a reforma do julgamento da Vara \u00danica da Comarca de Campo Grande, que o condenou \u00e0 pena de nove anos e dois meses de reclus\u00e3o pela pr\u00e1tica do delito previsto no artigo 121, homic\u00eddio qualificado na forma tentada.<br \/><a class=\"more-link\" href=\"https:\/\/justicapotiguar.com.br\/index.php\/2023\/05\/23\/envolvido-em-tentativa-de-homicidio-em-festa-religiosa-tem-pedido-de-revisao-criminal-negado-pela-justica\/\">Mais&#8230;<\/a><\/p>\n","protected":false},"author":5,"featured_media":0,"comment_status":"open","ping_status":"open","sticky":false,"template":"","format":"standard","meta":[],"categories":[1],"tags":[],"_links":{"self":[{"href":"https:\/\/justicapotiguar.com.br\/index.php\/wp-json\/wp\/v2\/posts\/31952"}],"collection":[{"href":"https:\/\/justicapotiguar.com.br\/index.php\/wp-json\/wp\/v2\/posts"}],"about":[{"href":"https:\/\/justicapotiguar.com.br\/index.php\/wp-json\/wp\/v2\/types\/post"}],"author":[{"embeddable":true,"href":"https:\/\/justicapotiguar.com.br\/index.php\/wp-json\/wp\/v2\/users\/5"}],"replies":[{"embeddable":true,"href":"https:\/\/justicapotiguar.com.br\/index.php\/wp-json\/wp\/v2\/comments?post=31952"}],"version-history":[{"count":1,"href":"https:\/\/justicapotiguar.com.br\/index.php\/wp-json\/wp\/v2\/posts\/31952\/revisions"}],"predecessor-version":[{"id":31953,"href":"https:\/\/justicapotiguar.com.br\/index.php\/wp-json\/wp\/v2\/posts\/31952\/revisions\/31953"}],"wp:attachment":[{"href":"https:\/\/justicapotiguar.com.br\/index.php\/wp-json\/wp\/v2\/media?parent=31952"}],"wp:term":[{"taxonomy":"category","embeddable":true,"href":"https:\/\/justicapotiguar.com.br\/index.php\/wp-json\/wp\/v2\/categories?post=31952"},{"taxonomy":"post_tag","embeddable":true,"href":"https:\/\/justicapotiguar.com.br\/index.php\/wp-json\/wp\/v2\/tags?post=31952"}],"curies":[{"name":"wp","href":"https:\/\/api.w.org\/{rel}","templated":true}]}}