{"id":31943,"date":"2023-05-22T17:04:42","date_gmt":"2023-05-22T20:04:42","guid":{"rendered":"https:\/\/justicapotiguar.com.br\/?p=31943"},"modified":"2023-05-22T17:04:42","modified_gmt":"2023-05-22T20:04:42","slug":"informativo-774-do-stj-de-16-de-maio-de-2023","status":"publish","type":"post","link":"https:\/\/justicapotiguar.com.br\/index.php\/2023\/05\/22\/informativo-774-do-stj-de-16-de-maio-de-2023\/","title":{"rendered":"Informativo 774 do STJ, de 16 de maio de 2023."},"content":{"rendered":"\n<p><strong>Rodrigo Leite | @rodrigocrleite<\/strong><\/p>\n\n\n\n<p><strong>Canal P\u00edlulas Jur\u00eddicas | STF e STJ<\/strong><\/p>\n\n\n\n<p><strong>Link de acesso ao Canal: <\/strong><a href=\"https:\/\/bit.ly\/42fH7O5\"><strong>https:\/\/bit.ly\/42fH7O5<\/strong><\/a><strong><\/strong><\/p>\n\n\n\n<figure class=\"wp-block-image size-large\"><img loading=\"lazy\" width=\"680\" height=\"382\" src=\"https:\/\/justicapotiguar.com.br\/wp-content\/uploads\/2020\/03\/CAF8748F04366BA854D310F46072236A80B3_stj.jpg\" alt=\"\" class=\"wp-image-6777\" srcset=\"https:\/\/justicapotiguar.com.br\/wp-content\/uploads\/2020\/03\/CAF8748F04366BA854D310F46072236A80B3_stj.jpg 680w, https:\/\/justicapotiguar.com.br\/wp-content\/uploads\/2020\/03\/CAF8748F04366BA854D310F46072236A80B3_stj-300x169.jpg 300w\" sizes=\"(max-width: 680px) 100vw, 680px\" \/><figcaption>Ilustrativa<\/figcaption><\/figure>\n\n\n\n<p><strong>REPETITIVOS<\/strong><\/p>\n\n\n\n<p>&#8211; O termo inicial dos juros de mora, em a\u00e7\u00e3o de cobran\u00e7a de valores pret\u00e9ritos ao ajuizamento de anterior mandado de seguran\u00e7a que reconheceu o direito, \u00e9 a data da notifica\u00e7\u00e3o da autoridade coatora no mandado de seguran\u00e7a, quando o devedor \u00e9 constitu\u00eddo em mora (arts. 405 do C\u00f3digo Civil e 240 do CPC) &#8211; <strong>REsp 1.925.235-SP, <\/strong>julgado em 10\/5\/2023., Tema 1133.<\/p>\n\n\n\n<p>&#8211; O ICMS comp\u00f5e a base de c\u00e1lculo do Imposto de Renda da Pessoa Jur\u00eddica (IRPJ) e da Contribui\u00e7\u00e3o Social sobre o Lucro L\u00edquido (CSLL), quando apurados na sistem\u00e1tica do lucro presumido &#8211; <strong>REsp 1.767.631-SC<\/strong>, julgado em 10\/5\/2023, Tema 1008.<\/p>\n\n\n\n<p><strong>SEGUNDA SE\u00c7\u00c3O<\/strong><\/p>\n\n\n\n<p>&#8211; \u00c9 poss\u00edvel o reconhecimento da figura do consumidor por equipara\u00e7\u00e3o na hip\u00f3tese de danos individuais decorrentes do exerc\u00edcio de atividade de explora\u00e7\u00e3o de potencial hidroenerg\u00e9tico causadora de impacto ambiental, em virtude da caracteriza\u00e7\u00e3o do acidente de consumo &#8211; <strong>REsp 2.018.386-BA<\/strong>, julgado em 10\/5\/2023.<\/p>\n\n\n\n<p><strong>PRIMEIRA TURMA<\/strong><\/p>\n\n\n\n<p>&#8211; A norma do art. 36, III, &#8220;b&#8221;, da Lei n. 8.112\/1990 n\u00e3o pode ser aplicada de maneira subsidi\u00e1ria aos membros do Minist\u00e9rio P\u00fablico da Uni\u00e3o &#8211; <strong>Processo em segredo de justi\u00e7a<\/strong>, julgado em 9\/5\/2023.<\/p>\n\n\n\n<p><strong>SEGUNDA TURMA<\/strong><\/p>\n\n\n\n<p>&#8211; A entrega da Declara\u00e7\u00e3o de D\u00e9bito e Cr\u00e9ditos Tribut\u00e1rios Federais &#8211; DCTF constitui cr\u00e9dito tribut\u00e1rio, que pode ser cobrado ap\u00f3s a compensa\u00e7\u00e3o ser considerada n\u00e3o declarada pela autoridade competente, sendo afastada, portanto, a decad\u00eancia &#8211; <strong>REsp 1.826.743-RS<\/strong>, julgado em 9\/5\/2023.<\/p>\n\n\n\n<p><strong>TERCEIRA TURMA<\/strong><\/p>\n\n\n\n<p>&#8211; N\u00e3o \u00e9 cab\u00edvel promover a liquida\u00e7\u00e3o do t\u00edtulo executivo judicial coletivo em foro aleat\u00f3rio, sem nenhuma rela\u00e7\u00e3o com as comarcas de domic\u00edlio dos benefici\u00e1rios, ainda que se trate do foro de domic\u00edlio do substituto processual extraordin\u00e1rio, sob pena de afronta ao princ\u00edpio do Juiz natural &#8211; <strong>REsp 1.866.440-AL<\/strong>, julgado em 9\/5\/2023.<\/p><div class=\"nlzts69ef989e000ce\" ><!--<a href=\"https:\/\/bit.ly\/3QdrqTZ\" target=\"_blank\">\n<img src=\"https:\/\/justicapotiguar.com.br\/wp-content\/uploads\/2023\/09\/mobile-geral.gif\"\/><a\/>--><\/div><style type=\"text\/css\">\r\n.nlzts69ef989e000ce {\r\ntext-align: center;\r\n}\r\n@media screen and (min-width: 1201px) {\r\n.nlzts69ef989e000ce {\r\ndisplay: none;\r\n}\r\n}\r\n@media screen and (min-width: 993px) and (max-width: 1200px) {\r\n.nlzts69ef989e000ce {\r\ndisplay: none;\r\n}\r\n}\r\n@media screen and (min-width: 769px) and (max-width: 992px) {\r\n.nlzts69ef989e000ce {\r\ndisplay: none;\r\n}\r\n}\r\n@media screen and (min-width: 768px) and (max-width: 768px) {\r\n.nlzts69ef989e000ce {\r\ndisplay: block;\r\n}\r\n}\r\n@media screen and (max-width: 767px) {\r\n.nlzts69ef989e000ce {\r\ndisplay: block;\r\n}\r\n}\r\n<\/style>\r\n<div class=\"suzps69ef989e000af\" ><!--<a href=\"https:\/\/bit.ly\/3QdrqTZ\" target=\"_blank\">\n<img src=\"https:\/\/justicapotiguar.com.br\/wp-content\/uploads\/2023\/09\/desktop-geral.gif\"\/><a\/>--><\/div><style type=\"text\/css\">\r\n.suzps69ef989e000af {\r\ntext-align: center;\nmargin-bottom: 1em;\r\n}\r\n@media screen and (min-width: 1201px) {\r\n.suzps69ef989e000af {\r\ndisplay: block;\r\n}\r\n}\r\n@media screen and (min-width: 993px) and (max-width: 1200px) {\r\n.suzps69ef989e000af {\r\ndisplay: block;\r\n}\r\n}\r\n@media screen and (min-width: 769px) and (max-width: 992px) {\r\n.suzps69ef989e000af {\r\ndisplay: block;\r\n}\r\n}\r\n@media screen and (min-width: 768px) and (max-width: 768px) {\r\n.suzps69ef989e000af {\r\ndisplay: none;\r\n}\r\n}\r\n@media screen and (max-width: 767px) {\r\n.suzps69ef989e000af {\r\ndisplay: none;\r\n}\r\n}\r\n<\/style>\r\n\n\n\n\n<p>&#8211; O conhecimento t\u00e9cnico ou cient\u00edfico de juiz sobre determinado mercado imobili\u00e1rio n\u00e3o pode ser equiparado \u00e0s regras de experi\u00eancia comum previstas no art. 375 do C\u00f3digo de Processo Civil, sendo indispens\u00e1vel a realiza\u00e7\u00e3o de per\u00edcia para avaliar bem im\u00f3vel objeto de penhora &#8211; <strong>REsp 1.786.046-RJ<\/strong>, julgado em 9\/5\/2023.<\/p>\n\n\n\n<p><strong>QUARTA TURMA<\/strong><\/p>\n\n\n\n<p>&#8211; O direito de tapagem disposto do art. 1.297 do C\u00f3digo Civil prev\u00ea o direito ao compartilhamento de gastos decorrentes da constru\u00e7\u00e3o de muro comum aos propriet\u00e1rios lindeiros &#8211; <strong>REsp 2.035.008-SP<\/strong>, julgado em 2\/5\/2023.<\/p>\n\n\n\n<p>&#8211; A exist\u00eancia de cl\u00e1usula\/contrato de seguro relacionado \u00e0 c\u00e9dula de cr\u00e9dito rural n\u00e3o retira os atributos de exequibilidade pr\u00f3prios do t\u00edtulo &#8211; <strong>AgInt no AREsp 2.144.537-GO<\/strong>, julgado em 17\/4\/2023.<\/p>\n\n\n\n<p>&#8211; A compet\u00eancia para julgamento de a\u00e7\u00e3o de indeniza\u00e7\u00e3o por danos morais, decorrente de ofensas proferidas em rede social, \u00e9 do foro do domic\u00edlio da v\u00edtima, em raz\u00e3o da ampla divulga\u00e7\u00e3o do ato il\u00edcito &#8211; <strong>REsp 2.032.427-SP<\/strong>, julgado em 27\/4\/2023.<\/p>\n\n\n\n<p>&#8211; A via processual adequada para a retomada, pelo propriet\u00e1rio, da posse direta de im\u00f3vel locado \u00e9 a a\u00e7\u00e3o de despejo, na forma do art. 5\u00ba da Lei n. 8.245\/1991, n\u00e3o servindo para esse prop\u00f3sito o ajuizamento de a\u00e7\u00e3o possess\u00f3ria &#8211; <strong>REsp 1.812.987-RJ<\/strong>, julgado em 27\/4\/2023.<\/p>\n\n\n\n<p><strong>QUINTA TURMA<\/strong><\/p>\n\n\n\n<p>&#8211; N\u00e3o h\u00e1 usurpa\u00e7\u00e3o de compet\u00eancia do Tribunal de Justi\u00e7a local quanto \u00e0 supervis\u00e3o de investiga\u00e7\u00e3o contra detentor de prerrogativa de foro no \u00e2mbito de inqu\u00e9ritos civis e a\u00e7\u00f5es de improbidade administrativa &#8211; <strong>Processo em segredo de justi\u00e7a<\/strong>, julgado em 24\/4\/2023.<\/p>\n\n\n\n<p><strong>SEXTA TURMA<\/strong><\/p>\n\n\n\n<p>&#8211; A mera sinaliza\u00e7\u00e3o do c\u00e3o de faro, seguida de abordagem a suposto usu\u00e1rio saindo do local, desacompanhada de qualquer outra dilig\u00eancia investigativa ou outro elemento concreto indicando a necessidade de imediata a\u00e7\u00e3o policial, n\u00e3o justifica a dispensa do mandado judicial para o ingresso em domic\u00edlio &#8211; <strong>AgRg no HC 729.836-MS<\/strong>, julgado em 27\/4\/2023.<\/p>\n\n\n\n<p>_____________________<\/p>\n\n\n\n<p><strong>Rodrigo Costa Rodrigues Leite<\/strong><\/p>\n\n\n\n<p>Coautor do livro \u201cAn\u00e1lise das Diverg\u00eancias Jurisprudenciais no STF e STJ\u201d, Editora Juspodivm. Autor do livro \u201cTombamento \u2013 Vol. 36 \u2013 Cole\u00e7\u00e3o Leis Especiais para Concursos\u201d, Editora Juspodivm. Autor do livro \u201cDesapropria\u00e7\u00e3o \u2013 Vol. 39 \u2013 Cole\u00e7\u00e3o Especiais para Concursos\u201d, Editora Juspodivm. Coautor do livro \u201cSaberes Jurisprudenciais\u201d, Editora Saraiva.&nbsp; Coorganizador do livro \u201cCPC na Jurisprud\u00eancia\u201d, Editora Foco. Especialista em Direito P\u00fablico e Direito Processual Civil. Mestre em Direito Constitucional. Aluno laureado das Turmas 2005.2 da Universidade Potiguar. Professor da P\u00f3s-gradua\u00e7\u00e3o em Direito Civil da Rede Anhaguera-Kroton. M\u00e1ster Universit\u00e1rio em Direito Constitucional pela Universidad Del Pa\u00eds Vasco, San Sebasti\u00e1n, Espanha. Advogado licenciado. Membro do Conselho Editorial da Revista do Poder Judici\u00e1rio do Estado do Rio Grande do Norte \u2013 REPOJURN. Analista Judici\u00e1rio do TJRN. Assessor de Desembargador do TJRN.<\/p>\n","protected":false},"excerpt":{"rendered":"<p>Rodrigo Leite | @rodrigocrleite Canal P\u00edlulas Jur\u00eddicas | STF e STJ Link de acesso ao Canal: https:\/\/bit.ly\/42fH7O5 REPETITIVOS &#8211; O termo inicial dos juros de mora, em a\u00e7\u00e3o de cobran\u00e7a de valores pret\u00e9ritos ao ajuizamento de anterior mandado de seguran\u00e7a que reconheceu o direito, \u00e9 a data da notifica\u00e7\u00e3o da autoridade coatora no mandado de<br \/><a class=\"more-link\" href=\"https:\/\/justicapotiguar.com.br\/index.php\/2023\/05\/22\/informativo-774-do-stj-de-16-de-maio-de-2023\/\">Mais&#8230;<\/a><\/p>\n","protected":false},"author":5,"featured_media":0,"comment_status":"open","ping_status":"open","sticky":false,"template":"","format":"standard","meta":[],"categories":[1],"tags":[],"_links":{"self":[{"href":"https:\/\/justicapotiguar.com.br\/index.php\/wp-json\/wp\/v2\/posts\/31943"}],"collection":[{"href":"https:\/\/justicapotiguar.com.br\/index.php\/wp-json\/wp\/v2\/posts"}],"about":[{"href":"https:\/\/justicapotiguar.com.br\/index.php\/wp-json\/wp\/v2\/types\/post"}],"author":[{"embeddable":true,"href":"https:\/\/justicapotiguar.com.br\/index.php\/wp-json\/wp\/v2\/users\/5"}],"replies":[{"embeddable":true,"href":"https:\/\/justicapotiguar.com.br\/index.php\/wp-json\/wp\/v2\/comments?post=31943"}],"version-history":[{"count":1,"href":"https:\/\/justicapotiguar.com.br\/index.php\/wp-json\/wp\/v2\/posts\/31943\/revisions"}],"predecessor-version":[{"id":31944,"href":"https:\/\/justicapotiguar.com.br\/index.php\/wp-json\/wp\/v2\/posts\/31943\/revisions\/31944"}],"wp:attachment":[{"href":"https:\/\/justicapotiguar.com.br\/index.php\/wp-json\/wp\/v2\/media?parent=31943"}],"wp:term":[{"taxonomy":"category","embeddable":true,"href":"https:\/\/justicapotiguar.com.br\/index.php\/wp-json\/wp\/v2\/categories?post=31943"},{"taxonomy":"post_tag","embeddable":true,"href":"https:\/\/justicapotiguar.com.br\/index.php\/wp-json\/wp\/v2\/tags?post=31943"}],"curies":[{"name":"wp","href":"https:\/\/api.w.org\/{rel}","templated":true}]}}