{"id":31941,"date":"2023-05-22T17:01:45","date_gmt":"2023-05-22T20:01:45","guid":{"rendered":"https:\/\/justicapotiguar.com.br\/?p=31941"},"modified":"2023-05-22T17:01:45","modified_gmt":"2023-05-22T20:01:45","slug":"surgimento-de-vagas-durante-prazo-de-validade-em-concurso-e-tema-analisado-no-plenario-do-tjrn","status":"publish","type":"post","link":"https:\/\/justicapotiguar.com.br\/index.php\/2023\/05\/22\/surgimento-de-vagas-durante-prazo-de-validade-em-concurso-e-tema-analisado-no-plenario-do-tjrn\/","title":{"rendered":"Surgimento de vagas durante prazo de validade em concurso \u00e9 tema analisado no Plen\u00e1rio do TJRN"},"content":{"rendered":"\n<figure class=\"wp-block-image size-large\"><img loading=\"lazy\" width=\"984\" height=\"643\" src=\"https:\/\/justicapotiguar.com.br\/wp-content\/uploads\/2019\/08\/concurso-publico-prefeitura-de-sorocaba.jpeg\" alt=\"\" class=\"wp-image-991\" srcset=\"https:\/\/justicapotiguar.com.br\/wp-content\/uploads\/2019\/08\/concurso-publico-prefeitura-de-sorocaba.jpeg 984w, https:\/\/justicapotiguar.com.br\/wp-content\/uploads\/2019\/08\/concurso-publico-prefeitura-de-sorocaba-300x196.jpeg 300w, https:\/\/justicapotiguar.com.br\/wp-content\/uploads\/2019\/08\/concurso-publico-prefeitura-de-sorocaba-768x502.jpeg 768w\" sizes=\"(max-width: 984px) 100vw, 984px\" \/><figcaption>Reprodu\u00e7\u00e3o<\/figcaption><\/figure>\n\n\n\n<p>O Pleno do TJRN, em julgamento de um Mandado de Seguran\u00e7a, voltou a destacar entendimento do Superior Tribunal de Justi\u00e7a, segundo o qual, em sede de \u2018repercuss\u00e3o geral\u2019, o surgimento de novas vagas ou a abertura de novo concurso para o mesmo cargo, durante o prazo de validade do certame anterior, n\u00e3o gera automaticamente o direito \u00e0 nomea\u00e7\u00e3o dos candidatos aprovados fora das vagas previstas no edital. O destaque se deu no MS movido por uma candidata para o cargo de Professor de L\u00edngua Portuguesa, junto \u00e0 1\u00aa DIREC \u2013 Natal e regi\u00e3o e aprovada na 132\u00aa coloca\u00e7\u00e3o.<\/p>\n\n\n\n<p>Segundo o MS, a oferta geral de vagas, para provimento imediato, teria sido de 1400 vagas e, embora figurasse no cadastro de reserva, teria a vaga \u201ctolhida por conduta da Administra\u00e7\u00e3o\u201d que, valendo-se de justificativas amparadas na Lei de Responsabilidade Fiscal, deixou de convocar os candidatos aprovados, passando a realizar processos seletivos para tempor\u00e1rios e n\u00e3o considerou as vagas abertas por aposentadorias ou falecimentos.<\/p>\n\n\n\n<p>O entendimento s\u00f3 tem ressalvas, conforme o Plen\u00e1rio, nas hip\u00f3teses de preteri\u00e7\u00e3o arbitr\u00e1ria e imotivada por parte da administra\u00e7\u00e3o, caracterizadas por comportamento t\u00e1cito ou expresso do Poder P\u00fablico capaz de revelar a inequ\u00edvoca necessidade de nomea\u00e7\u00e3o do aprovado durante o per\u00edodo de validade do certame, a ser demonstrada de forma cabal pelo candidato. O que n\u00e3o ocorreu conforme a decis\u00e3o atual.<\/p><div class=\"shbxc69ef98a4ec455\" ><!--<a href=\"https:\/\/bit.ly\/3QdrqTZ\" target=\"_blank\">\n<img src=\"https:\/\/justicapotiguar.com.br\/wp-content\/uploads\/2023\/09\/mobile-geral.gif\"\/><a\/>--><\/div><style type=\"text\/css\">\r\n.shbxc69ef98a4ec455 {\r\ntext-align: center;\r\n}\r\n@media screen and (min-width: 1201px) {\r\n.shbxc69ef98a4ec455 {\r\ndisplay: none;\r\n}\r\n}\r\n@media screen and (min-width: 993px) and (max-width: 1200px) {\r\n.shbxc69ef98a4ec455 {\r\ndisplay: none;\r\n}\r\n}\r\n@media screen and (min-width: 769px) and (max-width: 992px) {\r\n.shbxc69ef98a4ec455 {\r\ndisplay: none;\r\n}\r\n}\r\n@media screen and (min-width: 768px) and (max-width: 768px) {\r\n.shbxc69ef98a4ec455 {\r\ndisplay: block;\r\n}\r\n}\r\n@media screen and (max-width: 767px) {\r\n.shbxc69ef98a4ec455 {\r\ndisplay: block;\r\n}\r\n}\r\n<\/style>\r\n<div class=\"niaks69ef98a4ec43a\" ><!--<a href=\"https:\/\/bit.ly\/3QdrqTZ\" target=\"_blank\">\n<img src=\"https:\/\/justicapotiguar.com.br\/wp-content\/uploads\/2023\/09\/desktop-geral.gif\"\/><a\/>--><\/div><style type=\"text\/css\">\r\n.niaks69ef98a4ec43a {\r\ntext-align: center;\nmargin-bottom: 1em;\r\n}\r\n@media screen and (min-width: 1201px) {\r\n.niaks69ef98a4ec43a {\r\ndisplay: block;\r\n}\r\n}\r\n@media screen and (min-width: 993px) and (max-width: 1200px) {\r\n.niaks69ef98a4ec43a {\r\ndisplay: block;\r\n}\r\n}\r\n@media screen and (min-width: 769px) and (max-width: 992px) {\r\n.niaks69ef98a4ec43a {\r\ndisplay: block;\r\n}\r\n}\r\n@media screen and (min-width: 768px) and (max-width: 768px) {\r\n.niaks69ef98a4ec43a {\r\ndisplay: none;\r\n}\r\n}\r\n@media screen and (max-width: 767px) {\r\n.niaks69ef98a4ec43a {\r\ndisplay: none;\r\n}\r\n}\r\n<\/style>\r\n\n\n\n\n<p>\u201cNo caso em apre\u00e7o a impetrante sequer foi aprovada dentro das vagas estritamente contidas no edital, uma vez que foram previstas somente 32 vagas de ampla concorr\u00eancia para Professor de L\u00edngua Portuguesa, junto \u00e0 1\u00aa DIREC \u2013 Natal e regi\u00e3o (Anexo III do Edital, folhas 86), estando a impetrante classificada na 132\u00aa coloca\u00e7\u00e3o, como reconhece desde a pe\u00e7a inicial, situa\u00e7\u00e3o esta confirmada no of\u00edcio enviado pela Secretaria Estadual de Educa\u00e7\u00e3o\u201d, esclarece a relatora, desembargadora Lourdes Az\u00eavedo.<\/p>\n\n\n\n<p>\u201cAinda que se constate a convoca\u00e7\u00e3o de 115 candidatos, por oportunidade e conveni\u00eancia da Administra\u00e7\u00e3o, \u00e9 certo que o alcance da posi\u00e7\u00e3o ocupada pela impetrante dependeria de circunst\u00e2ncias outras, impr\u00f3prias de serem apuradas neste feito mandamental\u201d, refor\u00e7a a relatora.<\/p>\n\n\n\n<p>A desembargadora ainda acrescentou ser preciso registrar, como \u00e9 v\u00e1lido para todos os casos dessa natureza, que contrata\u00e7\u00f5es de servidores efetivos, a partir de aprova\u00e7\u00e3o em concurso p\u00fablico, n\u00e3o se confundem, em natureza e finalidade, com outras esp\u00e9cies de contrata\u00e7\u00f5es igualmente autorizadas pelo texto constitucional, sendo normalmente necess\u00e1ria dila\u00e7\u00e3o probat\u00f3ria mais complexa a fim de demonstrar eventual distor\u00e7\u00e3o na probidade de contratos tido como prec\u00e1rios.<\/p>\n","protected":false},"excerpt":{"rendered":"<p>O Pleno do TJRN, em julgamento de um Mandado de Seguran\u00e7a, voltou a destacar entendimento do Superior Tribunal de Justi\u00e7a, segundo o qual, em sede de \u2018repercuss\u00e3o geral\u2019, o surgimento de novas vagas ou a abertura de novo concurso para o mesmo cargo, durante o prazo de validade do certame anterior, n\u00e3o gera automaticamente o<br \/><a class=\"more-link\" href=\"https:\/\/justicapotiguar.com.br\/index.php\/2023\/05\/22\/surgimento-de-vagas-durante-prazo-de-validade-em-concurso-e-tema-analisado-no-plenario-do-tjrn\/\">Mais&#8230;<\/a><\/p>\n","protected":false},"author":5,"featured_media":0,"comment_status":"open","ping_status":"open","sticky":false,"template":"","format":"standard","meta":[],"categories":[1],"tags":[],"_links":{"self":[{"href":"https:\/\/justicapotiguar.com.br\/index.php\/wp-json\/wp\/v2\/posts\/31941"}],"collection":[{"href":"https:\/\/justicapotiguar.com.br\/index.php\/wp-json\/wp\/v2\/posts"}],"about":[{"href":"https:\/\/justicapotiguar.com.br\/index.php\/wp-json\/wp\/v2\/types\/post"}],"author":[{"embeddable":true,"href":"https:\/\/justicapotiguar.com.br\/index.php\/wp-json\/wp\/v2\/users\/5"}],"replies":[{"embeddable":true,"href":"https:\/\/justicapotiguar.com.br\/index.php\/wp-json\/wp\/v2\/comments?post=31941"}],"version-history":[{"count":1,"href":"https:\/\/justicapotiguar.com.br\/index.php\/wp-json\/wp\/v2\/posts\/31941\/revisions"}],"predecessor-version":[{"id":31942,"href":"https:\/\/justicapotiguar.com.br\/index.php\/wp-json\/wp\/v2\/posts\/31941\/revisions\/31942"}],"wp:attachment":[{"href":"https:\/\/justicapotiguar.com.br\/index.php\/wp-json\/wp\/v2\/media?parent=31941"}],"wp:term":[{"taxonomy":"category","embeddable":true,"href":"https:\/\/justicapotiguar.com.br\/index.php\/wp-json\/wp\/v2\/categories?post=31941"},{"taxonomy":"post_tag","embeddable":true,"href":"https:\/\/justicapotiguar.com.br\/index.php\/wp-json\/wp\/v2\/tags?post=31941"}],"curies":[{"name":"wp","href":"https:\/\/api.w.org\/{rel}","templated":true}]}}