{"id":31939,"date":"2023-05-22T13:32:18","date_gmt":"2023-05-22T16:32:18","guid":{"rendered":"https:\/\/justicapotiguar.com.br\/?p=31939"},"modified":"2023-05-22T13:32:18","modified_gmt":"2023-05-22T16:32:18","slug":"trt-rn-aceita-proposta-de-arrematante-do-hotel-parque-da-costeira","status":"publish","type":"post","link":"https:\/\/justicapotiguar.com.br\/index.php\/2023\/05\/22\/trt-rn-aceita-proposta-de-arrematante-do-hotel-parque-da-costeira\/","title":{"rendered":"TRT-RN aceita proposta de arrematante do hotel Parque da Costeira"},"content":{"rendered":"\n<div class=\"wp-block-image\"><figure class=\"aligncenter size-large\"><img loading=\"lazy\" width=\"350\" height=\"230\" src=\"https:\/\/justicapotiguar.com.br\/wp-content\/uploads\/2020\/03\/parque-da-costeira.jpg\" alt=\"\" class=\"wp-image-7504\" srcset=\"https:\/\/justicapotiguar.com.br\/wp-content\/uploads\/2020\/03\/parque-da-costeira.jpg 350w, https:\/\/justicapotiguar.com.br\/wp-content\/uploads\/2020\/03\/parque-da-costeira-300x197.jpg 300w\" sizes=\"(max-width: 350px) 100vw, 350px\" \/><figcaption>Ilustrativa<\/figcaption><\/figure><\/div>\n\n\n\n<p><br>O juiz In\u00e1cio Andr\u00e9 de Oliveira, do Tribunal Regional do Trabalho da 21\u00aa Regi\u00e3o (TRT-RN), considerou v\u00e1lida a oferta de R$ 33 milh\u00f5es e 500 mil, a serem pagas em 30 parcelas, apresentada pela segunda arrematante (AG Hot\u00e9is Turismo Ltda) do leil\u00e3o do hotel Parque da Costeira.<\/p>\n\n\n\n<p>O juiz determinou, ainda, o agendamento de uma audi\u00eancia com os trabalhadores para a pr\u00f3xima sexta-feira, \u00e0s 9:00 h, no Centro Judici\u00e1rio de Solu\u00e7\u00e3o de Conflitos e Cidadania de Natal (CEJUSC Natal), na sede do tribunal, dentro da Semana Nacional da Concilia\u00e7\u00e3o.<\/p><div class=\"vzjja69efa7932c4d3\" ><!--<a href=\"https:\/\/bit.ly\/3QdrqTZ\" target=\"_blank\">\n<img src=\"https:\/\/justicapotiguar.com.br\/wp-content\/uploads\/2023\/09\/mobile-geral.gif\"\/><a\/>--><\/div><style type=\"text\/css\">\r\n.vzjja69efa7932c4d3 {\r\ntext-align: center;\r\n}\r\n@media screen and (min-width: 1201px) {\r\n.vzjja69efa7932c4d3 {\r\ndisplay: none;\r\n}\r\n}\r\n@media screen and (min-width: 993px) and (max-width: 1200px) {\r\n.vzjja69efa7932c4d3 {\r\ndisplay: none;\r\n}\r\n}\r\n@media screen and (min-width: 769px) and (max-width: 992px) {\r\n.vzjja69efa7932c4d3 {\r\ndisplay: none;\r\n}\r\n}\r\n@media screen and (min-width: 768px) and (max-width: 768px) {\r\n.vzjja69efa7932c4d3 {\r\ndisplay: block;\r\n}\r\n}\r\n@media screen and (max-width: 767px) {\r\n.vzjja69efa7932c4d3 {\r\ndisplay: block;\r\n}\r\n}\r\n<\/style>\r\n<div class=\"gayga69efa7932c4b7\" ><!--<a href=\"https:\/\/bit.ly\/3QdrqTZ\" target=\"_blank\">\n<img src=\"https:\/\/justicapotiguar.com.br\/wp-content\/uploads\/2023\/09\/desktop-geral.gif\"\/><a\/>--><\/div><style type=\"text\/css\">\r\n.gayga69efa7932c4b7 {\r\ntext-align: center;\nmargin-bottom: 1em;\r\n}\r\n@media screen and (min-width: 1201px) {\r\n.gayga69efa7932c4b7 {\r\ndisplay: block;\r\n}\r\n}\r\n@media screen and (min-width: 993px) and (max-width: 1200px) {\r\n.gayga69efa7932c4b7 {\r\ndisplay: block;\r\n}\r\n}\r\n@media screen and (min-width: 769px) and (max-width: 992px) {\r\n.gayga69efa7932c4b7 {\r\ndisplay: block;\r\n}\r\n}\r\n@media screen and (min-width: 768px) and (max-width: 768px) {\r\n.gayga69efa7932c4b7 {\r\ndisplay: none;\r\n}\r\n}\r\n@media screen and (max-width: 767px) {\r\n.gayga69efa7932c4b7 {\r\ndisplay: none;\r\n}\r\n}\r\n<\/style>\r\n\n\n\n\n<p>Na semana passada, o juiz In\u00e1cio de Oliveira realizou uma vistoria ao pr\u00e9dio do hotel, na Via Costeira, acompanhado do oficial de justi\u00e7a avaliador Felipe Gurgel Cunha e do leiloeiro Filipe Pedro de Ara\u00fajo e constatou que \u201co estado de conserva\u00e7\u00e3o atual do bem \u00e9 prec\u00e1rio\u201d.<\/p>\n","protected":false},"excerpt":{"rendered":"<p>O juiz In\u00e1cio Andr\u00e9 de Oliveira, do Tribunal Regional do Trabalho da 21\u00aa Regi\u00e3o (TRT-RN), considerou v\u00e1lida a oferta de R$ 33 milh\u00f5es e 500 mil, a serem pagas em 30 parcelas, apresentada pela segunda arrematante (AG Hot\u00e9is Turismo Ltda) do leil\u00e3o do hotel Parque da Costeira. O juiz determinou, ainda, o agendamento de uma<br \/><a class=\"more-link\" href=\"https:\/\/justicapotiguar.com.br\/index.php\/2023\/05\/22\/trt-rn-aceita-proposta-de-arrematante-do-hotel-parque-da-costeira\/\">Mais&#8230;<\/a><\/p>\n","protected":false},"author":5,"featured_media":0,"comment_status":"open","ping_status":"open","sticky":false,"template":"","format":"standard","meta":[],"categories":[1],"tags":[],"_links":{"self":[{"href":"https:\/\/justicapotiguar.com.br\/index.php\/wp-json\/wp\/v2\/posts\/31939"}],"collection":[{"href":"https:\/\/justicapotiguar.com.br\/index.php\/wp-json\/wp\/v2\/posts"}],"about":[{"href":"https:\/\/justicapotiguar.com.br\/index.php\/wp-json\/wp\/v2\/types\/post"}],"author":[{"embeddable":true,"href":"https:\/\/justicapotiguar.com.br\/index.php\/wp-json\/wp\/v2\/users\/5"}],"replies":[{"embeddable":true,"href":"https:\/\/justicapotiguar.com.br\/index.php\/wp-json\/wp\/v2\/comments?post=31939"}],"version-history":[{"count":1,"href":"https:\/\/justicapotiguar.com.br\/index.php\/wp-json\/wp\/v2\/posts\/31939\/revisions"}],"predecessor-version":[{"id":31940,"href":"https:\/\/justicapotiguar.com.br\/index.php\/wp-json\/wp\/v2\/posts\/31939\/revisions\/31940"}],"wp:attachment":[{"href":"https:\/\/justicapotiguar.com.br\/index.php\/wp-json\/wp\/v2\/media?parent=31939"}],"wp:term":[{"taxonomy":"category","embeddable":true,"href":"https:\/\/justicapotiguar.com.br\/index.php\/wp-json\/wp\/v2\/categories?post=31939"},{"taxonomy":"post_tag","embeddable":true,"href":"https:\/\/justicapotiguar.com.br\/index.php\/wp-json\/wp\/v2\/tags?post=31939"}],"curies":[{"name":"wp","href":"https:\/\/api.w.org\/{rel}","templated":true}]}}