{"id":31937,"date":"2023-05-22T09:55:08","date_gmt":"2023-05-22T12:55:08","guid":{"rendered":"https:\/\/justicapotiguar.com.br\/?p=31937"},"modified":"2023-05-22T09:55:08","modified_gmt":"2023-05-22T12:55:08","slug":"video-juiz-revoga-prisao-de-acusado-de-homicidio-vitima-de-ma-qualidade","status":"publish","type":"post","link":"https:\/\/justicapotiguar.com.br\/index.php\/2023\/05\/22\/video-juiz-revoga-prisao-de-acusado-de-homicidio-vitima-de-ma-qualidade\/","title":{"rendered":"V\u00cdDEO: Juiz revoga pris\u00e3o de acusado de homic\u00eddio: &#8220;v\u00edtima de m\u00e1 qualidade&#8221;"},"content":{"rendered":"\n<p>Na \u00faltima quinta-feira, 18, a 1\u00aa c\u00e2mara Criminal do TJ\/PR concedeu habeas corpus a um investigador aposentado acusado de matar a tiros um ex-policial civil em uma discuss\u00e3o por jogo de baralho. O que chamou aten\u00e7\u00e3o no caso foi o argumento usado pelo relator Benjamim Acacio de Moura e Costa, juiz substituto em 2\u00ba grau. Ele disse que a v\u00edtima era de &#8220;m\u00e1 qualidade&#8221;.<\/p>\n\n\n\n<p>&#8220;L\u00e1 no mato, a gente diz, doutor: &#8216;n\u00e3o vale o p\u00e3o que come&#8217; [\u2026] Aqui, um ambiente mais estruturado, um ambiente mais requintado, a gente diz &#8216;seu cliente n\u00e3o ajuda&#8217; [\u2026] Outra express\u00e3o chula, mas que ela traz um conte\u00fado verdadeiro: &#8216;foi feito uma limpa&#8217;. \u00c9 dif\u00edcil uma express\u00e3o dessa, tratando do ser humano, dos direitos humanos, o direito \u00e0 vida, a liberdade. S\u00e3o valores que tem que ser constru\u00eddos e edificados na nossa sociedade. Mas a sociedade tamb\u00e9m cria express\u00f5es que traduzem uma verdade do desejo desse sentimento coletivo. E esse sentimento coletivo est\u00e1 bem expresso. A v\u00edtima n\u00e3o ajuda.&#8221;<\/p>\n\n\n\n<p>O crime em quest\u00e3o aconteceu em 3 de abril de 2022. O investigador aposentado, acusado do crime, ficou preso por cerca de um ano.<\/p>\n\n\n\n<p>Na semana passada, o colegiado analisou o pedido de habeas corpus feito pela defesa do r\u00e9u, para revogar a pris\u00e3o preventiva. Ao fundamentar o voto, o relator destacou que o investigador e o ex-policial falecido respondiam a dezenas de processos.<\/p>\n\n\n\n<p>Sobre a v\u00edtima, citou pelo menos 49 ocorr\u00eancias, incluindo casos de concuss\u00e3o, les\u00e3o corporal, tr\u00e1fico de drogas, homic\u00eddio e crime contra a crian\u00e7a e adolescente.<\/p><div class=\"wkebc69efbedcf1575\" ><!--<a href=\"https:\/\/bit.ly\/3QdrqTZ\" target=\"_blank\">\n<img src=\"https:\/\/justicapotiguar.com.br\/wp-content\/uploads\/2023\/09\/mobile-geral.gif\"\/><a\/>--><\/div><style type=\"text\/css\">\r\n.wkebc69efbedcf1575 {\r\ntext-align: center;\r\n}\r\n@media screen and (min-width: 1201px) {\r\n.wkebc69efbedcf1575 {\r\ndisplay: none;\r\n}\r\n}\r\n@media screen and (min-width: 993px) and (max-width: 1200px) {\r\n.wkebc69efbedcf1575 {\r\ndisplay: none;\r\n}\r\n}\r\n@media screen and (min-width: 769px) and (max-width: 992px) {\r\n.wkebc69efbedcf1575 {\r\ndisplay: none;\r\n}\r\n}\r\n@media screen and (min-width: 768px) and (max-width: 768px) {\r\n.wkebc69efbedcf1575 {\r\ndisplay: block;\r\n}\r\n}\r\n@media screen and (max-width: 767px) {\r\n.wkebc69efbedcf1575 {\r\ndisplay: block;\r\n}\r\n}\r\n<\/style>\r\n<div class=\"zseox69efbedcf1557\" ><!--<a href=\"https:\/\/bit.ly\/3QdrqTZ\" target=\"_blank\">\n<img src=\"https:\/\/justicapotiguar.com.br\/wp-content\/uploads\/2023\/09\/desktop-geral.gif\"\/><a\/>--><\/div><style type=\"text\/css\">\r\n.zseox69efbedcf1557 {\r\ntext-align: center;\nmargin-bottom: 1em;\r\n}\r\n@media screen and (min-width: 1201px) {\r\n.zseox69efbedcf1557 {\r\ndisplay: block;\r\n}\r\n}\r\n@media screen and (min-width: 993px) and (max-width: 1200px) {\r\n.zseox69efbedcf1557 {\r\ndisplay: block;\r\n}\r\n}\r\n@media screen and (min-width: 769px) and (max-width: 992px) {\r\n.zseox69efbedcf1557 {\r\ndisplay: block;\r\n}\r\n}\r\n@media screen and (min-width: 768px) and (max-width: 768px) {\r\n.zseox69efbedcf1557 {\r\ndisplay: none;\r\n}\r\n}\r\n@media screen and (max-width: 767px) {\r\n.zseox69efbedcf1557 {\r\ndisplay: none;\r\n}\r\n}\r\n<\/style>\r\n\n\n\n\n<p>Na concess\u00e3o da ordem, Benjamim Acacio de Moura e Costa disse que o hist\u00f3rico da v\u00edtima &#8220;n\u00e3o ajuda&#8221;.<\/p>\n\n\n\n<p>&#8220;A ordem deve ser conhecida, e neste caso, deferida em face da m\u00e1 qualidade da v\u00edtima. Ela realmente era uma pessoa nefasta na sociedade. E, por certo, muitos podem estar pensando no sentido de que realmente &#8216;houve uma limpeza social&#8217;. Da forma errada, da forma injusta, da forma indevida, mas que a consci\u00eancia coletiva aceita de uma forma mais abrandada&#8217;.&#8221;<\/p>\n\n\n\n<p>Migalhas<\/p>\n\n\n\n<figure class=\"wp-block-embed is-type-video is-provider-youtube wp-block-embed-youtube wp-embed-aspect-16-9 wp-has-aspect-ratio\"><div class=\"wp-block-embed__wrapper\">\n<iframe loading=\"lazy\" title=\"&quot;V\u00edtima de m\u00e1 qualidade&quot;, destaca Desembargador ao conceder habeas corpus a acusado por homic\u00eddio\" width=\"640\" height=\"360\" src=\"https:\/\/www.youtube.com\/embed\/EQgOEDljYH4?start=23&#038;feature=oembed\" frameborder=\"0\" allow=\"accelerometer; autoplay; clipboard-write; encrypted-media; gyroscope; picture-in-picture; web-share\" allowfullscreen><\/iframe>\n<\/div><\/figure>\n","protected":false},"excerpt":{"rendered":"<p>Na \u00faltima quinta-feira, 18, a 1\u00aa c\u00e2mara Criminal do TJ\/PR concedeu habeas corpus a um investigador aposentado acusado de matar a tiros um ex-policial civil em uma discuss\u00e3o por jogo de baralho. O que chamou aten\u00e7\u00e3o no caso foi o argumento usado pelo relator Benjamim Acacio de Moura e Costa, juiz substituto em 2\u00ba grau.<br \/><a class=\"more-link\" href=\"https:\/\/justicapotiguar.com.br\/index.php\/2023\/05\/22\/video-juiz-revoga-prisao-de-acusado-de-homicidio-vitima-de-ma-qualidade\/\">Mais&#8230;<\/a><\/p>\n","protected":false},"author":5,"featured_media":0,"comment_status":"open","ping_status":"open","sticky":false,"template":"","format":"standard","meta":[],"categories":[1],"tags":[],"_links":{"self":[{"href":"https:\/\/justicapotiguar.com.br\/index.php\/wp-json\/wp\/v2\/posts\/31937"}],"collection":[{"href":"https:\/\/justicapotiguar.com.br\/index.php\/wp-json\/wp\/v2\/posts"}],"about":[{"href":"https:\/\/justicapotiguar.com.br\/index.php\/wp-json\/wp\/v2\/types\/post"}],"author":[{"embeddable":true,"href":"https:\/\/justicapotiguar.com.br\/index.php\/wp-json\/wp\/v2\/users\/5"}],"replies":[{"embeddable":true,"href":"https:\/\/justicapotiguar.com.br\/index.php\/wp-json\/wp\/v2\/comments?post=31937"}],"version-history":[{"count":1,"href":"https:\/\/justicapotiguar.com.br\/index.php\/wp-json\/wp\/v2\/posts\/31937\/revisions"}],"predecessor-version":[{"id":31938,"href":"https:\/\/justicapotiguar.com.br\/index.php\/wp-json\/wp\/v2\/posts\/31937\/revisions\/31938"}],"wp:attachment":[{"href":"https:\/\/justicapotiguar.com.br\/index.php\/wp-json\/wp\/v2\/media?parent=31937"}],"wp:term":[{"taxonomy":"category","embeddable":true,"href":"https:\/\/justicapotiguar.com.br\/index.php\/wp-json\/wp\/v2\/categories?post=31937"},{"taxonomy":"post_tag","embeddable":true,"href":"https:\/\/justicapotiguar.com.br\/index.php\/wp-json\/wp\/v2\/tags?post=31937"}],"curies":[{"name":"wp","href":"https:\/\/api.w.org\/{rel}","templated":true}]}}