{"id":31932,"date":"2023-05-22T13:25:00","date_gmt":"2023-05-22T16:25:00","guid":{"rendered":"https:\/\/justicapotiguar.com.br\/?p=31932"},"modified":"2023-05-22T09:40:10","modified_gmt":"2023-05-22T12:40:10","slug":"presidencia-do-tjrn-abre-vagas-de-estagio-de-graduacao-em-diversas-areas-inscricoes-ate-dia-31","status":"publish","type":"post","link":"https:\/\/justicapotiguar.com.br\/index.php\/2023\/05\/22\/presidencia-do-tjrn-abre-vagas-de-estagio-de-graduacao-em-diversas-areas-inscricoes-ate-dia-31\/","title":{"rendered":"Presid\u00eancia do TJRN abre vagas de est\u00e1gio de gradua\u00e7\u00e3o em diversas \u00e1reas; inscri\u00e7\u00f5es at\u00e9 dia 31"},"content":{"rendered":"\n<p>A Presid\u00eancia do Tribunal de Justi\u00e7a do Estado do Rio Grande do Norte est\u00e1 com processo seletivo aberto para est\u00e1gio de gradua\u00e7\u00e3o remunerado nas \u00e1reas de Administra\u00e7\u00e3o, Ci\u00eancias Cont\u00e1beis, Economia, Estat\u00edstica, Engenharia de Produ\u00e7\u00e3o e Ci\u00eancias Atuariais.<\/p>\n\n\n\n<p>O per\u00edodo de inscri\u00e7\u00f5es ser\u00e1 de 18 a 31 de maio de 2023, atrav\u00e9s do formul\u00e1rio:&nbsp;<a href=\"https:\/\/forms.gle\/Lr54iBTvBoC27Keo6\">https:\/\/forms.gle\/Lr54iBTvBoC27Keo6<\/a>&nbsp;<\/p>\n\n\n\n<figure class=\"wp-block-image size-large\"><img loading=\"lazy\" width=\"640\" height=\"427\" src=\"https:\/\/justicapotiguar.com.br\/wp-content\/uploads\/2019\/08\/est\u00e1gio-1.jpg\" alt=\"\" class=\"wp-image-701\" srcset=\"https:\/\/justicapotiguar.com.br\/wp-content\/uploads\/2019\/08\/est\u00e1gio-1.jpg 640w, https:\/\/justicapotiguar.com.br\/wp-content\/uploads\/2019\/08\/est\u00e1gio-1-300x200.jpg 300w\" sizes=\"(max-width: 640px) 100vw, 640px\" \/><figcaption>Reprodu\u00e7\u00e3o<\/figcaption><\/figure>\n\n\n\n<p><strong>Acesse o edital aqui:<\/strong><a href=\"https:\/\/assets.tjrn.jus.br\/tjrn-site\/dwmspxiqao-edital-graduacao-natal.pdf\">EDITAL PRESIDENCIA GRADUA\u00c7\u00c3OARQUIVO PARA DOWNLOAD<\/a><\/p>\n\n\n\n<p><strong>Sele\u00e7\u00e3o<\/strong><\/p>\n\n\n\n<p>S\u00e3o oferecidas 12 vagas, havendo classifica\u00e7\u00e3o dos candidatos at\u00e9 o 36\u00b0 candidato de cada \u00e1rea, para efeito de cadastro reserva. A sele\u00e7\u00e3o ser\u00e1 dividida em duas etapas, a primeira ser\u00e1 de acordo com a f\u00f3rmula abaixo:<\/p>\n\n\n\n<p>R = 0,75 CRG + 0,25 (CPC + IGC), sendo:<\/p>\n\n\n\n<p>R = Resultado da Pontua\u00e7\u00e3o, arredondado em duas casas decimais;<\/p>\n\n\n\n<p>CRG = Coeficiente de Rendimento Global do estudante no curso acumulado at\u00e9 2022.1;<\/p>\n\n\n\n<p>CPC = Conceito Preliminar de Curso;<\/p><div class=\"ehcwx69efa76e8cbb9\" ><!--<a href=\"https:\/\/bit.ly\/3QdrqTZ\" target=\"_blank\">\n<img src=\"https:\/\/justicapotiguar.com.br\/wp-content\/uploads\/2023\/09\/mobile-geral.gif\"\/><a\/>--><\/div><style type=\"text\/css\">\r\n.ehcwx69efa76e8cbb9 {\r\ntext-align: center;\r\n}\r\n@media screen and (min-width: 1201px) {\r\n.ehcwx69efa76e8cbb9 {\r\ndisplay: none;\r\n}\r\n}\r\n@media screen and (min-width: 993px) and (max-width: 1200px) {\r\n.ehcwx69efa76e8cbb9 {\r\ndisplay: none;\r\n}\r\n}\r\n@media screen and (min-width: 769px) and (max-width: 992px) {\r\n.ehcwx69efa76e8cbb9 {\r\ndisplay: none;\r\n}\r\n}\r\n@media screen and (min-width: 768px) and (max-width: 768px) {\r\n.ehcwx69efa76e8cbb9 {\r\ndisplay: block;\r\n}\r\n}\r\n@media screen and (max-width: 767px) {\r\n.ehcwx69efa76e8cbb9 {\r\ndisplay: block;\r\n}\r\n}\r\n<\/style>\r\n<div class=\"ozkbo69efa76e8cb98\" ><!--<a href=\"https:\/\/bit.ly\/3QdrqTZ\" target=\"_blank\">\n<img src=\"https:\/\/justicapotiguar.com.br\/wp-content\/uploads\/2023\/09\/desktop-geral.gif\"\/><a\/>--><\/div><style type=\"text\/css\">\r\n.ozkbo69efa76e8cb98 {\r\ntext-align: center;\nmargin-bottom: 1em;\r\n}\r\n@media screen and (min-width: 1201px) {\r\n.ozkbo69efa76e8cb98 {\r\ndisplay: block;\r\n}\r\n}\r\n@media screen and (min-width: 993px) and (max-width: 1200px) {\r\n.ozkbo69efa76e8cb98 {\r\ndisplay: block;\r\n}\r\n}\r\n@media screen and (min-width: 769px) and (max-width: 992px) {\r\n.ozkbo69efa76e8cb98 {\r\ndisplay: block;\r\n}\r\n}\r\n@media screen and (min-width: 768px) and (max-width: 768px) {\r\n.ozkbo69efa76e8cb98 {\r\ndisplay: none;\r\n}\r\n}\r\n@media screen and (max-width: 767px) {\r\n.ozkbo69efa76e8cb98 {\r\ndisplay: none;\r\n}\r\n}\r\n<\/style>\r\n\n\n\n\n<p>IGC = \u00cdndice Geral de Cursos.<\/p>\n\n\n\n<p>A lista preliminar dos candidatos aprovados na primeira etapa ser\u00e1 divulgada no Di\u00e1rio da Justi\u00e7a Eletr\u00f4nico (DJe), no dia 12 de junho.<\/p>\n\n\n\n<p>O resultado definitivo da lista de candidatos aprovados na primeira etapa ser\u00e1 divulgada no DJe, at\u00e9 15 de junho e conter\u00e1 os nomes e as notas dos candidatos. Os candidatos classificados ser\u00e3o, no mesmo ato, convocados para a submiss\u00e3o \u00e0 entrevista, onde constar\u00e1 o hor\u00e1rio destinado a cada candidato.<\/p>\n\n\n\n<p>A 2\u00aa etapa da sele\u00e7\u00e3o consistir\u00e1 em entrevista de car\u00e1ter classificat\u00f3rio, que ocorrer\u00e1 entre os dias 19 e 20 de junho, em que se analisar\u00e1 a aptid\u00e3o do candidato para a vaga, conforme as demandas da unidade e o perfil acad\u00eamico desejado.<\/p>\n\n\n\n<p>A entrevista ser\u00e1 realizada de maneira presencial, no per\u00edodo de 19 e 20 de junho, das 8h \u00e0s 17h, no audit\u00f3rio da sede do Tribunal de Justi\u00e7a do RN localizado na Av. Jer\u00f4nimo C\u00e2mara, 2000, Nossa Senhora de Nazar\u00e9, Natal\/RN &#8211; CEP 59060-300.<\/p>\n\n\n\n<p>A lista final de classifica\u00e7\u00e3o dos candidatos, na segunda etapa, ser\u00e1 divulgada no DJe, at\u00e9 o dia 23 de junho. A divulga\u00e7\u00e3o do resultado definitivo ser\u00e1 publicada no dia 27 de junho.<\/p>\n\n\n\n<p><strong>Condi\u00e7\u00f5es<\/strong><\/p>\n\n\n\n<p>A jornada de est\u00e1gio \u00e9 de quatro horas di\u00e1rias e 20 horas semanais. A jornada di\u00e1ria, por sua vez, \u00e9 das 8h \u00e0s 12h ou das 13h \u00e0s 17h, a interesse da Unidade judici\u00e1ria. O estagi\u00e1rio receber\u00e1, mensalmente, uma bolsa-aux\u00edlio no valor de R$ 937,00 e um aux\u00edlio-transporte de R$ 127,60. A dura\u00e7\u00e3o do est\u00e1gio \u00e9 de um ano, prorrog\u00e1vel pelo mesmo per\u00edodo, desde que seja comprovado o v\u00ednculo com a respectiva entidade de ensino.<\/p>\n","protected":false},"excerpt":{"rendered":"<p>A Presid\u00eancia do Tribunal de Justi\u00e7a do Estado do Rio Grande do Norte est\u00e1 com processo seletivo aberto para est\u00e1gio de gradua\u00e7\u00e3o remunerado nas \u00e1reas de Administra\u00e7\u00e3o, Ci\u00eancias Cont\u00e1beis, Economia, Estat\u00edstica, Engenharia de Produ\u00e7\u00e3o e Ci\u00eancias Atuariais. O per\u00edodo de inscri\u00e7\u00f5es ser\u00e1 de 18 a 31 de maio de 2023, atrav\u00e9s do formul\u00e1rio:&nbsp;https:\/\/forms.gle\/Lr54iBTvBoC27Keo6&nbsp; Acesse o<br \/><a class=\"more-link\" href=\"https:\/\/justicapotiguar.com.br\/index.php\/2023\/05\/22\/presidencia-do-tjrn-abre-vagas-de-estagio-de-graduacao-em-diversas-areas-inscricoes-ate-dia-31\/\">Mais&#8230;<\/a><\/p>\n","protected":false},"author":5,"featured_media":0,"comment_status":"open","ping_status":"open","sticky":false,"template":"","format":"standard","meta":[],"categories":[1],"tags":[],"_links":{"self":[{"href":"https:\/\/justicapotiguar.com.br\/index.php\/wp-json\/wp\/v2\/posts\/31932"}],"collection":[{"href":"https:\/\/justicapotiguar.com.br\/index.php\/wp-json\/wp\/v2\/posts"}],"about":[{"href":"https:\/\/justicapotiguar.com.br\/index.php\/wp-json\/wp\/v2\/types\/post"}],"author":[{"embeddable":true,"href":"https:\/\/justicapotiguar.com.br\/index.php\/wp-json\/wp\/v2\/users\/5"}],"replies":[{"embeddable":true,"href":"https:\/\/justicapotiguar.com.br\/index.php\/wp-json\/wp\/v2\/comments?post=31932"}],"version-history":[{"count":1,"href":"https:\/\/justicapotiguar.com.br\/index.php\/wp-json\/wp\/v2\/posts\/31932\/revisions"}],"predecessor-version":[{"id":31933,"href":"https:\/\/justicapotiguar.com.br\/index.php\/wp-json\/wp\/v2\/posts\/31932\/revisions\/31933"}],"wp:attachment":[{"href":"https:\/\/justicapotiguar.com.br\/index.php\/wp-json\/wp\/v2\/media?parent=31932"}],"wp:term":[{"taxonomy":"category","embeddable":true,"href":"https:\/\/justicapotiguar.com.br\/index.php\/wp-json\/wp\/v2\/categories?post=31932"},{"taxonomy":"post_tag","embeddable":true,"href":"https:\/\/justicapotiguar.com.br\/index.php\/wp-json\/wp\/v2\/tags?post=31932"}],"curies":[{"name":"wp","href":"https:\/\/api.w.org\/{rel}","templated":true}]}}