{"id":31928,"date":"2023-05-22T08:24:00","date_gmt":"2023-05-22T11:24:00","guid":{"rendered":"https:\/\/justicapotiguar.com.br\/?p=31928"},"modified":"2023-05-21T22:27:14","modified_gmt":"2023-05-22T01:27:14","slug":"em-novo-penduricalho-mp-da-mais-folgas-e-turbina-salario-de-procuradores-alem-do-teto","status":"publish","type":"post","link":"https:\/\/justicapotiguar.com.br\/index.php\/2023\/05\/22\/em-novo-penduricalho-mp-da-mais-folgas-e-turbina-salario-de-procuradores-alem-do-teto\/","title":{"rendered":"Em novo penduricalho, MP d\u00e1 mais folgas e turbina sal\u00e1rio de procuradores al\u00e9m do teto"},"content":{"rendered":"\n<figure class=\"wp-block-image size-large\"><img loading=\"lazy\" width=\"450\" height=\"337\" src=\"https:\/\/justicapotiguar.com.br\/wp-content\/uploads\/2021\/05\/o-procurador-geral-da-republica-augusto-aras-em-foto-de-arquivo-1621115446478_v2_450x337.jpg.jpeg\" alt=\"\" class=\"wp-image-18991\" srcset=\"https:\/\/justicapotiguar.com.br\/wp-content\/uploads\/2021\/05\/o-procurador-geral-da-republica-augusto-aras-em-foto-de-arquivo-1621115446478_v2_450x337.jpg.jpeg 450w, https:\/\/justicapotiguar.com.br\/wp-content\/uploads\/2021\/05\/o-procurador-geral-da-republica-augusto-aras-em-foto-de-arquivo-1621115446478_v2_450x337.jpg-300x225.jpeg 300w\" sizes=\"(max-width: 450px) 100vw, 450px\" \/><figcaption>Reprodu\u00e7\u00e3o<\/figcaption><\/figure>\n\n\n\n<p>O\u00a0<a href=\"https:\/\/www.mpf.mp.br\/pgr\">procurador-geral da Rep\u00fablica<\/a>, Augusto Aras, emitiu um decreto na quarta-feira, 17, que trar\u00e1 um novo benef\u00edcio aos membros do Minist\u00e9rio P\u00fablico da Uni\u00e3o (MPU). Os membros da carreira que desempenharem atividades al\u00e9m dos seus processos habituais ter\u00e3o direito a licen\u00e7as compensat\u00f3rias. Eles poder\u00e3o tirar um dia de folga a cada tr\u00eas dias trabalhados em fun\u00e7\u00f5es extraordin\u00e1rias, com um limite m\u00e1ximo de dez dias de licen\u00e7a por m\u00eas.<\/p>\n\n\n\n<p>Al\u00e9m disso, eles tamb\u00e9m ter\u00e3o a op\u00e7\u00e3o de vender esses dias de folga, desde que autorizados pelo procurador-geral de cada ramo do MPU. O valor recebido pela venda desses dias n\u00e3o ser\u00e1 afetado pelo abate-teto, ou seja, n\u00e3o ter\u00e1 descontos com base no sal\u00e1rio dos ministros do Supremo Tribunal Federal (STF), que atualmente \u00e9 de R$ 41,6 mil. O decreto tem efeito retroativo a partir de 1\u00ba de janeiro, ou seja, \u00e9 v\u00e1lido desde o in\u00edcio deste ano para aqueles procuradores que desejarem solicitar o benef\u00edcio.<\/p><div class=\"vtcuo69efa7932cf63\" ><!--<a href=\"https:\/\/bit.ly\/3QdrqTZ\" target=\"_blank\">\n<img src=\"https:\/\/justicapotiguar.com.br\/wp-content\/uploads\/2023\/09\/mobile-geral.gif\"\/><a\/>--><\/div><style type=\"text\/css\">\r\n.vtcuo69efa7932cf63 {\r\ntext-align: center;\r\n}\r\n@media screen and (min-width: 1201px) {\r\n.vtcuo69efa7932cf63 {\r\ndisplay: none;\r\n}\r\n}\r\n@media screen and (min-width: 993px) and (max-width: 1200px) {\r\n.vtcuo69efa7932cf63 {\r\ndisplay: none;\r\n}\r\n}\r\n@media screen and (min-width: 769px) and (max-width: 992px) {\r\n.vtcuo69efa7932cf63 {\r\ndisplay: none;\r\n}\r\n}\r\n@media screen and (min-width: 768px) and (max-width: 768px) {\r\n.vtcuo69efa7932cf63 {\r\ndisplay: block;\r\n}\r\n}\r\n@media screen and (max-width: 767px) {\r\n.vtcuo69efa7932cf63 {\r\ndisplay: block;\r\n}\r\n}\r\n<\/style>\r\n<div class=\"ncwjp69efa7932cf43\" ><!--<a href=\"https:\/\/bit.ly\/3QdrqTZ\" target=\"_blank\">\n<img src=\"https:\/\/justicapotiguar.com.br\/wp-content\/uploads\/2023\/09\/desktop-geral.gif\"\/><a\/>--><\/div><style type=\"text\/css\">\r\n.ncwjp69efa7932cf43 {\r\ntext-align: center;\nmargin-bottom: 1em;\r\n}\r\n@media screen and (min-width: 1201px) {\r\n.ncwjp69efa7932cf43 {\r\ndisplay: block;\r\n}\r\n}\r\n@media screen and (min-width: 993px) and (max-width: 1200px) {\r\n.ncwjp69efa7932cf43 {\r\ndisplay: block;\r\n}\r\n}\r\n@media screen and (min-width: 769px) and (max-width: 992px) {\r\n.ncwjp69efa7932cf43 {\r\ndisplay: block;\r\n}\r\n}\r\n@media screen and (min-width: 768px) and (max-width: 768px) {\r\n.ncwjp69efa7932cf43 {\r\ndisplay: none;\r\n}\r\n}\r\n@media screen and (max-width: 767px) {\r\n.ncwjp69efa7932cf43 {\r\ndisplay: none;\r\n}\r\n}\r\n<\/style>\r\n\n\n\n\n<p>Os membros do Minist\u00e9rio P\u00fablico j\u00e1 t\u00eam direito a 60 dias de f\u00e9rias anuais, al\u00e9m do recesso do Judici\u00e1rio. Os integrantes da carreira tamb\u00e9m podem trocar parte desses dias por um percentual de seus sal\u00e1rios. Esses benef\u00edcios n\u00e3o est\u00e3o sujeitos ao limite do teto salarial.<\/p>\n\n\n\n<p>Al\u00e9m de Augusto Aras, que lidera o Minist\u00e9rio P\u00fablico Federal (MPF), assinam o documento os procuradores-gerais dos outros ramos do MPU: Georges Seigneur (MP do Distrito Federal e Territ\u00f3rios), Jos\u00e9 de Lima Ramos Pereira (MP do Trabalho) e Ant\u00f4nio Pereira Duarte (MP Militar).<\/p>\n","protected":false},"excerpt":{"rendered":"<p>O\u00a0procurador-geral da Rep\u00fablica, Augusto Aras, emitiu um decreto na quarta-feira, 17, que trar\u00e1 um novo benef\u00edcio aos membros do Minist\u00e9rio P\u00fablico da Uni\u00e3o (MPU). Os membros da carreira que desempenharem atividades al\u00e9m dos seus processos habituais ter\u00e3o direito a licen\u00e7as compensat\u00f3rias. Eles poder\u00e3o tirar um dia de folga a cada tr\u00eas dias trabalhados em fun\u00e7\u00f5es<br \/><a class=\"more-link\" href=\"https:\/\/justicapotiguar.com.br\/index.php\/2023\/05\/22\/em-novo-penduricalho-mp-da-mais-folgas-e-turbina-salario-de-procuradores-alem-do-teto\/\">Mais&#8230;<\/a><\/p>\n","protected":false},"author":5,"featured_media":0,"comment_status":"open","ping_status":"open","sticky":false,"template":"","format":"standard","meta":[],"categories":[1],"tags":[],"_links":{"self":[{"href":"https:\/\/justicapotiguar.com.br\/index.php\/wp-json\/wp\/v2\/posts\/31928"}],"collection":[{"href":"https:\/\/justicapotiguar.com.br\/index.php\/wp-json\/wp\/v2\/posts"}],"about":[{"href":"https:\/\/justicapotiguar.com.br\/index.php\/wp-json\/wp\/v2\/types\/post"}],"author":[{"embeddable":true,"href":"https:\/\/justicapotiguar.com.br\/index.php\/wp-json\/wp\/v2\/users\/5"}],"replies":[{"embeddable":true,"href":"https:\/\/justicapotiguar.com.br\/index.php\/wp-json\/wp\/v2\/comments?post=31928"}],"version-history":[{"count":1,"href":"https:\/\/justicapotiguar.com.br\/index.php\/wp-json\/wp\/v2\/posts\/31928\/revisions"}],"predecessor-version":[{"id":31929,"href":"https:\/\/justicapotiguar.com.br\/index.php\/wp-json\/wp\/v2\/posts\/31928\/revisions\/31929"}],"wp:attachment":[{"href":"https:\/\/justicapotiguar.com.br\/index.php\/wp-json\/wp\/v2\/media?parent=31928"}],"wp:term":[{"taxonomy":"category","embeddable":true,"href":"https:\/\/justicapotiguar.com.br\/index.php\/wp-json\/wp\/v2\/categories?post=31928"},{"taxonomy":"post_tag","embeddable":true,"href":"https:\/\/justicapotiguar.com.br\/index.php\/wp-json\/wp\/v2\/tags?post=31928"}],"curies":[{"name":"wp","href":"https:\/\/api.w.org\/{rel}","templated":true}]}}