{"id":31926,"date":"2023-05-21T14:33:33","date_gmt":"2023-05-21T17:33:33","guid":{"rendered":"https:\/\/justicapotiguar.com.br\/?p=31926"},"modified":"2023-05-21T14:33:33","modified_gmt":"2023-05-21T17:33:33","slug":"tj-mantem-condenacao-de-ex-prefeito-por-nomeacao-de-servidor-fantasma-no-rn","status":"publish","type":"post","link":"https:\/\/justicapotiguar.com.br\/index.php\/2023\/05\/21\/tj-mantem-condenacao-de-ex-prefeito-por-nomeacao-de-servidor-fantasma-no-rn\/","title":{"rendered":"TJ mant\u00e9m condena\u00e7\u00e3o de ex-prefeito por nomea\u00e7\u00e3o de servidor fantasma no RN"},"content":{"rendered":"\n<p>A Segunda Turma da Primeira C\u00e2mara C\u00edvel do Tribunal de Justi\u00e7a, por unanimidade de votos, negou recurso interposto por um ex-prefeito do Munic\u00edpio de Jardim do Serid\u00f3 e manteve sua condena\u00e7\u00e3o por Ato de Improbidade Administrativa. Segundo a acusa\u00e7\u00e3o do Minist\u00e9rio P\u00fablico Estadual, o ent\u00e3o gestor foi respons\u00e1vel por dano estimado em R$ 30.498,08, em raz\u00e3o do pagamento do sal\u00e1rio, entre os anos de 2005 a 2008, a um servidor que n\u00e3o desempenhava suas atividades junto \u00e0quele Munic\u00edpio.<\/p>\n\n\n\n<figure class=\"wp-block-image size-large\"><img loading=\"lazy\" width=\"588\" height=\"472\" src=\"https:\/\/justicapotiguar.com.br\/wp-content\/uploads\/2022\/04\/tjrn.png\" alt=\"\" class=\"wp-image-25729\" srcset=\"https:\/\/justicapotiguar.com.br\/wp-content\/uploads\/2022\/04\/tjrn.png 588w, https:\/\/justicapotiguar.com.br\/wp-content\/uploads\/2022\/04\/tjrn-300x241.png 300w\" sizes=\"(max-width: 588px) 100vw, 588px\" \/><figcaption>Reprodu\u00e7\u00e3o<\/figcaption><\/figure>\n\n\n\n<p>A condena\u00e7\u00e3o mantida pelo TJ foi da Vara \u00danica da Comarca de Jardim do Serid\u00f3, que aplicou a penalidade de ressarcimento do dano ensejado ao er\u00e1rio, este materializado por meio do pagamento dos valores correspondentes \u00e0s remunera\u00e7\u00f5es percebidas pelo servidor, no per\u00edodo de 18 de janeiro de 2005 a 28 de dezembro de 2008.<\/p>\n\n\n\n<p>Segundo alegou o MP, no ano de 2014, o \u00f3rg\u00e3o acusador instaurou inqu\u00e9rito civil visando apurar a suposta exist\u00eancia de servidores fantasmas em Jardim do Serid\u00f3 entre os anos de 2005 e 2013. contou que, ap\u00f3s as investiga\u00e7\u00f5es, apurou-se que um determinado servidor p\u00fablico, auxiliar de servi\u00e7os gerais, n\u00e3o cumpriu expediente no Munic\u00edpio entre os anos mencionados, embora tenha recebido seus proventos integrais.<\/p>\n\n\n\n<p>Sustentou que, durante esse per\u00edodo, o servidor em quest\u00e3o enriqueceu ilicitamente, com a anu\u00eancia do ent\u00e3o prefeito, sendo o dano ao er\u00e1rio p\u00fablico municipal atualmente de R$ 30.498,08.<\/p>\n\n\n\n<p>Por tais raz\u00f5es, requereu o Minist\u00e9rio P\u00fablico Estadual, liminarmente, a decreta\u00e7\u00e3o de indisponibilidade de bens do acusado e a sua condena\u00e7\u00e3o pela Lei de Improbidade Administrativa. A primeira inst\u00e2ncia da Justi\u00e7a estadual atendeu o pedido e condenou o ex-gestor.<\/p><div class=\"kecds69efa7caef8cb\" ><!--<a href=\"https:\/\/bit.ly\/3QdrqTZ\" target=\"_blank\">\n<img src=\"https:\/\/justicapotiguar.com.br\/wp-content\/uploads\/2023\/09\/mobile-geral.gif\"\/><a\/>--><\/div><style type=\"text\/css\">\r\n.kecds69efa7caef8cb {\r\ntext-align: center;\r\n}\r\n@media screen and (min-width: 1201px) {\r\n.kecds69efa7caef8cb {\r\ndisplay: none;\r\n}\r\n}\r\n@media screen and (min-width: 993px) and (max-width: 1200px) {\r\n.kecds69efa7caef8cb {\r\ndisplay: none;\r\n}\r\n}\r\n@media screen and (min-width: 769px) and (max-width: 992px) {\r\n.kecds69efa7caef8cb {\r\ndisplay: none;\r\n}\r\n}\r\n@media screen and (min-width: 768px) and (max-width: 768px) {\r\n.kecds69efa7caef8cb {\r\ndisplay: block;\r\n}\r\n}\r\n@media screen and (max-width: 767px) {\r\n.kecds69efa7caef8cb {\r\ndisplay: block;\r\n}\r\n}\r\n<\/style>\r\n<div class=\"nprfv69efa7caef8b4\" ><!--<a href=\"https:\/\/bit.ly\/3QdrqTZ\" target=\"_blank\">\n<img src=\"https:\/\/justicapotiguar.com.br\/wp-content\/uploads\/2023\/09\/desktop-geral.gif\"\/><a\/>--><\/div><style type=\"text\/css\">\r\n.nprfv69efa7caef8b4 {\r\ntext-align: center;\nmargin-bottom: 1em;\r\n}\r\n@media screen and (min-width: 1201px) {\r\n.nprfv69efa7caef8b4 {\r\ndisplay: block;\r\n}\r\n}\r\n@media screen and (min-width: 993px) and (max-width: 1200px) {\r\n.nprfv69efa7caef8b4 {\r\ndisplay: block;\r\n}\r\n}\r\n@media screen and (min-width: 769px) and (max-width: 992px) {\r\n.nprfv69efa7caef8b4 {\r\ndisplay: block;\r\n}\r\n}\r\n@media screen and (min-width: 768px) and (max-width: 768px) {\r\n.nprfv69efa7caef8b4 {\r\ndisplay: none;\r\n}\r\n}\r\n@media screen and (max-width: 767px) {\r\n.nprfv69efa7caef8b4 {\r\ndisplay: none;\r\n}\r\n}\r\n<\/style>\r\n\n\n\n\n<p>O ent\u00e3o prefeito ponderou que a responsabiliza\u00e7\u00e3o na hip\u00f3tese seria subjetiva, sendo essencial perquirir acerca da consci\u00eancia do agente para concorrer com os atos de improbidade descritos na a\u00e7\u00e3o judicial, circunst\u00e2ncia n\u00e3o evidenciada nos autos. Reputou ser imposs\u00edvel aferir dos requisitos necess\u00e1rios ao dever de reparar, tendo em vista a prescri\u00e7\u00e3o sobre a pr\u00f3pria pr\u00e1tica da improbidade administrativa, condi\u00e7\u00e3o essencial para imposi\u00e7\u00e3o da obriga\u00e7\u00e3o neste sentido.<\/p>\n\n\n\n<p><strong>Mat\u00e9ria imprescrit\u00edvel<\/strong><\/p>\n\n\n\n<p>Ao analisar o recurso, o relator, desembargador Expedito Ferreira entendeu que n\u00e3o cabe falar em prescri\u00e7\u00e3o quanto ao pedido de ressarcimento, pois o caso se tratar de mat\u00e9ria reconhecidamente imprescrit\u00edvel pelo sistema normativo nacional. Ele ressaltou, inclusive, que a mat\u00e9ria em quest\u00e3o j\u00e1 teria sido objeto de decis\u00e3o pela Corte de Justi\u00e7a Potiguar.<\/p>\n\n\n\n<p>O relator enfrentou outras quest\u00f5es preliminares de m\u00e9rito para, depois, considerar que o caso \u201cn\u00e3o se trata de mera ades\u00e3o fortuita \u00e0 empreitada irregular de terceiro, mas sim na atua\u00e7\u00e3o direta do agente p\u00fablico para a consecu\u00e7\u00e3o dos fins irregulares, com inequ\u00edvoca ci\u00eancia de todas as caracter\u00edsticas e repercuss\u00f5es do fato, sendo inequ\u00edvoco seu deliberado intento de favorecer a pr\u00e1tica do il\u00edcito\u201d.<\/p>\n","protected":false},"excerpt":{"rendered":"<p>A Segunda Turma da Primeira C\u00e2mara C\u00edvel do Tribunal de Justi\u00e7a, por unanimidade de votos, negou recurso interposto por um ex-prefeito do Munic\u00edpio de Jardim do Serid\u00f3 e manteve sua condena\u00e7\u00e3o por Ato de Improbidade Administrativa. Segundo a acusa\u00e7\u00e3o do Minist\u00e9rio P\u00fablico Estadual, o ent\u00e3o gestor foi respons\u00e1vel por dano estimado em R$ 30.498,08, em<br \/><a class=\"more-link\" href=\"https:\/\/justicapotiguar.com.br\/index.php\/2023\/05\/21\/tj-mantem-condenacao-de-ex-prefeito-por-nomeacao-de-servidor-fantasma-no-rn\/\">Mais&#8230;<\/a><\/p>\n","protected":false},"author":5,"featured_media":0,"comment_status":"open","ping_status":"open","sticky":false,"template":"","format":"standard","meta":[],"categories":[1],"tags":[],"_links":{"self":[{"href":"https:\/\/justicapotiguar.com.br\/index.php\/wp-json\/wp\/v2\/posts\/31926"}],"collection":[{"href":"https:\/\/justicapotiguar.com.br\/index.php\/wp-json\/wp\/v2\/posts"}],"about":[{"href":"https:\/\/justicapotiguar.com.br\/index.php\/wp-json\/wp\/v2\/types\/post"}],"author":[{"embeddable":true,"href":"https:\/\/justicapotiguar.com.br\/index.php\/wp-json\/wp\/v2\/users\/5"}],"replies":[{"embeddable":true,"href":"https:\/\/justicapotiguar.com.br\/index.php\/wp-json\/wp\/v2\/comments?post=31926"}],"version-history":[{"count":1,"href":"https:\/\/justicapotiguar.com.br\/index.php\/wp-json\/wp\/v2\/posts\/31926\/revisions"}],"predecessor-version":[{"id":31927,"href":"https:\/\/justicapotiguar.com.br\/index.php\/wp-json\/wp\/v2\/posts\/31926\/revisions\/31927"}],"wp:attachment":[{"href":"https:\/\/justicapotiguar.com.br\/index.php\/wp-json\/wp\/v2\/media?parent=31926"}],"wp:term":[{"taxonomy":"category","embeddable":true,"href":"https:\/\/justicapotiguar.com.br\/index.php\/wp-json\/wp\/v2\/categories?post=31926"},{"taxonomy":"post_tag","embeddable":true,"href":"https:\/\/justicapotiguar.com.br\/index.php\/wp-json\/wp\/v2\/tags?post=31926"}],"curies":[{"name":"wp","href":"https:\/\/api.w.org\/{rel}","templated":true}]}}