{"id":31924,"date":"2023-05-21T08:36:00","date_gmt":"2023-05-21T11:36:00","guid":{"rendered":"https:\/\/justicapotiguar.com.br\/?p=31924"},"modified":"2023-05-20T23:37:37","modified_gmt":"2023-05-21T02:37:37","slug":"apos-acao-movida-pelo-mprn-justica-suspende-concurso-para-ingresso-de-pracas-na-pm","status":"publish","type":"post","link":"https:\/\/justicapotiguar.com.br\/index.php\/2023\/05\/21\/apos-acao-movida-pelo-mprn-justica-suspende-concurso-para-ingresso-de-pracas-na-pm\/","title":{"rendered":"Ap\u00f3s a\u00e7\u00e3o movida pelo MPRN, Justi\u00e7a suspende concurso para ingresso de pra\u00e7as na PM"},"content":{"rendered":"\n<figure class=\"wp-block-image\"><img src=\"https:\/\/www.mprn.mp.br\/wp-content\/uploads\/2023\/05\/AdobeStock_309609504.jpeg\" alt=\"Imagem de uma estatueta da Deusa da Justi\u00e7a e de um martelo.\" class=\"wp-image-15082\"\/><\/figure>\n\n\n\n<p>Em uma a\u00e7\u00e3o civil p\u00fablica com pedido de tutela antecipada, o Minist\u00e9rio P\u00fablico do Rio Grande do Norte (MPRN) obteve a suspens\u00e3o do concurso p\u00fablico para ingresso no curso de forma\u00e7\u00e3o de pra\u00e7as da Pol\u00edcia Militar potiguar, cujo exame de habilidade musical estava previsto para esse domingo (21) e o exame de avalia\u00e7\u00e3o de condicionamento f\u00edsico estava previsto para iniciar na segunda-feira (22).<\/p>\n\n\n\n<p>Na a\u00e7\u00e3o, o MPRN demonstrou que n\u00e3o foi observada a obrigatoriedade de o certame p\u00fablico contemplar provas objetivas e\/ou escritas mais de reda\u00e7\u00e3o e ainda de capacidade f\u00edsica, de forma a garantir o preparo t\u00e9cnico dos candidatos para o exerc\u00edcio da fun\u00e7\u00e3o p\u00fablica, proporcionando assim \u00e0 Administra\u00e7\u00e3o P\u00fablica a aferi\u00e7\u00e3o, qualifica\u00e7\u00e3o e sele\u00e7\u00e3o dos candidatos mais capazes a exercer as suas respectivas fun\u00e7\u00f5es.<\/p>\n\n\n\n<p>A suspens\u00e3o em quest\u00e3o trata do fato de o edital do concurso p\u00fablico para pra\u00e7as da PM n\u00e3o observar as leis estaduais que estabelecem a obrigatoriedade de prova de reda\u00e7\u00e3o na primeira etapa do certame. Esse concurso \u00e9 para provimento de 1.128 vagas para ingresso no Curso de Forma\u00e7\u00e3o de Pra\u00e7as (CFP) e 30 vagas para ingresso no Curso de Forma\u00e7\u00e3o de Pra\u00e7as M\u00fasicos (CFP \u2013 Mus) da Pol\u00edcia Militar do Rio Grande do Norte, que \u00e9 realizado por interm\u00e9dio do Instituto Brasileiro de Forma\u00e7\u00e3o e Capacita\u00e7\u00e3o (IBFC).<\/p><div class=\"jbxtl69efa7caefb3e\" ><!--<a href=\"https:\/\/bit.ly\/3QdrqTZ\" target=\"_blank\">\n<img src=\"https:\/\/justicapotiguar.com.br\/wp-content\/uploads\/2023\/09\/mobile-geral.gif\"\/><a\/>--><\/div><style type=\"text\/css\">\r\n.jbxtl69efa7caefb3e {\r\ntext-align: center;\r\n}\r\n@media screen and (min-width: 1201px) {\r\n.jbxtl69efa7caefb3e {\r\ndisplay: none;\r\n}\r\n}\r\n@media screen and (min-width: 993px) and (max-width: 1200px) {\r\n.jbxtl69efa7caefb3e {\r\ndisplay: none;\r\n}\r\n}\r\n@media screen and (min-width: 769px) and (max-width: 992px) {\r\n.jbxtl69efa7caefb3e {\r\ndisplay: none;\r\n}\r\n}\r\n@media screen and (min-width: 768px) and (max-width: 768px) {\r\n.jbxtl69efa7caefb3e {\r\ndisplay: block;\r\n}\r\n}\r\n@media screen and (max-width: 767px) {\r\n.jbxtl69efa7caefb3e {\r\ndisplay: block;\r\n}\r\n}\r\n<\/style>\r\n<div class=\"ehjnz69efa7caefb24\" ><!--<a href=\"https:\/\/bit.ly\/3QdrqTZ\" target=\"_blank\">\n<img src=\"https:\/\/justicapotiguar.com.br\/wp-content\/uploads\/2023\/09\/desktop-geral.gif\"\/><a\/>--><\/div><style type=\"text\/css\">\r\n.ehjnz69efa7caefb24 {\r\ntext-align: center;\nmargin-bottom: 1em;\r\n}\r\n@media screen and (min-width: 1201px) {\r\n.ehjnz69efa7caefb24 {\r\ndisplay: block;\r\n}\r\n}\r\n@media screen and (min-width: 993px) and (max-width: 1200px) {\r\n.ehjnz69efa7caefb24 {\r\ndisplay: block;\r\n}\r\n}\r\n@media screen and (min-width: 769px) and (max-width: 992px) {\r\n.ehjnz69efa7caefb24 {\r\ndisplay: block;\r\n}\r\n}\r\n@media screen and (min-width: 768px) and (max-width: 768px) {\r\n.ehjnz69efa7caefb24 {\r\ndisplay: none;\r\n}\r\n}\r\n@media screen and (max-width: 767px) {\r\n.ehjnz69efa7caefb24 {\r\ndisplay: none;\r\n}\r\n}\r\n<\/style>\r\n\n\n\n\n<p>Na decis\u00e3o, a Justi\u00e7a potiguar refor\u00e7a as provas s\u00e3o etapas cumulativas e obrigat\u00f3rias do certame e a aus\u00eancia de qualquer uma delas, \u00e9 contra lei. Assim, a aus\u00eancia de previs\u00e3o de aplica\u00e7\u00e3o de prova de reda\u00e7\u00e3o \u00e9 ilegal. A Justi\u00e7a frisa ainda que \u201c\u00e9 imperiosa a participa\u00e7\u00e3o de todos os candidatos nas provas de car\u00e1ter eliminat\u00f3rio e classificat\u00f3rio, de forma a garantir a avalia\u00e7\u00e3o do desempenho de cada participante, os quais certamente obter\u00e3o notas distintas\u201d.<\/p>\n\n\n\n<p>A prova objetiva deste concurso foi aplicada em 16 de abril deste ano, com resultado definitivo divulgado no site do concurso em 15 de maio, mesma data em que os candidatos foram convocados para o Exame de Habilita\u00e7\u00e3o Musical (Aluno M\u00fasico) e o Exame de Avalia\u00e7\u00e3o de Condicionamento F\u00edsico (Aluno M\u00fasico e Aluno Soldado) a serem realizados, respectivamente, no dia 21 e no per\u00edodo entre 22 e 31 de maio de 2023.<\/p>\n\n\n\n<p>Clique&nbsp;<a href=\"https:\/\/drive.google.com\/file\/d\/1hHgqnq7xmq-0U523q1LI9Ea7JpOZKJ84\/view?usp=share_link\">aqui<\/a>&nbsp;para ler a \u00edntegra da decis\u00e3o judicial.<\/p>\n","protected":false},"excerpt":{"rendered":"<p>Em uma a\u00e7\u00e3o civil p\u00fablica com pedido de tutela antecipada, o Minist\u00e9rio P\u00fablico do Rio Grande do Norte (MPRN) obteve a suspens\u00e3o do concurso p\u00fablico para ingresso no curso de forma\u00e7\u00e3o de pra\u00e7as da Pol\u00edcia Militar potiguar, cujo exame de habilidade musical estava previsto para esse domingo (21) e o exame de avalia\u00e7\u00e3o de condicionamento<br \/><a class=\"more-link\" href=\"https:\/\/justicapotiguar.com.br\/index.php\/2023\/05\/21\/apos-acao-movida-pelo-mprn-justica-suspende-concurso-para-ingresso-de-pracas-na-pm\/\">Mais&#8230;<\/a><\/p>\n","protected":false},"author":5,"featured_media":0,"comment_status":"open","ping_status":"open","sticky":false,"template":"","format":"standard","meta":[],"categories":[1],"tags":[],"_links":{"self":[{"href":"https:\/\/justicapotiguar.com.br\/index.php\/wp-json\/wp\/v2\/posts\/31924"}],"collection":[{"href":"https:\/\/justicapotiguar.com.br\/index.php\/wp-json\/wp\/v2\/posts"}],"about":[{"href":"https:\/\/justicapotiguar.com.br\/index.php\/wp-json\/wp\/v2\/types\/post"}],"author":[{"embeddable":true,"href":"https:\/\/justicapotiguar.com.br\/index.php\/wp-json\/wp\/v2\/users\/5"}],"replies":[{"embeddable":true,"href":"https:\/\/justicapotiguar.com.br\/index.php\/wp-json\/wp\/v2\/comments?post=31924"}],"version-history":[{"count":1,"href":"https:\/\/justicapotiguar.com.br\/index.php\/wp-json\/wp\/v2\/posts\/31924\/revisions"}],"predecessor-version":[{"id":31925,"href":"https:\/\/justicapotiguar.com.br\/index.php\/wp-json\/wp\/v2\/posts\/31924\/revisions\/31925"}],"wp:attachment":[{"href":"https:\/\/justicapotiguar.com.br\/index.php\/wp-json\/wp\/v2\/media?parent=31924"}],"wp:term":[{"taxonomy":"category","embeddable":true,"href":"https:\/\/justicapotiguar.com.br\/index.php\/wp-json\/wp\/v2\/categories?post=31924"},{"taxonomy":"post_tag","embeddable":true,"href":"https:\/\/justicapotiguar.com.br\/index.php\/wp-json\/wp\/v2\/tags?post=31924"}],"curies":[{"name":"wp","href":"https:\/\/api.w.org\/{rel}","templated":true}]}}