{"id":31911,"date":"2023-05-19T16:48:52","date_gmt":"2023-05-19T19:48:52","guid":{"rendered":"https:\/\/justicapotiguar.com.br\/?p=31911"},"modified":"2023-05-19T16:48:52","modified_gmt":"2023-05-19T19:48:52","slug":"informativo-1-093-do-stf-de-12-de-maio-de-2023","status":"publish","type":"post","link":"https:\/\/justicapotiguar.com.br\/index.php\/2023\/05\/19\/informativo-1-093-do-stf-de-12-de-maio-de-2023\/","title":{"rendered":"Informativo 1.093 do STF, de 12 de maio de 2023."},"content":{"rendered":"\n<p><strong>Rodrigo Leite | @rodrigocrleite<\/strong><\/p>\n\n\n\n<p><strong>Canal P\u00edlulas Jur\u00eddicas | STF e STJ<\/strong><\/p>\n\n\n\n<p><strong>Link de acesso ao Canal: <\/strong><strong><a href=\"https:\/\/bit.ly\/42fH7O5\"><u>https:\/\/bit.ly\/42fH7O5<\/u><\/a><\/strong><\/p>\n\n\n\n<p><strong>PLEN\u00c1RIO<\/strong><\/p>\n\n\n\n<figure class=\"wp-block-image size-large\"><img loading=\"lazy\" width=\"1024\" height=\"615\" src=\"https:\/\/justicapotiguar.com.br\/wp-content\/uploads\/2019\/08\/STF-01-1024x615.jpg\" alt=\"\" class=\"wp-image-371\" srcset=\"https:\/\/justicapotiguar.com.br\/wp-content\/uploads\/2019\/08\/STF-01-1024x615.jpg 1024w, https:\/\/justicapotiguar.com.br\/wp-content\/uploads\/2019\/08\/STF-01-300x180.jpg 300w, https:\/\/justicapotiguar.com.br\/wp-content\/uploads\/2019\/08\/STF-01-768x461.jpg 768w, https:\/\/justicapotiguar.com.br\/wp-content\/uploads\/2019\/08\/STF-01.jpg 1086w\" sizes=\"(max-width: 1024px) 100vw, 1024px\" \/><\/figure>\n\n\n\n<p>&#8211; \u00c9 constitucional a Lei 13.026\/2014, na parte em que cria o Quadro em Extin\u00e7\u00e3o de Combate \u00e0s Endemias e autoriza a transforma\u00e7\u00e3o dos empregos p\u00fablicos criados pelo art. 15 da Lei 11.350\/2006 no cargo de Agente de Combate \u00e0s Endemias, a ser regido pela Lei 8.112\/1990 (regime estatut\u00e1rio) &#8211; <strong>ADI 5554\/DF<\/strong>, julgamento virtual finalizado em 24\/4\/2023.<\/p>\n\n\n\n<p>&#8211; \u00c9 inconstitucional \u2014 por invadir a compet\u00eancia privativa da Uni\u00e3o para legislar sobre \u00e1guas e energia (CF\/1988, art. 22, IV) e para dispor sobre os bens federais (CF\/1988, art. 20, III e VIII), bem como por ocupar indevidamente o espa\u00e7o normativo da Ag\u00eancia Nacional de \u00c1guas (ANA) \u2014 lei estadual que pro\u00edbe a constru\u00e7\u00e3o de instala\u00e7\u00f5es hidrel\u00e9tricas em toda a extens\u00e3o de curso de \u00e1gua de dom\u00ednio da Uni\u00e3o &#8211; <strong>ADI 7319\/MT<\/strong>, julgamento virtual finalizado em 8\/5\/2023.<\/p><div class=\"liffd69efb0566b72e\" ><!--<a href=\"https:\/\/bit.ly\/3QdrqTZ\" target=\"_blank\">\n<img src=\"https:\/\/justicapotiguar.com.br\/wp-content\/uploads\/2023\/09\/mobile-geral.gif\"\/><a\/>--><\/div><style type=\"text\/css\">\r\n.liffd69efb0566b72e {\r\ntext-align: center;\r\n}\r\n@media screen and (min-width: 1201px) {\r\n.liffd69efb0566b72e {\r\ndisplay: none;\r\n}\r\n}\r\n@media screen and (min-width: 993px) and (max-width: 1200px) {\r\n.liffd69efb0566b72e {\r\ndisplay: none;\r\n}\r\n}\r\n@media screen and (min-width: 769px) and (max-width: 992px) {\r\n.liffd69efb0566b72e {\r\ndisplay: none;\r\n}\r\n}\r\n@media screen and (min-width: 768px) and (max-width: 768px) {\r\n.liffd69efb0566b72e {\r\ndisplay: block;\r\n}\r\n}\r\n@media screen and (max-width: 767px) {\r\n.liffd69efb0566b72e {\r\ndisplay: block;\r\n}\r\n}\r\n<\/style>\r\n<div class=\"kkkyn69efb0566b71a\" ><!--<a href=\"https:\/\/bit.ly\/3QdrqTZ\" target=\"_blank\">\n<img src=\"https:\/\/justicapotiguar.com.br\/wp-content\/uploads\/2023\/09\/desktop-geral.gif\"\/><a\/>--><\/div><style type=\"text\/css\">\r\n.kkkyn69efb0566b71a {\r\ntext-align: center;\nmargin-bottom: 1em;\r\n}\r\n@media screen and (min-width: 1201px) {\r\n.kkkyn69efb0566b71a {\r\ndisplay: block;\r\n}\r\n}\r\n@media screen and (min-width: 993px) and (max-width: 1200px) {\r\n.kkkyn69efb0566b71a {\r\ndisplay: block;\r\n}\r\n}\r\n@media screen and (min-width: 769px) and (max-width: 992px) {\r\n.kkkyn69efb0566b71a {\r\ndisplay: block;\r\n}\r\n}\r\n@media screen and (min-width: 768px) and (max-width: 768px) {\r\n.kkkyn69efb0566b71a {\r\ndisplay: none;\r\n}\r\n}\r\n@media screen and (max-width: 767px) {\r\n.kkkyn69efb0566b71a {\r\ndisplay: none;\r\n}\r\n}\r\n<\/style>\r\n\n\n\n\n<p>&#8211; \u00c9 constitucional \u2014 por dispor sobre a prote\u00e7\u00e3o do meio ambiente e a prote\u00e7\u00e3o e defesa da sa\u00fade, mat\u00e9rias de compet\u00eancia legislativa concorrente entre a Uni\u00e3o, estados e DF (CF\/1988, art. 24, VI e XII), e estabelecer restri\u00e7\u00e3o necess\u00e1ria, adequada e proporcional no \u00e2mbito de sua compet\u00eancia suplementar e nos limites de seu interesse local (CF\/1988, art. 30, I e II) \u2014 lei municipal que veda a soltura de fogos de artif\u00edcio e artefatos pirot\u00e9cnicos produtores de estampidos &#8211; <strong>RE 1.210.727\/SP<\/strong>, julgamento virtual finalizado em 8\/5\/2023, Tema 1056.<\/p>\n\n\n\n<p>&#8211; Encontram-se presentes os requisitos para a concess\u00e3o da medida cautelar, pois (i) h\u00e1 plausibilidade jur\u00eddica quanto \u00e0 alega\u00e7\u00e3o de constitucionalidade do Decreto 11.374\/2023; e (ii) h\u00e1 perigo da demora na presta\u00e7\u00e3o jurisdicional decorrente da constata\u00e7\u00e3o de controv\u00e9rsia constitucional relevante e da exist\u00eancia de decis\u00f5es judiciais conflitantes sobre o tema &#8211; <strong>ADC 84 MC-Ref\/DF<\/strong>, julgamento virtual finalizado em 8\/5\/2023.<\/p>\n\n\n\n<p>_____________________<\/p>\n\n\n\n<p><strong>Rodrigo Costa Rodrigues Leite<\/strong><\/p>\n\n\n\n<p>Coautor do livro \u201cAn\u00e1lise das Diverg\u00eancias Jurisprudenciais no STF e STJ\u201d, Editora Juspodivm. Autor do livro \u201cTombamento \u2013 Vol. 36 \u2013 Cole\u00e7\u00e3o Leis Especiais para Concursos\u201d, Editora Juspodivm. Autor do livro \u201cDesapropria\u00e7\u00e3o \u2013 Vol. 39 \u2013 Cole\u00e7\u00e3o Especiais para Concursos\u201d, Editora Juspodivm. Coautor do livro \u201cSaberes Jurisprudenciais\u201d, Editora Saraiva. Coorganizador do livro \u201cCPC na Jurisprud\u00eancia\u201d, Editora Foco. Especialista em Direito P\u00fablico e Direito Processual Civil. Mestre em Direito Constitucional. Aluno laureado das Turmas 2005.2 da Universidade Potiguar. Professor da P\u00f3s-gradua\u00e7\u00e3o em Direito Civil da Rede Anhaguera-Kroton. M\u00e1ster Universit\u00e1rio em Direito Constitucional pela Universidad Del Pa\u00eds Vasco, San Sebasti\u00e1n, Espanha. Advogado licenciado. Membro do Conselho Editorial da Revista do Poder Judici\u00e1rio do Estado do Rio Grande do Norte \u2013 REPOJURN. Analista Judici\u00e1rio do TJRN. Assessor de Desembargador do TJRN.<\/p>\n","protected":false},"excerpt":{"rendered":"<p>Rodrigo Leite | @rodrigocrleite Canal P\u00edlulas Jur\u00eddicas | STF e STJ Link de acesso ao Canal: https:\/\/bit.ly\/42fH7O5 PLEN\u00c1RIO &#8211; \u00c9 constitucional a Lei 13.026\/2014, na parte em que cria o Quadro em Extin\u00e7\u00e3o de Combate \u00e0s Endemias e autoriza a transforma\u00e7\u00e3o dos empregos p\u00fablicos criados pelo art. 15 da Lei 11.350\/2006 no cargo de Agente<br \/><a class=\"more-link\" href=\"https:\/\/justicapotiguar.com.br\/index.php\/2023\/05\/19\/informativo-1-093-do-stf-de-12-de-maio-de-2023\/\">Mais&#8230;<\/a><\/p>\n","protected":false},"author":5,"featured_media":0,"comment_status":"open","ping_status":"open","sticky":false,"template":"","format":"standard","meta":[],"categories":[1],"tags":[],"_links":{"self":[{"href":"https:\/\/justicapotiguar.com.br\/index.php\/wp-json\/wp\/v2\/posts\/31911"}],"collection":[{"href":"https:\/\/justicapotiguar.com.br\/index.php\/wp-json\/wp\/v2\/posts"}],"about":[{"href":"https:\/\/justicapotiguar.com.br\/index.php\/wp-json\/wp\/v2\/types\/post"}],"author":[{"embeddable":true,"href":"https:\/\/justicapotiguar.com.br\/index.php\/wp-json\/wp\/v2\/users\/5"}],"replies":[{"embeddable":true,"href":"https:\/\/justicapotiguar.com.br\/index.php\/wp-json\/wp\/v2\/comments?post=31911"}],"version-history":[{"count":1,"href":"https:\/\/justicapotiguar.com.br\/index.php\/wp-json\/wp\/v2\/posts\/31911\/revisions"}],"predecessor-version":[{"id":31912,"href":"https:\/\/justicapotiguar.com.br\/index.php\/wp-json\/wp\/v2\/posts\/31911\/revisions\/31912"}],"wp:attachment":[{"href":"https:\/\/justicapotiguar.com.br\/index.php\/wp-json\/wp\/v2\/media?parent=31911"}],"wp:term":[{"taxonomy":"category","embeddable":true,"href":"https:\/\/justicapotiguar.com.br\/index.php\/wp-json\/wp\/v2\/categories?post=31911"},{"taxonomy":"post_tag","embeddable":true,"href":"https:\/\/justicapotiguar.com.br\/index.php\/wp-json\/wp\/v2\/tags?post=31911"}],"curies":[{"name":"wp","href":"https:\/\/api.w.org\/{rel}","templated":true}]}}