{"id":31908,"date":"2023-05-19T16:25:45","date_gmt":"2023-05-19T19:25:45","guid":{"rendered":"https:\/\/justicapotiguar.com.br\/?p=31908"},"modified":"2023-05-19T16:25:45","modified_gmt":"2023-05-19T19:25:45","slug":"justica-determina-que-plano-de-saude-custeie-tratamento-domiciliar-para-crianca-com-fenda-palatina","status":"publish","type":"post","link":"https:\/\/justicapotiguar.com.br\/index.php\/2023\/05\/19\/justica-determina-que-plano-de-saude-custeie-tratamento-domiciliar-para-crianca-com-fenda-palatina\/","title":{"rendered":"Justi\u00e7a determina que plano de sa\u00fade custeie tratamento domiciliar para crian\u00e7a com fenda palatina"},"content":{"rendered":"\n<figure class=\"wp-block-image size-large\"><img loading=\"lazy\" width=\"768\" height=\"472\" src=\"https:\/\/justicapotiguar.com.br\/wp-content\/uploads\/2020\/09\/geral-1_base-direita_criancas-creche-itajai_foto-divulgacao-ilustrativas-2-1-e1600799990491-768x472.jpg\" alt=\"\" class=\"wp-image-13239\" srcset=\"https:\/\/justicapotiguar.com.br\/wp-content\/uploads\/2020\/09\/geral-1_base-direita_criancas-creche-itajai_foto-divulgacao-ilustrativas-2-1-e1600799990491-768x472.jpg 768w, https:\/\/justicapotiguar.com.br\/wp-content\/uploads\/2020\/09\/geral-1_base-direita_criancas-creche-itajai_foto-divulgacao-ilustrativas-2-1-e1600799990491-768x472-300x184.jpg 300w\" sizes=\"(max-width: 768px) 100vw, 768px\" \/><figcaption>Ilustrativa<\/figcaption><\/figure>\n\n\n\n<p>A 4\u00aa Vara C\u00edvel de Mossor\u00f3 determinou que um plano de sa\u00fade forne\u00e7a, em um prazo de 24 horas, o custeio do tratamento de sa\u00fade em domic\u00edlio para uma crian\u00e7a que necessita de uma equipe multiprofissional composta por pediatra, neuropediatra, cardiopediatra, otorrinolaringologista, geneticista endocrinopediatra, oncologista infantil, pscic\u00f3logo, fonoaudi\u00f3logo, nutricionista, fisioterapia motora cont\u00ednua, dentre outros profissionais conforme a demanda m\u00e9dica, para tratar a doen\u00e7a base e as demais patologias.<\/p>\n\n\n\n<p>Al\u00e9m disso, o respons\u00e1vel pela crian\u00e7a tamb\u00e9m solicitou o reembolso das terapias j\u00e1 realizadas tendo em vista que n\u00e3o haviam redes credenciadas do devido plano de sa\u00fade. A crian\u00e7a \u00e9 portadora de mais de dez patologias e necessita de cuidados por tempo indeterminado e de prefer\u00eancia em domic\u00edlio para evitar a sua exposi\u00e7\u00e3o a doen\u00e7as infectontagiosas.<\/p>\n\n\n\n<p>Nos autos do processo, o m\u00e9dico respons\u00e1vel explicou que a justificativa da urg\u00eancia do pedido &#8220;h\u00e1 a necessidade de que a crian\u00e7a tenha suas terapias cont\u00ednuas realizadas em domic\u00edlio, a fim de n\u00e3o comprometer ainda mais sua condi\u00e7\u00e3o de sa\u00fade&#8221;.<\/p><div class=\"xfvom69efb47cf0fec\" ><!--<a href=\"https:\/\/bit.ly\/3QdrqTZ\" target=\"_blank\">\n<img src=\"https:\/\/justicapotiguar.com.br\/wp-content\/uploads\/2023\/09\/mobile-geral.gif\"\/><a\/>--><\/div><style type=\"text\/css\">\r\n.xfvom69efb47cf0fec {\r\ntext-align: center;\r\n}\r\n@media screen and (min-width: 1201px) {\r\n.xfvom69efb47cf0fec {\r\ndisplay: none;\r\n}\r\n}\r\n@media screen and (min-width: 993px) and (max-width: 1200px) {\r\n.xfvom69efb47cf0fec {\r\ndisplay: none;\r\n}\r\n}\r\n@media screen and (min-width: 769px) and (max-width: 992px) {\r\n.xfvom69efb47cf0fec {\r\ndisplay: none;\r\n}\r\n}\r\n@media screen and (min-width: 768px) and (max-width: 768px) {\r\n.xfvom69efb47cf0fec {\r\ndisplay: block;\r\n}\r\n}\r\n@media screen and (max-width: 767px) {\r\n.xfvom69efb47cf0fec {\r\ndisplay: block;\r\n}\r\n}\r\n<\/style>\r\n<div class=\"xfhsb69efb47cf0fd1\" ><!--<a href=\"https:\/\/bit.ly\/3QdrqTZ\" target=\"_blank\">\n<img src=\"https:\/\/justicapotiguar.com.br\/wp-content\/uploads\/2023\/09\/desktop-geral.gif\"\/><a\/>--><\/div><style type=\"text\/css\">\r\n.xfhsb69efb47cf0fd1 {\r\ntext-align: center;\nmargin-bottom: 1em;\r\n}\r\n@media screen and (min-width: 1201px) {\r\n.xfhsb69efb47cf0fd1 {\r\ndisplay: block;\r\n}\r\n}\r\n@media screen and (min-width: 993px) and (max-width: 1200px) {\r\n.xfhsb69efb47cf0fd1 {\r\ndisplay: block;\r\n}\r\n}\r\n@media screen and (min-width: 769px) and (max-width: 992px) {\r\n.xfhsb69efb47cf0fd1 {\r\ndisplay: block;\r\n}\r\n}\r\n@media screen and (min-width: 768px) and (max-width: 768px) {\r\n.xfhsb69efb47cf0fd1 {\r\ndisplay: none;\r\n}\r\n}\r\n@media screen and (max-width: 767px) {\r\n.xfhsb69efb47cf0fd1 {\r\ndisplay: none;\r\n}\r\n}\r\n<\/style>\r\n\n\n\n\n<p>Diante disso, o juiz deferiu de forma urgente o custeio do tratamento considerando as condi\u00e7\u00f5es da crian\u00e7a, al\u00e9m do reembolso dos valores j\u00e1 gastos. Tamb\u00e9m foi determinada que a gratuidade judici\u00e1ria.<\/p>\n\n\n\n<p>Ainda sgundo a decis\u00e3o, por se tratar de contrato de plano de sa\u00fade, e n\u00e3o de seguro sa\u00fade, o custeio dos procedimentos prescritos para a crian\u00e7a, n\u00e3o pode se dar na modalidade de livre escolha, para posterior ressarcimento. No plano de sa\u00fade, o titular ou benefici\u00e1rio tem que buscar atendimento junto a rede de profissionais credenciados pela operadora do plano.<\/p>\n\n\n\n<p>&#8220;Somente na hip\u00f3tese da demandada n\u00e3o possuir, em sua rede de credenciados, profissionais habilitados para a presta\u00e7\u00e3o do servi\u00e7o ao demandante, \u00e9 que fica este autorizado a buscar atendimento junto a qualquer outro profissional, de sua livre escolha, para posterior ressarcimento das despesas pela operadora&#8221;, disse o magistrado.<\/p>\n","protected":false},"excerpt":{"rendered":"<p>A 4\u00aa Vara C\u00edvel de Mossor\u00f3 determinou que um plano de sa\u00fade forne\u00e7a, em um prazo de 24 horas, o custeio do tratamento de sa\u00fade em domic\u00edlio para uma crian\u00e7a que necessita de uma equipe multiprofissional composta por pediatra, neuropediatra, cardiopediatra, otorrinolaringologista, geneticista endocrinopediatra, oncologista infantil, pscic\u00f3logo, fonoaudi\u00f3logo, nutricionista, fisioterapia motora cont\u00ednua, dentre outros profissionais<br \/><a class=\"more-link\" href=\"https:\/\/justicapotiguar.com.br\/index.php\/2023\/05\/19\/justica-determina-que-plano-de-saude-custeie-tratamento-domiciliar-para-crianca-com-fenda-palatina\/\">Mais&#8230;<\/a><\/p>\n","protected":false},"author":5,"featured_media":0,"comment_status":"open","ping_status":"open","sticky":false,"template":"","format":"standard","meta":[],"categories":[1],"tags":[],"_links":{"self":[{"href":"https:\/\/justicapotiguar.com.br\/index.php\/wp-json\/wp\/v2\/posts\/31908"}],"collection":[{"href":"https:\/\/justicapotiguar.com.br\/index.php\/wp-json\/wp\/v2\/posts"}],"about":[{"href":"https:\/\/justicapotiguar.com.br\/index.php\/wp-json\/wp\/v2\/types\/post"}],"author":[{"embeddable":true,"href":"https:\/\/justicapotiguar.com.br\/index.php\/wp-json\/wp\/v2\/users\/5"}],"replies":[{"embeddable":true,"href":"https:\/\/justicapotiguar.com.br\/index.php\/wp-json\/wp\/v2\/comments?post=31908"}],"version-history":[{"count":1,"href":"https:\/\/justicapotiguar.com.br\/index.php\/wp-json\/wp\/v2\/posts\/31908\/revisions"}],"predecessor-version":[{"id":31909,"href":"https:\/\/justicapotiguar.com.br\/index.php\/wp-json\/wp\/v2\/posts\/31908\/revisions\/31909"}],"wp:attachment":[{"href":"https:\/\/justicapotiguar.com.br\/index.php\/wp-json\/wp\/v2\/media?parent=31908"}],"wp:term":[{"taxonomy":"category","embeddable":true,"href":"https:\/\/justicapotiguar.com.br\/index.php\/wp-json\/wp\/v2\/categories?post=31908"},{"taxonomy":"post_tag","embeddable":true,"href":"https:\/\/justicapotiguar.com.br\/index.php\/wp-json\/wp\/v2\/tags?post=31908"}],"curies":[{"name":"wp","href":"https:\/\/api.w.org\/{rel}","templated":true}]}}