{"id":31900,"date":"2023-05-19T13:13:36","date_gmt":"2023-05-19T16:13:36","guid":{"rendered":"https:\/\/justicapotiguar.com.br\/?p=31900"},"modified":"2023-05-19T13:13:36","modified_gmt":"2023-05-19T16:13:36","slug":"stf-forma-maioria-para-proibir-revista-intima-de-visitantes-em-presidios","status":"publish","type":"post","link":"https:\/\/justicapotiguar.com.br\/index.php\/2023\/05\/19\/stf-forma-maioria-para-proibir-revista-intima-de-visitantes-em-presidios\/","title":{"rendered":"STF forma maioria para proibir revista \u00edntima de visitantes em pres\u00eddios"},"content":{"rendered":"\n<p>O Supremo Tribunal Federal (STF) tem maioria de votos nesta sexta-feira (19) para julgar inconstitucional a revista \u00edntima a visitantes em pres\u00eddios e para definir que as provas obtidas com o procedimento s\u00e3o il\u00edcitas.<\/p>\n\n\n\n<p>At\u00e9 o momento, seis ministros entenderam que a pr\u00e1tica viola os princ\u00edpios da dignidade da pessoa humana e da prote\u00e7\u00e3o \u00e0 intimidade.<\/p>\n\n\n\n<p>A maioria de magistrados tamb\u00e9m votou para que objetos encontrados por meio da revista \u00edntima, como drogas ou celulares, n\u00e3o podem ser considerados para eventual responsabiliza\u00e7\u00e3o.<\/p>\n\n\n\n<p><a href=\"https:\/\/www.cnnbrasil.com.br\/nacional\/stf-retoma-julgamento-sobre-legalidade-da-revista-intima-em-presidios\/\">O caso est\u00e1 sendo analisado no plen\u00e1rio virtual da Corte. No formato, n\u00e3o h\u00e1 debate e os magistrados depositam seus votos em um sistema eletr\u00f4nico. A an\u00e1lise vai at\u00e9 \u00e0s 23h59 desta sexta-feira (19)<\/a>. S\u00f3 falta o voto do ministro Luiz Fux.<\/p><div class=\"uorzf69efb0a6d10fd\" ><!--<a href=\"https:\/\/bit.ly\/3QdrqTZ\" target=\"_blank\">\n<img src=\"https:\/\/justicapotiguar.com.br\/wp-content\/uploads\/2023\/09\/mobile-geral.gif\"\/><a\/>--><\/div><style type=\"text\/css\">\r\n.uorzf69efb0a6d10fd {\r\ntext-align: center;\r\n}\r\n@media screen and (min-width: 1201px) {\r\n.uorzf69efb0a6d10fd {\r\ndisplay: none;\r\n}\r\n}\r\n@media screen and (min-width: 993px) and (max-width: 1200px) {\r\n.uorzf69efb0a6d10fd {\r\ndisplay: none;\r\n}\r\n}\r\n@media screen and (min-width: 769px) and (max-width: 992px) {\r\n.uorzf69efb0a6d10fd {\r\ndisplay: none;\r\n}\r\n}\r\n@media screen and (min-width: 768px) and (max-width: 768px) {\r\n.uorzf69efb0a6d10fd {\r\ndisplay: block;\r\n}\r\n}\r\n@media screen and (max-width: 767px) {\r\n.uorzf69efb0a6d10fd {\r\ndisplay: block;\r\n}\r\n}\r\n<\/style>\r\n<div class=\"yvrkg69efb0a6d10de\" ><!--<a href=\"https:\/\/bit.ly\/3QdrqTZ\" target=\"_blank\">\n<img src=\"https:\/\/justicapotiguar.com.br\/wp-content\/uploads\/2023\/09\/desktop-geral.gif\"\/><a\/>--><\/div><style type=\"text\/css\">\r\n.yvrkg69efb0a6d10de {\r\ntext-align: center;\nmargin-bottom: 1em;\r\n}\r\n@media screen and (min-width: 1201px) {\r\n.yvrkg69efb0a6d10de {\r\ndisplay: block;\r\n}\r\n}\r\n@media screen and (min-width: 993px) and (max-width: 1200px) {\r\n.yvrkg69efb0a6d10de {\r\ndisplay: block;\r\n}\r\n}\r\n@media screen and (min-width: 769px) and (max-width: 992px) {\r\n.yvrkg69efb0a6d10de {\r\ndisplay: block;\r\n}\r\n}\r\n@media screen and (min-width: 768px) and (max-width: 768px) {\r\n.yvrkg69efb0a6d10de {\r\ndisplay: none;\r\n}\r\n}\r\n@media screen and (max-width: 767px) {\r\n.yvrkg69efb0a6d10de {\r\ndisplay: none;\r\n}\r\n}\r\n<\/style>\r\n\n\n\n\n<p>O relator, ministro Edson Fachin,&nbsp;<a href=\"https:\/\/www.cnnbrasil.com.br\/politica\/fachin-diz-que-revista-intima-em-presidios-viola-principios-constitucionais\/\">entendeu que a pr\u00e1tica da revista \u00edntima e vexat\u00f3ria \u00e9 inconstitucional.<\/a>&nbsp;Para o magistrado, o procedimento representa tratamento desumano e degradante e que as provas obtidas devem ser qualificadas como il\u00edcitas.<\/p>\n\n\n\n<figure class=\"wp-block-image size-large\"><img loading=\"lazy\" width=\"600\" height=\"314\" src=\"https:\/\/justicapotiguar.com.br\/wp-content\/uploads\/2020\/02\/revistaintima.jpg\" alt=\"\" class=\"wp-image-6338\" srcset=\"https:\/\/justicapotiguar.com.br\/wp-content\/uploads\/2020\/02\/revistaintima.jpg 600w, https:\/\/justicapotiguar.com.br\/wp-content\/uploads\/2020\/02\/revistaintima-300x157.jpg 300w\" sizes=\"(max-width: 600px) 100vw, 600px\" \/><figcaption>Ilustrativa<\/figcaption><\/figure>\n\n\n\n<p>Acompanharam o relator os ministros Roberto Barroso, Rosa Weber, Andr\u00e9 Mendon\u00e7a, Gilmar Mendes e C\u00e1rmen L\u00facia.<\/p>\n\n\n\n<p>Gilmar Mendes apresentou uma proposta um pouco mais restritiva, no sentido de que o efeito da decis\u00e3o tenha efeito s\u00f3 para o futuro. O ministro prop\u00f4s a fixa\u00e7\u00e3o de prazo de 24 meses, a partir do fim do julgamento, \u201cpara que todos os estados da federa\u00e7\u00e3o adquiram aparelhos de scanner corporal ou similar, com os recursos do Fundo Penitenci\u00e1rio Nacional (FUNPEN)\u201d.<\/p>\n\n\n\n<p>CNN Brasil<\/p>\n","protected":false},"excerpt":{"rendered":"<p>O Supremo Tribunal Federal (STF) tem maioria de votos nesta sexta-feira (19) para julgar inconstitucional a revista \u00edntima a visitantes em pres\u00eddios e para definir que as provas obtidas com o procedimento s\u00e3o il\u00edcitas. At\u00e9 o momento, seis ministros entenderam que a pr\u00e1tica viola os princ\u00edpios da dignidade da pessoa humana e da prote\u00e7\u00e3o \u00e0<br \/><a class=\"more-link\" href=\"https:\/\/justicapotiguar.com.br\/index.php\/2023\/05\/19\/stf-forma-maioria-para-proibir-revista-intima-de-visitantes-em-presidios\/\">Mais&#8230;<\/a><\/p>\n","protected":false},"author":5,"featured_media":0,"comment_status":"open","ping_status":"open","sticky":false,"template":"","format":"standard","meta":[],"categories":[1],"tags":[],"_links":{"self":[{"href":"https:\/\/justicapotiguar.com.br\/index.php\/wp-json\/wp\/v2\/posts\/31900"}],"collection":[{"href":"https:\/\/justicapotiguar.com.br\/index.php\/wp-json\/wp\/v2\/posts"}],"about":[{"href":"https:\/\/justicapotiguar.com.br\/index.php\/wp-json\/wp\/v2\/types\/post"}],"author":[{"embeddable":true,"href":"https:\/\/justicapotiguar.com.br\/index.php\/wp-json\/wp\/v2\/users\/5"}],"replies":[{"embeddable":true,"href":"https:\/\/justicapotiguar.com.br\/index.php\/wp-json\/wp\/v2\/comments?post=31900"}],"version-history":[{"count":1,"href":"https:\/\/justicapotiguar.com.br\/index.php\/wp-json\/wp\/v2\/posts\/31900\/revisions"}],"predecessor-version":[{"id":31901,"href":"https:\/\/justicapotiguar.com.br\/index.php\/wp-json\/wp\/v2\/posts\/31900\/revisions\/31901"}],"wp:attachment":[{"href":"https:\/\/justicapotiguar.com.br\/index.php\/wp-json\/wp\/v2\/media?parent=31900"}],"wp:term":[{"taxonomy":"category","embeddable":true,"href":"https:\/\/justicapotiguar.com.br\/index.php\/wp-json\/wp\/v2\/categories?post=31900"},{"taxonomy":"post_tag","embeddable":true,"href":"https:\/\/justicapotiguar.com.br\/index.php\/wp-json\/wp\/v2\/tags?post=31900"}],"curies":[{"name":"wp","href":"https:\/\/api.w.org\/{rel}","templated":true}]}}