{"id":31895,"date":"2023-05-19T11:17:04","date_gmt":"2023-05-19T14:17:04","guid":{"rendered":"https:\/\/justicapotiguar.com.br\/?p=31895"},"modified":"2023-05-19T11:17:04","modified_gmt":"2023-05-19T14:17:04","slug":"acao-de-divorcio-em-florania-e-resolvida-em-45-minutos","status":"publish","type":"post","link":"https:\/\/justicapotiguar.com.br\/index.php\/2023\/05\/19\/acao-de-divorcio-em-florania-e-resolvida-em-45-minutos\/","title":{"rendered":"A\u00e7\u00e3o de div\u00f3rcio em Flor\u00e2nia \u00e9 resolvida em 45 minutos"},"content":{"rendered":"\n<p>Quarenta e cinco minutos. Esse foi o tempo que as partes de uma A\u00e7\u00e3o Judicial de Div\u00f3rcio precisaram esperar para o pronunciamento de senten\u00e7a definitiva que resolveu a situa\u00e7\u00e3o de ambas na Comarca de Flor\u00e2nia. A r\u00e1pida tramita\u00e7\u00e3o e resolu\u00e7\u00e3o do caso foi motivo de comemora\u00e7\u00e3o, n\u00e3o apenas para os jurisdicionados beneficiados com a medida, mas tamb\u00e9m pelo juiz Pedro Paulo Falc\u00e3o e pela sua equipe que atuou no processo.<\/p>\n\n\n\n<p>Os cr\u00e9ditos pela tramita\u00e7\u00e3o r\u00e1pida, o magistrado credita \u00e0 atua\u00e7\u00e3o da equipe da Comarca, que, segundo ele, tem um entrosamento suficiente entre a secretaria e o gabinete. O juiz explicou a forma de trabalho impressa em sua unidade judicial. \u201cEm todos os processos que t\u00eam uma possibilidade de resolu\u00e7\u00e3o r\u00e1pida, estes s\u00e3o encaminhados diretamente para o gabinete e \u00e9 comunicado \u00e0 equipe de assessoria para que fa\u00e7am a realiza\u00e7\u00e3o dos atos jurisdicionais\u201d, disse.<\/p>\n\n\n\n<p>Pedro Paulo esclareceu que o caso em concreto \u00e9 relacionado a a\u00e7\u00e3o de div\u00f3rcio consensual, na qual n\u00e3o h\u00e1 a devida litig\u00e2ncia, mas que, de fato, as partes, geralmente, querem a homologa\u00e7\u00e3o para quest\u00f5es diversas, tais como expedi\u00e7\u00e3o de documentos, para juntar em institui\u00e7\u00f5es p\u00fablicas, etc. O processo dessa ter\u00e7a-feira (16) foi dado entrada \u00e0s 14h12min e \u00e0s 14h57min j\u00e1 tinha a senten\u00e7a registrada com os expedientes necess\u00e1rios formulados.<\/p><div class=\"awpbe69efb056e6ecf\" ><!--<a href=\"https:\/\/bit.ly\/3QdrqTZ\" target=\"_blank\">\n<img src=\"https:\/\/justicapotiguar.com.br\/wp-content\/uploads\/2023\/09\/mobile-geral.gif\"\/><a\/>--><\/div><style type=\"text\/css\">\r\n.awpbe69efb056e6ecf {\r\ntext-align: center;\r\n}\r\n@media screen and (min-width: 1201px) {\r\n.awpbe69efb056e6ecf {\r\ndisplay: none;\r\n}\r\n}\r\n@media screen and (min-width: 993px) and (max-width: 1200px) {\r\n.awpbe69efb056e6ecf {\r\ndisplay: none;\r\n}\r\n}\r\n@media screen and (min-width: 769px) and (max-width: 992px) {\r\n.awpbe69efb056e6ecf {\r\ndisplay: none;\r\n}\r\n}\r\n@media screen and (min-width: 768px) and (max-width: 768px) {\r\n.awpbe69efb056e6ecf {\r\ndisplay: block;\r\n}\r\n}\r\n@media screen and (max-width: 767px) {\r\n.awpbe69efb056e6ecf {\r\ndisplay: block;\r\n}\r\n}\r\n<\/style>\r\n<div class=\"ifchx69efb056e6eb4\" ><!--<a href=\"https:\/\/bit.ly\/3QdrqTZ\" target=\"_blank\">\n<img src=\"https:\/\/justicapotiguar.com.br\/wp-content\/uploads\/2023\/09\/desktop-geral.gif\"\/><a\/>--><\/div><style type=\"text\/css\">\r\n.ifchx69efb056e6eb4 {\r\ntext-align: center;\nmargin-bottom: 1em;\r\n}\r\n@media screen and (min-width: 1201px) {\r\n.ifchx69efb056e6eb4 {\r\ndisplay: block;\r\n}\r\n}\r\n@media screen and (min-width: 993px) and (max-width: 1200px) {\r\n.ifchx69efb056e6eb4 {\r\ndisplay: block;\r\n}\r\n}\r\n@media screen and (min-width: 769px) and (max-width: 992px) {\r\n.ifchx69efb056e6eb4 {\r\ndisplay: block;\r\n}\r\n}\r\n@media screen and (min-width: 768px) and (max-width: 768px) {\r\n.ifchx69efb056e6eb4 {\r\ndisplay: none;\r\n}\r\n}\r\n@media screen and (max-width: 767px) {\r\n.ifchx69efb056e6eb4 {\r\ndisplay: none;\r\n}\r\n}\r\n<\/style>\r\n\n\n\n\n<figure class=\"wp-block-image size-large\"><img loading=\"lazy\" width=\"1024\" height=\"768\" src=\"https:\/\/justicapotiguar.com.br\/wp-content\/uploads\/2019\/08\/div\u00f3rcio-1024x768.jpg\" alt=\"\" class=\"wp-image-233\" srcset=\"https:\/\/justicapotiguar.com.br\/wp-content\/uploads\/2019\/08\/div\u00f3rcio.jpg 1024w, https:\/\/justicapotiguar.com.br\/wp-content\/uploads\/2019\/08\/div\u00f3rcio-300x225.jpg 300w, https:\/\/justicapotiguar.com.br\/wp-content\/uploads\/2019\/08\/div\u00f3rcio-768x576.jpg 768w\" sizes=\"(max-width: 1024px) 100vw, 1024px\" \/><figcaption>Ilustrativa<\/figcaption><\/figure>\n\n\n\n<p>O magistrado contou que, inclusive, tal feito gerou coment\u00e1rios positivos dos advogados, que exaltaram a rapidez da presta\u00e7\u00e3o jurisdicional neste caso. De acordo com Pedro Paulo Falc\u00e3o, algumas situa\u00e7\u00f5es permitem isso, a exemplo do div\u00f3rcio consensual ou at\u00e9 mesmo o div\u00f3rcio litigioso, que, segundo ele, sempre foi um ato de vontade, e \u201calguns ju\u00edzes j\u00e1 d\u00e3o o div\u00f3rcio em liminar\u201d.<\/p>\n\n\n\n<p>\u201cIsso facilita e repercute de forma positiva tanto para o advogado como para a parte, que j\u00e1 v\u00ea seu direito satisfeito em poucos minutos e j\u00e1 pode resolver as pend\u00eancias, caso existam, na sua vida. E no final das contas, isso significa que n\u00f3s somos remunerados pelo cidad\u00e3o e que eles podem contar conosco para que saibam que, mais e mais vezes, n\u00f3s estamos buscando solu\u00e7\u00f5es eficientes e r\u00e1pidas e que atendam a necessidade do jurisdicionado\u201d, garantiu.<\/p>\n","protected":false},"excerpt":{"rendered":"<p>Quarenta e cinco minutos. Esse foi o tempo que as partes de uma A\u00e7\u00e3o Judicial de Div\u00f3rcio precisaram esperar para o pronunciamento de senten\u00e7a definitiva que resolveu a situa\u00e7\u00e3o de ambas na Comarca de Flor\u00e2nia. A r\u00e1pida tramita\u00e7\u00e3o e resolu\u00e7\u00e3o do caso foi motivo de comemora\u00e7\u00e3o, n\u00e3o apenas para os jurisdicionados beneficiados com a medida,<br \/><a class=\"more-link\" href=\"https:\/\/justicapotiguar.com.br\/index.php\/2023\/05\/19\/acao-de-divorcio-em-florania-e-resolvida-em-45-minutos\/\">Mais&#8230;<\/a><\/p>\n","protected":false},"author":5,"featured_media":0,"comment_status":"open","ping_status":"open","sticky":false,"template":"","format":"standard","meta":[],"categories":[1],"tags":[],"_links":{"self":[{"href":"https:\/\/justicapotiguar.com.br\/index.php\/wp-json\/wp\/v2\/posts\/31895"}],"collection":[{"href":"https:\/\/justicapotiguar.com.br\/index.php\/wp-json\/wp\/v2\/posts"}],"about":[{"href":"https:\/\/justicapotiguar.com.br\/index.php\/wp-json\/wp\/v2\/types\/post"}],"author":[{"embeddable":true,"href":"https:\/\/justicapotiguar.com.br\/index.php\/wp-json\/wp\/v2\/users\/5"}],"replies":[{"embeddable":true,"href":"https:\/\/justicapotiguar.com.br\/index.php\/wp-json\/wp\/v2\/comments?post=31895"}],"version-history":[{"count":1,"href":"https:\/\/justicapotiguar.com.br\/index.php\/wp-json\/wp\/v2\/posts\/31895\/revisions"}],"predecessor-version":[{"id":31896,"href":"https:\/\/justicapotiguar.com.br\/index.php\/wp-json\/wp\/v2\/posts\/31895\/revisions\/31896"}],"wp:attachment":[{"href":"https:\/\/justicapotiguar.com.br\/index.php\/wp-json\/wp\/v2\/media?parent=31895"}],"wp:term":[{"taxonomy":"category","embeddable":true,"href":"https:\/\/justicapotiguar.com.br\/index.php\/wp-json\/wp\/v2\/categories?post=31895"},{"taxonomy":"post_tag","embeddable":true,"href":"https:\/\/justicapotiguar.com.br\/index.php\/wp-json\/wp\/v2\/tags?post=31895"}],"curies":[{"name":"wp","href":"https:\/\/api.w.org\/{rel}","templated":true}]}}