{"id":31888,"date":"2023-05-18T18:08:47","date_gmt":"2023-05-18T21:08:47","guid":{"rendered":"https:\/\/justicapotiguar.com.br\/?p=31888"},"modified":"2023-05-18T18:08:47","modified_gmt":"2023-05-18T21:08:47","slug":"gilmar-mendes-permite-que-linha-direta-exiba-programa-do-caso-henry","status":"publish","type":"post","link":"https:\/\/justicapotiguar.com.br\/index.php\/2023\/05\/18\/gilmar-mendes-permite-que-linha-direta-exiba-programa-do-caso-henry\/","title":{"rendered":"Gilmar Mendes permite que Linha Direta exiba programa do caso Henry"},"content":{"rendered":"\n<p>Ministro Gilmar Mendes, do STF, liberou a exibi\u00e7\u00e3o do programa &#8220;Linha Direta&#8221;, da TV Globo, sobre a morte do menino Henry Borel, de 4 anos. A decis\u00e3o veio ap\u00f3s a emissora recorrer da liminar obtida pela defesa de Jairo Souza Santos J\u00fanior, o Jairinho, para impedir que o programa fosse apresentado.&nbsp;<\/p>\n\n\n\n<p>Ele \u00e9 acusado de ter matado o garoto, que era seu enteado. Monique Medeiros, m\u00e3e de Henry, \u00e9 acusada de ser c\u00famplice.<\/p>\n\n\n\n<figure class=\"wp-block-image size-large\"><img loading=\"lazy\" width=\"880\" height=\"500\" src=\"https:\/\/justicapotiguar.com.br\/wp-content\/uploads\/2023\/05\/https__img.migalhas.com_.br__SL__gf_base__SL__empresas__SL__MIGA__SL__imagens__SL__2023__SL__05__SL__18__SL__8df1bd1a-ad92-4c2a-a917-fe3979c0edc2.png._PROC_CP65.png\" alt=\"\" class=\"wp-image-31889\" srcset=\"https:\/\/justicapotiguar.com.br\/wp-content\/uploads\/2023\/05\/https__img.migalhas.com_.br__SL__gf_base__SL__empresas__SL__MIGA__SL__imagens__SL__2023__SL__05__SL__18__SL__8df1bd1a-ad92-4c2a-a917-fe3979c0edc2.png._PROC_CP65.png 880w, https:\/\/justicapotiguar.com.br\/wp-content\/uploads\/2023\/05\/https__img.migalhas.com_.br__SL__gf_base__SL__empresas__SL__MIGA__SL__imagens__SL__2023__SL__05__SL__18__SL__8df1bd1a-ad92-4c2a-a917-fe3979c0edc2.png._PROC_CP65-300x170.png 300w, https:\/\/justicapotiguar.com.br\/wp-content\/uploads\/2023\/05\/https__img.migalhas.com_.br__SL__gf_base__SL__empresas__SL__MIGA__SL__imagens__SL__2023__SL__05__SL__18__SL__8df1bd1a-ad92-4c2a-a917-fe3979c0edc2.png._PROC_CP65-768x436.png 768w\" sizes=\"(max-width: 880px) 100vw, 880px\" \/><figcaption>Reprodu\u00e7\u00e3o <\/figcaption><\/figure>\n\n\n\n<p><br>Na decis\u00e3o, Gilmar afirma que a defesa de Jairinho teve como &#8220;claro prop\u00f3sito de censurar a exibi\u00e7\u00e3o de mat\u00e9ria jornal\u00edstica de evidente interesse p\u00fablico&#8221;. E tamb\u00e9m criticou a liminar concedida pela ju\u00edza de Direito Elizabeth Machado Louro, da 2\u00aa vara Criminal do TJ\/RJ.<\/p>\n\n\n\n<p>&#8220;Se nota que a eminente magistrada extrapola o limite de suas fun\u00e7\u00f5es judicantes para se arvorar \u00e0 condi\u00e7\u00e3o de fiscal da qualidade da produ\u00e7\u00e3o jornal\u00edstica da emissora de televis\u00e3o, afirmando que &#8216;um programa de encena\u00e7\u00e3o de alegados crimes reais n\u00e3o tem car\u00e1ter jornal\u00edstico, no confronto de interesses, encena\u00e7\u00e3o de supostos fatos, ainda n\u00e3o apurados, por atores profissionais&#8217;.&#8221;<\/p>\n\n\n\n<p>O ministro caracterizou a liminar concedida como censura pr\u00e9via, vedada pela atual ordem constitucional.<\/p>\n\n\n\n<p>&#8220;Ressalvados os discursos violentos ou manifestamente criminosos, n\u00e3o \u00e9 o Estado que deve estabelecer quais as opini\u00f5es ou manifesta\u00e7\u00f5es que merecem ser tidas como v\u00e1lidas ou aceit\u00e1veis.&#8221;<\/p>\n\n\n\n<p>Para Gilmar, a Justi\u00e7a deve se manter neutra em debates que convergem de opini\u00f5es.&nbsp;<\/p><div class=\"bexgu69efbf1067632\" ><!--<a href=\"https:\/\/bit.ly\/3QdrqTZ\" target=\"_blank\">\n<img src=\"https:\/\/justicapotiguar.com.br\/wp-content\/uploads\/2023\/09\/mobile-geral.gif\"\/><a\/>--><\/div><style type=\"text\/css\">\r\n.bexgu69efbf1067632 {\r\ntext-align: center;\r\n}\r\n@media screen and (min-width: 1201px) {\r\n.bexgu69efbf1067632 {\r\ndisplay: none;\r\n}\r\n}\r\n@media screen and (min-width: 993px) and (max-width: 1200px) {\r\n.bexgu69efbf1067632 {\r\ndisplay: none;\r\n}\r\n}\r\n@media screen and (min-width: 769px) and (max-width: 992px) {\r\n.bexgu69efbf1067632 {\r\ndisplay: none;\r\n}\r\n}\r\n@media screen and (min-width: 768px) and (max-width: 768px) {\r\n.bexgu69efbf1067632 {\r\ndisplay: block;\r\n}\r\n}\r\n@media screen and (max-width: 767px) {\r\n.bexgu69efbf1067632 {\r\ndisplay: block;\r\n}\r\n}\r\n<\/style>\r\n<div class=\"xxzxj69efbf1067617\" ><!--<a href=\"https:\/\/bit.ly\/3QdrqTZ\" target=\"_blank\">\n<img src=\"https:\/\/justicapotiguar.com.br\/wp-content\/uploads\/2023\/09\/desktop-geral.gif\"\/><a\/>--><\/div><style type=\"text\/css\">\r\n.xxzxj69efbf1067617 {\r\ntext-align: center;\nmargin-bottom: 1em;\r\n}\r\n@media screen and (min-width: 1201px) {\r\n.xxzxj69efbf1067617 {\r\ndisplay: block;\r\n}\r\n}\r\n@media screen and (min-width: 993px) and (max-width: 1200px) {\r\n.xxzxj69efbf1067617 {\r\ndisplay: block;\r\n}\r\n}\r\n@media screen and (min-width: 769px) and (max-width: 992px) {\r\n.xxzxj69efbf1067617 {\r\ndisplay: block;\r\n}\r\n}\r\n@media screen and (min-width: 768px) and (max-width: 768px) {\r\n.xxzxj69efbf1067617 {\r\ndisplay: none;\r\n}\r\n}\r\n@media screen and (max-width: 767px) {\r\n.xxzxj69efbf1067617 {\r\ndisplay: none;\r\n}\r\n}\r\n<\/style>\r\n\n\n\n\n<p>&#8220;Em um regime democr\u00e1tico, essa tarefa caber\u00e1, antes, ao p\u00fablico a que essas exibi\u00e7\u00f5es se dirigem, devendo o Estado se abster de condutas que causem embara\u00e7os ao livre debate de ideias e ao pluralismo de opini\u00f5es, elementos que se alicer\u00e7am na liberdade de imprensa.&#8221;<\/p>\n\n\n\n<p>O Linha Direta, da Globo, com o especial &#8220;Caso Henry&#8221;,&nbsp;&nbsp;ser\u00e1 exibido nesta quinta-feira, 18,&nbsp;\u00e0s 23h, hor\u00e1rio de Bras\u00edlia.<\/p>\n\n\n\n<p>O caso na Justi\u00e7a ainda n\u00e3o possui data para julgamento.&nbsp;<\/p>\n\n\n\n<p>O escrit\u00f3rio&nbsp;Gustavo Binenbojm &amp; Advogados Associados atua pela Globo Comunica\u00e7\u00e3o e Participa\u00e7\u00f5es S.A.<\/p>\n\n\n\n<p>Processo:&nbsp;Rcl&nbsp;59.847<br>Acesse a decis\u00e3o.<\/p>\n\n\n\n<p><\/p>\n","protected":false},"excerpt":{"rendered":"<p>Ministro Gilmar Mendes, do STF, liberou a exibi\u00e7\u00e3o do programa &#8220;Linha Direta&#8221;, da TV Globo, sobre a morte do menino Henry Borel, de 4 anos. A decis\u00e3o veio ap\u00f3s a emissora recorrer da liminar obtida pela defesa de Jairo Souza Santos J\u00fanior, o Jairinho, para impedir que o programa fosse apresentado.&nbsp; Ele \u00e9 acusado de<br \/><a class=\"more-link\" href=\"https:\/\/justicapotiguar.com.br\/index.php\/2023\/05\/18\/gilmar-mendes-permite-que-linha-direta-exiba-programa-do-caso-henry\/\">Mais&#8230;<\/a><\/p>\n","protected":false},"author":5,"featured_media":0,"comment_status":"open","ping_status":"open","sticky":false,"template":"","format":"standard","meta":[],"categories":[1],"tags":[],"_links":{"self":[{"href":"https:\/\/justicapotiguar.com.br\/index.php\/wp-json\/wp\/v2\/posts\/31888"}],"collection":[{"href":"https:\/\/justicapotiguar.com.br\/index.php\/wp-json\/wp\/v2\/posts"}],"about":[{"href":"https:\/\/justicapotiguar.com.br\/index.php\/wp-json\/wp\/v2\/types\/post"}],"author":[{"embeddable":true,"href":"https:\/\/justicapotiguar.com.br\/index.php\/wp-json\/wp\/v2\/users\/5"}],"replies":[{"embeddable":true,"href":"https:\/\/justicapotiguar.com.br\/index.php\/wp-json\/wp\/v2\/comments?post=31888"}],"version-history":[{"count":1,"href":"https:\/\/justicapotiguar.com.br\/index.php\/wp-json\/wp\/v2\/posts\/31888\/revisions"}],"predecessor-version":[{"id":31890,"href":"https:\/\/justicapotiguar.com.br\/index.php\/wp-json\/wp\/v2\/posts\/31888\/revisions\/31890"}],"wp:attachment":[{"href":"https:\/\/justicapotiguar.com.br\/index.php\/wp-json\/wp\/v2\/media?parent=31888"}],"wp:term":[{"taxonomy":"category","embeddable":true,"href":"https:\/\/justicapotiguar.com.br\/index.php\/wp-json\/wp\/v2\/categories?post=31888"},{"taxonomy":"post_tag","embeddable":true,"href":"https:\/\/justicapotiguar.com.br\/index.php\/wp-json\/wp\/v2\/tags?post=31888"}],"curies":[{"name":"wp","href":"https:\/\/api.w.org\/{rel}","templated":true}]}}