{"id":31885,"date":"2023-05-18T16:10:46","date_gmt":"2023-05-18T19:10:46","guid":{"rendered":"https:\/\/justicapotiguar.com.br\/?p=31885"},"modified":"2023-05-18T16:10:46","modified_gmt":"2023-05-18T19:10:46","slug":"oab-rn-abre-inscricoes-para-ii-conferencia-estadual-da-mulher-advogada","status":"publish","type":"post","link":"https:\/\/justicapotiguar.com.br\/index.php\/2023\/05\/18\/oab-rn-abre-inscricoes-para-ii-conferencia-estadual-da-mulher-advogada\/","title":{"rendered":"OAB\/RN abre inscri\u00e7\u00f5es para II Confer\u00eancia Estadual da Mulher Advogada"},"content":{"rendered":"\n<p>A Ordem dos Advogados do Rio Grande do Norte (OAB\/RN) promover\u00e1 nos dias 30 e 31 de maio, na sede da Seccional Potiguar, a II Confer\u00eancia Estadual da Mulher Advogada. Entre as palestrantes confirmadas est\u00e3o a presidente da Comiss\u00e3o Nacional da Mulher Advogada do CFOAB e a conselheira federal, Silvia Cerqueira. As inscri\u00e7\u00f5es podem ser feitas em esaoabrn.org.br<\/p>\n\n\n\n<p>A programa\u00e7\u00e3o engloba pain\u00e9is com temas diversos, com a participa\u00e7\u00e3o de nomes de express\u00e3o na advocacia potiguar e profissionais de outras \u00e1reas de atua\u00e7\u00e3o, que ir\u00e3o abordar tem\u00e1ticas variadas, como &#8220;Sa\u00fade mental da mulher advogada e o resgate da autoestima&#8221;; \u201cFerramentas digitais na atividade da advocacia: apps imprescind\u00edveis para sua advocacia\u201d e \u201cA diversidade feminina e os desafio das mulheres advogadas PCDs, negras e LGBTQIA+\u201d.<\/p>\n\n\n\n<p>\u201cUma das pautas centrais da nossa Seccional \u00e9 aplicar a paridade de g\u00eanero e colocar em pr\u00e1tica os direitos das mulheres. A Confer\u00eancia ser\u00e1 um importante momento de uni\u00e3o e reafirma\u00e7\u00e3o de iniciativas praticadas o ano todo. Estamos preparando cuidadosamente uma programa\u00e7\u00e3o com advogadas de fora do RN e potiguares. Espero que possamos colher conhecimento para dirimir ainda mais as diferen\u00e7as de g\u00eanero na sociedade\u201d, explicou o presidente da OAB\/RN, Aldo Medeiros.<\/p>\n\n\n\n<p>\u201c\u00c9 necess\u00e1rio que as mulheres busquem ocupar os espa\u00e7os de lideran\u00e7a, por merecimento e representatividade, principalmente \u00e0queles que possam dar lugar \u00e0 nossa voz. A atua\u00e7\u00e3o da mulher advogada tem um papel de destaque no caminho que levar\u00e1 \u00e0 plenitude de direitos femininos, inclusive podendo encurtar esse caminho, contribuindo de forma brilhante na efetiva\u00e7\u00e3o do Estado Democr\u00e1tico de Direito. Ent\u00e3o, convidamos \u00e0 todas as advogadas do RN e do Brasil para se juntar \u00e0 n\u00f3s para sermos e fazermos a diferen\u00e7a para melhor neste mundo. Vamos juntas\u201d, disse a presidente da Comiss\u00e3o da Mulher Advogada da OAB\/RN, V\u00e2nia Furtado.<\/p>\n\n\n\n<p>Para profissionais, o investimento de \u00e9 R$ 40 reais mais um pacote de absorvente e R$ 20,00 e um pacote de absorvente para estudantes. Os material recolhido ser\u00e1 doado posteriormente para Organiza\u00e7\u00f5es Sem Fins Lucrativos.<\/p>\n\n\n\n<p><em>Medalha Wandecy Veras<\/em><\/p>\n\n\n\n<p>A OAB\/RN entrega, em 30 de maio \u00e0s 18h30, a medalha \u201cWandecy Veras\u201d, destinada a homenagear as mulheres advogadas que tenham contribu\u00eddo para a valoriza\u00e7\u00e3o da profiss\u00e3o e exercem ou exerceram a advocacia com \u00e9tica e profissionalismo. Esse ano, a honraria ser\u00e1 concedida \u00e0s advogadas potiguares Katia Nunes e Raquel Pereira Gurgel Silva de Oliveira.<\/p>\n\n\n\n<p>Wandecy Alban\u00eas Ferreira Veras foi a primeira mulher advogada inscrita na OAB\/RN. Ela nasceu na cidade de Olinda em 30 de maio de 1924 e Concluiu o curso de Direito em 22 de dezembro de 1951 na Faculdade de Direito da Universidade do Recife, atual Universidade Federal de Pernambuco. Fixou resid\u00eancia no Rio Grande do Norte e formalizou a inscri\u00e7\u00e3o na OAB\/RN, de n\u00ba 112, em 08 de abril de 1953.<\/p>\n\n\n\n<p>Wandecy foi a primeira promotora de justi\u00e7a efetiva no Rio Grande do Norte, pioneira em exercer a magistratura no territ\u00f3rio potiguar e a terceira em todo o Brasil. A n\u00edvel nacional, ela foi a primeira mulher a tomar assento em um Tribunal de Justi\u00e7a para Julgamento e a primeira mulher a presidir o Tribunal do J\u00fari. Tamb\u00e9m foi professora e diretora do Curso Normal Regional, atual Escola Estadual Monsenhor Am\u00e2ncio Ramalho em Parelhas, onde tamb\u00e9m foi Vereadora.<\/p>\n\n\n\n<p><em>Confira a programa\u00e7\u00e3o:<\/em><\/p>\n\n\n\n<p><em>Dia 30<\/em><br>17h30 \u2013 Credenciamento &#8211; Hall<\/p>\n\n\n\n<p>18h \u2013 Audit\u00f3rio \u2013 abertura da Confer\u00eancia<\/p>\n\n\n\n<p>18h30 \u2013 Entrega da Medalha Wandecy Veras<\/p>\n\n\n\n<p>19h \u00e0s 20h30 &#8211; Palestra: O protagonismo da mulher advogada<\/p>\n\n\n\n<p><em>Dia 31 (palestras)<\/em><br>8h30 \u00e0s 9h30 &#8211; Sa\u00fade mental da mulher advogada e o resgate da autoestima<\/p><div class=\"epwoi69efbe987920b\" ><!--<a href=\"https:\/\/bit.ly\/3QdrqTZ\" target=\"_blank\">\n<img src=\"https:\/\/justicapotiguar.com.br\/wp-content\/uploads\/2023\/09\/mobile-geral.gif\"\/><a\/>--><\/div><style type=\"text\/css\">\r\n.epwoi69efbe987920b {\r\ntext-align: center;\r\n}\r\n@media screen and (min-width: 1201px) {\r\n.epwoi69efbe987920b {\r\ndisplay: none;\r\n}\r\n}\r\n@media screen and (min-width: 993px) and (max-width: 1200px) {\r\n.epwoi69efbe987920b {\r\ndisplay: none;\r\n}\r\n}\r\n@media screen and (min-width: 769px) and (max-width: 992px) {\r\n.epwoi69efbe987920b {\r\ndisplay: none;\r\n}\r\n}\r\n@media screen and (min-width: 768px) and (max-width: 768px) {\r\n.epwoi69efbe987920b {\r\ndisplay: block;\r\n}\r\n}\r\n@media screen and (max-width: 767px) {\r\n.epwoi69efbe987920b {\r\ndisplay: block;\r\n}\r\n}\r\n<\/style>\r\n<div class=\"adwzo69efbe98791ea\" ><!--<a href=\"https:\/\/bit.ly\/3QdrqTZ\" target=\"_blank\">\n<img src=\"https:\/\/justicapotiguar.com.br\/wp-content\/uploads\/2023\/09\/desktop-geral.gif\"\/><a\/>--><\/div><style type=\"text\/css\">\r\n.adwzo69efbe98791ea {\r\ntext-align: center;\nmargin-bottom: 1em;\r\n}\r\n@media screen and (min-width: 1201px) {\r\n.adwzo69efbe98791ea {\r\ndisplay: block;\r\n}\r\n}\r\n@media screen and (min-width: 993px) and (max-width: 1200px) {\r\n.adwzo69efbe98791ea {\r\ndisplay: block;\r\n}\r\n}\r\n@media screen and (min-width: 769px) and (max-width: 992px) {\r\n.adwzo69efbe98791ea {\r\ndisplay: block;\r\n}\r\n}\r\n@media screen and (min-width: 768px) and (max-width: 768px) {\r\n.adwzo69efbe98791ea {\r\ndisplay: none;\r\n}\r\n}\r\n@media screen and (max-width: 767px) {\r\n.adwzo69efbe98791ea {\r\ndisplay: none;\r\n}\r\n}\r\n<\/style>\r\n\n\n\n\n<p>9h45 \u00e0s 10h45 -Viol\u00eancia dom\u00e9stica e familiar contra a mulher: como a advogada deve atuar desde o inqu\u00e9rito policial ao processo criminal<\/p>\n\n\n\n<p>9h45 \u00e0s 10h45 &#8211; Direitos reprodutivos da mulher: &#8220;M\u00e9todos contraceptivos e aborto legal, como exerc\u00ea-los em caso de recusa?&#8221;<\/p>\n\n\n\n<p>9h45 \u00e0s 10h45 &#8211; Crimes Cibern\u00e9ticos praticados contra as mulheres: da preven\u00e7\u00e3o \u00e0 repress\u00e3o<\/p>\n\n\n\n<p>11h \u00e0s 12h &#8211; Desenvolvimento de carreira, autoconsci\u00eancia e lideran\u00e7a<\/p>\n\n\n\n<p>11h \u00e0s 12h &#8211; Viol\u00eancia pol\u00edtica de g\u00eanero: como enfrentar e denunciar<\/p>\n\n\n\n<p>11h \u00e0s 12h &#8211; Lawfare de g\u00eanero: o uso do direito como arma de guerra contra as mulheres.<\/p>\n\n\n\n<p>14h \u00e0s 15h &#8211; Diretrizes do protocolo do CNJ de julgamento com perspectiva de g\u00eanero: teoria e pr\u00e1tica&#8221;.<\/p>\n\n\n\n<p>14h \u00e0s 15h &#8211; Gest\u00e3o de escrit\u00f3rio: contabilidade, uma gest\u00e3o jur\u00eddica inteligente<\/p>\n\n\n\n<p>14h \u00e0s 15h &#8211; Lideran\u00e7a e protagonismo da mulher advogada dentro do sistema OAB<\/p>\n\n\n\n<div class=\"wp-block-media-text alignwide is-stacked-on-mobile\"><figure class=\"wp-block-media-text__media\"><img loading=\"lazy\" width=\"1024\" height=\"768\" src=\"https:\/\/justicapotiguar.com.br\/wp-content\/uploads\/2023\/05\/IMG-20230518-WA0030-1024x768.jpg\" alt=\"\" class=\"wp-image-31886 size-full\" srcset=\"https:\/\/justicapotiguar.com.br\/wp-content\/uploads\/2023\/05\/IMG-20230518-WA0030-1024x768.jpg 1024w, https:\/\/justicapotiguar.com.br\/wp-content\/uploads\/2023\/05\/IMG-20230518-WA0030-300x225.jpg 300w, https:\/\/justicapotiguar.com.br\/wp-content\/uploads\/2023\/05\/IMG-20230518-WA0030-768x576.jpg 768w, https:\/\/justicapotiguar.com.br\/wp-content\/uploads\/2023\/05\/IMG-20230518-WA0030-1536x1152.jpg 1536w, https:\/\/justicapotiguar.com.br\/wp-content\/uploads\/2023\/05\/IMG-20230518-WA0030.jpg 1600w\" sizes=\"(max-width: 1024px) 100vw, 1024px\" \/><\/figure><div class=\"wp-block-media-text__content\">\n<p class=\"has-large-font-size\"><\/p>\n<\/div><\/div>\n\n\n\n<p>15h15 \u00e0s 16h15 &#8211; A diversidade feminina e os desafio das mulheres advogadas PCDs, negras e LGBTQIA+<\/p>\n\n\n\n<p>15h15 \u00e0s 16h45 &#8211; Orat\u00f3ria: o b\u00e1sico para falar bem em p\u00fablico<\/p>\n\n\n\n<p>15h15 \u00e0s 16h30 &#8211; Ferramentas digitais na atividade da advocacia: apps imprescind\u00edveis para sua advocacia.<\/p>\n\n\n\n<p>16h45 \u00e0s 17h30 &#8211; Marketing jur\u00eddico: usando as m\u00eddias sociais sem ferir o C\u00f3digo de \u00c9tica da OAB&#8221;.<\/p>\n","protected":false},"excerpt":{"rendered":"<p>A Ordem dos Advogados do Rio Grande do Norte (OAB\/RN) promover\u00e1 nos dias 30 e 31 de maio, na sede da Seccional Potiguar, a II Confer\u00eancia Estadual da Mulher Advogada. Entre as palestrantes confirmadas est\u00e3o a presidente da Comiss\u00e3o Nacional da Mulher Advogada do CFOAB e a conselheira federal, Silvia Cerqueira. As inscri\u00e7\u00f5es podem ser<br \/><a class=\"more-link\" href=\"https:\/\/justicapotiguar.com.br\/index.php\/2023\/05\/18\/oab-rn-abre-inscricoes-para-ii-conferencia-estadual-da-mulher-advogada\/\">Mais&#8230;<\/a><\/p>\n","protected":false},"author":5,"featured_media":0,"comment_status":"open","ping_status":"open","sticky":false,"template":"","format":"standard","meta":[],"categories":[1],"tags":[],"_links":{"self":[{"href":"https:\/\/justicapotiguar.com.br\/index.php\/wp-json\/wp\/v2\/posts\/31885"}],"collection":[{"href":"https:\/\/justicapotiguar.com.br\/index.php\/wp-json\/wp\/v2\/posts"}],"about":[{"href":"https:\/\/justicapotiguar.com.br\/index.php\/wp-json\/wp\/v2\/types\/post"}],"author":[{"embeddable":true,"href":"https:\/\/justicapotiguar.com.br\/index.php\/wp-json\/wp\/v2\/users\/5"}],"replies":[{"embeddable":true,"href":"https:\/\/justicapotiguar.com.br\/index.php\/wp-json\/wp\/v2\/comments?post=31885"}],"version-history":[{"count":1,"href":"https:\/\/justicapotiguar.com.br\/index.php\/wp-json\/wp\/v2\/posts\/31885\/revisions"}],"predecessor-version":[{"id":31887,"href":"https:\/\/justicapotiguar.com.br\/index.php\/wp-json\/wp\/v2\/posts\/31885\/revisions\/31887"}],"wp:attachment":[{"href":"https:\/\/justicapotiguar.com.br\/index.php\/wp-json\/wp\/v2\/media?parent=31885"}],"wp:term":[{"taxonomy":"category","embeddable":true,"href":"https:\/\/justicapotiguar.com.br\/index.php\/wp-json\/wp\/v2\/categories?post=31885"},{"taxonomy":"post_tag","embeddable":true,"href":"https:\/\/justicapotiguar.com.br\/index.php\/wp-json\/wp\/v2\/tags?post=31885"}],"curies":[{"name":"wp","href":"https:\/\/api.w.org\/{rel}","templated":true}]}}