{"id":31881,"date":"2023-05-18T14:11:41","date_gmt":"2023-05-18T17:11:41","guid":{"rendered":"https:\/\/justicapotiguar.com.br\/?p=31881"},"modified":"2023-05-18T14:11:41","modified_gmt":"2023-05-18T17:11:41","slug":"informativo-773-do-stj-de-9-de-maio-de-2023","status":"publish","type":"post","link":"https:\/\/justicapotiguar.com.br\/index.php\/2023\/05\/18\/informativo-773-do-stj-de-9-de-maio-de-2023\/","title":{"rendered":"Informativo 773 do STJ, de 9 de maio de 2023"},"content":{"rendered":"\n<p><strong>Rodrigo Leite | @rodrigocrleite<\/strong><\/p>\n\n\n\n<p><strong>Canal P\u00edlulas Jur\u00eddicas | STF e STJ<\/strong><\/p>\n\n\n\n<p><strong>Link de acesso ao Canal: <\/strong><a href=\"https:\/\/bit.ly\/42fH7O5\"><strong>https:\/\/bit.ly\/42fH7O5<\/strong><\/a><\/p>\n\n\n\n<p><strong>SEGUNDA SE\u00c7\u00c3O<\/strong><\/p>\n\n\n\n<p>&#8211; N\u00e3o compete \u00e0 Justi\u00e7a comum processar e julgar causas ajuizadas contra o patrocinador para recomposi\u00e7\u00e3o de reserva matem\u00e1tica, em cumula\u00e7\u00e3o sucessiva ao pedido de revis\u00e3o do benef\u00edcio pela entidade fechada de previd\u00eancia privada complementar, em consequ\u00eancia da integra\u00e7\u00e3o, ao sal\u00e1rio de participa\u00e7\u00e3o, de verbas reconhecidas pela Justi\u00e7a do Trabalho &#8211; <strong>EAREsp 1.975.132-DF<\/strong>, julgado em 12\/4\/2023.<\/p>\n\n\n\n<p><strong>TERCEIRA SE\u00c7\u00c3O<\/strong><\/p>\n\n\n\n<p>&#8211; \u00c9 incab\u00edvel a conex\u00e3o de processos quando ausente a exposi\u00e7\u00e3o de um liame circunstancial que demonstre a rela\u00e7\u00e3o de interfer\u00eancia ou prejudicialidade entre as condutas criminosas &#8211; <strong>CC 185.511-SP<\/strong>, julgado em 26\/4\/2023.<\/p>\n\n\n\n<p><strong>PRIMEIRA TURMA<\/strong><\/p>\n\n\n\n<p>&#8211; O sindicato possui legitimidade ativa para substituir os sucessores de servidores falecidos, independentemente de o \u00f3bito ter ocorrido antes do ajuizamento da execu\u00e7\u00e3o &#8211; <strong>AgInt no REsp 2.026.557-PE<\/strong>, julgado em 20\/3\/2023.<\/p>\n\n\n\n<p>&#8211; \u00c9 poss\u00edvel a substitui\u00e7\u00e3o da fian\u00e7a banc\u00e1ria pelo seguro garantia, com base no art. 15, inciso I, da Lei n. 6.830\/1980, desde que observados os requisitos formais para a emiss\u00e3o do instrumento de garantia no \u00e2mbito judicial, bem como respeitadas as peculiaridades pr\u00f3prias do microssistema das execu\u00e7\u00f5es fiscais do cr\u00e9dito tribut\u00e1rio e o regramento previsto no CPC\/2015 &#8211; <strong>AgInt no AREsp 2.020.002-SP<\/strong>, julgado em 20\/3\/2023.<\/p>\n\n\n\n<p>&#8211;<strong> <\/strong>O ICMS-ST constitui parte integrante do custo de aquisi\u00e7\u00e3o da mercadoria e, por conseguinte, deve ser admitido na composi\u00e7\u00e3o do montante de cr\u00e9ditos a ser deduzido para apura\u00e7\u00e3o da Contribui\u00e7\u00e3o ao PIS e da Cofins, no regime n\u00e3o cumulativo &#8211; <strong>AgInt no REsp 2.010.366-RS<\/strong>, julgado em 11\/4\/2023.<\/p>\n\n\n\n<p><strong>SEGUNDA TURMA<\/strong><\/p>\n\n\n\n<p>&#8211; A defini\u00e7\u00e3o da quantidade de servidores p\u00fablicos que podem ser dispensados do cumprimento da carga hor\u00e1ria do cargo p\u00fablico para o exerc\u00edcio de mandato classista faz parte do poder discricion\u00e1rio da administra\u00e7\u00e3o p\u00fablica &#8211; <strong>AgInt no RMS 70.020-SE<\/strong>, julgado em 18\/4\/2023.<\/p>\n\n\n\n<p>&#8211; A percep\u00e7\u00e3o de adicional de insalubridade pelo segurado, por si s\u00f3, n\u00e3o lhe confere o direito de ter o respectivo per\u00edodo reconhecido como especial, porquanto os requisitos para a percep\u00e7\u00e3o do direito trabalhista s\u00e3o distintos dos requisitos para o reconhecimento da especialidade do trabalho no \u00e2mbito da previd\u00eancia social &#8211; <strong>AgInt nos EDcl no AgInt no AREsp 1.865.832-SP<\/strong>, julgado em 3\/4\/2023.<\/p>\n\n\n\n<p><strong>TERCEIRA TURMA<\/strong><\/p><div class=\"hfaix69efbedcf36d7\" ><!--<a href=\"https:\/\/bit.ly\/3QdrqTZ\" target=\"_blank\">\n<img src=\"https:\/\/justicapotiguar.com.br\/wp-content\/uploads\/2023\/09\/mobile-geral.gif\"\/><a\/>--><\/div><style type=\"text\/css\">\r\n.hfaix69efbedcf36d7 {\r\ntext-align: center;\r\n}\r\n@media screen and (min-width: 1201px) {\r\n.hfaix69efbedcf36d7 {\r\ndisplay: none;\r\n}\r\n}\r\n@media screen and (min-width: 993px) and (max-width: 1200px) {\r\n.hfaix69efbedcf36d7 {\r\ndisplay: none;\r\n}\r\n}\r\n@media screen and (min-width: 769px) and (max-width: 992px) {\r\n.hfaix69efbedcf36d7 {\r\ndisplay: none;\r\n}\r\n}\r\n@media screen and (min-width: 768px) and (max-width: 768px) {\r\n.hfaix69efbedcf36d7 {\r\ndisplay: block;\r\n}\r\n}\r\n@media screen and (max-width: 767px) {\r\n.hfaix69efbedcf36d7 {\r\ndisplay: block;\r\n}\r\n}\r\n<\/style>\r\n<div class=\"dqcwi69efbedcf36bb\" ><!--<a href=\"https:\/\/bit.ly\/3QdrqTZ\" target=\"_blank\">\n<img src=\"https:\/\/justicapotiguar.com.br\/wp-content\/uploads\/2023\/09\/desktop-geral.gif\"\/><a\/>--><\/div><style type=\"text\/css\">\r\n.dqcwi69efbedcf36bb {\r\ntext-align: center;\nmargin-bottom: 1em;\r\n}\r\n@media screen and (min-width: 1201px) {\r\n.dqcwi69efbedcf36bb {\r\ndisplay: block;\r\n}\r\n}\r\n@media screen and (min-width: 993px) and (max-width: 1200px) {\r\n.dqcwi69efbedcf36bb {\r\ndisplay: block;\r\n}\r\n}\r\n@media screen and (min-width: 769px) and (max-width: 992px) {\r\n.dqcwi69efbedcf36bb {\r\ndisplay: block;\r\n}\r\n}\r\n@media screen and (min-width: 768px) and (max-width: 768px) {\r\n.dqcwi69efbedcf36bb {\r\ndisplay: none;\r\n}\r\n}\r\n@media screen and (max-width: 767px) {\r\n.dqcwi69efbedcf36bb {\r\ndisplay: none;\r\n}\r\n}\r\n<\/style>\r\n\n\n\n\n<p>&#8211; \u00c9 il\u00edcita a conduta da operadora de plano de sa\u00fade que nega a inscri\u00e7\u00e3o de rec\u00e9m-nascido no plano de sa\u00fade de titularidade de av\u00f4, sendo a genitora dependente\/benefici\u00e1ria desse plano &#8211; <strong>REsp 2.049.636-SP<\/strong>, julgado em 25\/4\/2023.<\/p>\n\n\n\n<p>&#8211; \u00c9 abusiva a atitude da operadora que tenta descontinuar o custeio de interna\u00e7\u00e3o do neonato que seja filho de dependente e neto do titular ultrapassado o prazo de 30 (trinta) dias de seu nascimento &#8211; <strong>REsp 2.049.636-SP<\/strong>, julgado em 25\/4\/2023.<\/p>\n\n\n\n<p>&#8211; A notifica\u00e7\u00e3o do consumidor acerca da inscri\u00e7\u00e3o de seu nome em cadastro restritivo de cr\u00e9dito exige o pr\u00e9vio envio de correspond\u00eancia ao seu endere\u00e7o, sendo vedada a notifica\u00e7\u00e3o exclusiva por meio de e-mail ou mensagem de texto de celular (SMS) &#8211; <strong>REsp 2.056.285-RS<\/strong>, julgado em 25\/4\/2023.<\/p>\n\n\n\n<p><strong>QUARTA TURMA<\/strong><\/p>\n\n\n\n<p>&#8211; A parte, ao escolher demandar junto ao juizado especial, renuncia o cr\u00e9dito excedente, incluindo os pedidos interdependentes (principal e acess\u00f3rio) que decorrem da mesma causa de pedir, e n\u00e3o s\u00f3 o limite quantitativo legal &#8211; <strong>AgInt no REsp 2.002.685-PB<\/strong>, julgado em 27\/3\/2023.<\/p>\n\n\n\n<p><strong>QUINTA TURMA<\/strong><\/p>\n\n\n\n<p>&#8211; N\u00e3o \u00e9 aceit\u00e1vel que o acusado, ap\u00f3s a mudan\u00e7a de endere\u00e7o sem informar ao Ju\u00edzo, venha a arguir a nulidade da revelia, porquanto a veda\u00e7\u00e3o ao comportamento contradit\u00f3rio (<em>venire contra factum proprium<\/em>) aplica-se a todos os sujeitos processuais &#8211; <strong>AgRg no AREsp 2.265.981-SC<\/strong>, julgado em 28\/2\/2023.<\/p>\n\n\n\n<p>&#8211; Havendo ju\u00edzo especializado para apurar e julgar crimes praticados contra crian\u00e7a e adolescente, \u00e9 este o competente independentemente do tipo de crime &#8211; <strong>HC 807.617-BA<\/strong>, julgado em 11\/4\/2023.<\/p>\n\n\n\n<figure class=\"wp-block-image size-large\"><img loading=\"lazy\" width=\"275\" height=\"183\" src=\"https:\/\/justicapotiguar.com.br\/wp-content\/uploads\/2019\/08\/STJ-01-2.jpg\" alt=\"\" class=\"wp-image-708\"\/><figcaption>Reprodu\u00e7\u00e3o<\/figcaption><\/figure>\n\n\n\n<p><strong>SEXTA TURMA<\/strong><\/p>\n\n\n\n<p>&#8211; \u00c9 cab\u00edvel a redu\u00e7\u00e3o do prazo prescricional pela metade (art. 115 do CP) se, entre a senten\u00e7a condenat\u00f3ria e o julgamento dos embargos de declara\u00e7\u00e3o, o r\u00e9u atinge a idade superior a 70 anos, tendo em vista que a decis\u00e3o que julga os embargos integra a pr\u00f3pria senten\u00e7a condenat\u00f3ria &#8211; <strong>EDcl no AgRg no REsp 1.877.388-CE<\/strong>, julgado em 2\/5\/2023.<\/p>\n\n\n\n<p>&#8211; Declinada a compet\u00eancia do feito para a Justi\u00e7a estadual, n\u00e3o cabe \u00e0 Pol\u00edcia Federal prosseguir nas investiga\u00e7\u00f5es &#8211; <strong>HC 772.142-PE<\/strong>, julgado em 23\/3\/2023.<\/p>\n\n\n\n<p>&#8211; Tratando-se de estupro de vulner\u00e1vel (art. 217-A do CP) e n\u00e3o havendo na localidade Vara especializada em delitos contra a crian\u00e7a e o adolescente, as a\u00e7\u00f5es penais distribu\u00eddas at\u00e9 30\/11\/2022 tramitar\u00e3o nas Varas \u00e0s quais foram distribu\u00eddas originalmente ou ap\u00f3s determina\u00e7\u00e3o definitiva do Tribunal local ou superior &#8211; <strong>Processo em segredo de justi\u00e7a<\/strong>, julgado em 18\/4\/2023.<\/p>\n\n\n\n<p>_____________________<\/p>\n\n\n\n<p><strong>Rodrigo Costa Rodrigues Leite&nbsp;<\/strong><\/p>\n\n\n\n<p>Coautor do livro \u201cAn\u00e1lise das Diverg\u00eancias Jurisprudenciais no STF e STJ\u201d, Editora Juspodivm. Autor do livro \u201cTombamento \u2013 Vol. 36 \u2013 Cole\u00e7\u00e3o Leis Especiais para Concursos\u201d, Editora Juspodivm. Autor do livro \u201cDesapropria\u00e7\u00e3o \u2013 Vol. 39 \u2013 Cole\u00e7\u00e3o Especiais para Concursos\u201d, Editora Juspodivm. Coautor do livro \u201cSaberes Jurisprudenciais\u201d, Editora Saraiva.&nbsp; Coorganizador do livro \u201cCPC na Jurisprud\u00eancia\u201d, Editora Foco. Especialista em Direito P\u00fablico e Direito Processual Civil. Mestre em Direito Constitucional. Aluno laureado das Turmas 2005.2 da Universidade Potiguar. Professor da P\u00f3s-gradua\u00e7\u00e3o em Direito Civil da Rede Anhaguera-Kroton. M\u00e1ster Universit\u00e1rio em Direito Constitucional pela Universidad Del Pa\u00eds Vasco, San Sebasti\u00e1n, Espanha. Advogado licenciado. Membro do Conselho Editorial da Revista do Poder Judici\u00e1rio do Estado do Rio Grande do Norte \u2013 REPOJURN. Analista Judici\u00e1rio do TJRN. Assessor de Desembargador do TJRN.<\/p>\n","protected":false},"excerpt":{"rendered":"<p>Rodrigo Leite | @rodrigocrleite Canal P\u00edlulas Jur\u00eddicas | STF e STJ Link de acesso ao Canal: https:\/\/bit.ly\/42fH7O5 SEGUNDA SE\u00c7\u00c3O &#8211; N\u00e3o compete \u00e0 Justi\u00e7a comum processar e julgar causas ajuizadas contra o patrocinador para recomposi\u00e7\u00e3o de reserva matem\u00e1tica, em cumula\u00e7\u00e3o sucessiva ao pedido de revis\u00e3o do benef\u00edcio pela entidade fechada de previd\u00eancia privada complementar, em<br \/><a class=\"more-link\" href=\"https:\/\/justicapotiguar.com.br\/index.php\/2023\/05\/18\/informativo-773-do-stj-de-9-de-maio-de-2023\/\">Mais&#8230;<\/a><\/p>\n","protected":false},"author":5,"featured_media":0,"comment_status":"open","ping_status":"open","sticky":false,"template":"","format":"standard","meta":[],"categories":[1],"tags":[],"_links":{"self":[{"href":"https:\/\/justicapotiguar.com.br\/index.php\/wp-json\/wp\/v2\/posts\/31881"}],"collection":[{"href":"https:\/\/justicapotiguar.com.br\/index.php\/wp-json\/wp\/v2\/posts"}],"about":[{"href":"https:\/\/justicapotiguar.com.br\/index.php\/wp-json\/wp\/v2\/types\/post"}],"author":[{"embeddable":true,"href":"https:\/\/justicapotiguar.com.br\/index.php\/wp-json\/wp\/v2\/users\/5"}],"replies":[{"embeddable":true,"href":"https:\/\/justicapotiguar.com.br\/index.php\/wp-json\/wp\/v2\/comments?post=31881"}],"version-history":[{"count":1,"href":"https:\/\/justicapotiguar.com.br\/index.php\/wp-json\/wp\/v2\/posts\/31881\/revisions"}],"predecessor-version":[{"id":31882,"href":"https:\/\/justicapotiguar.com.br\/index.php\/wp-json\/wp\/v2\/posts\/31881\/revisions\/31882"}],"wp:attachment":[{"href":"https:\/\/justicapotiguar.com.br\/index.php\/wp-json\/wp\/v2\/media?parent=31881"}],"wp:term":[{"taxonomy":"category","embeddable":true,"href":"https:\/\/justicapotiguar.com.br\/index.php\/wp-json\/wp\/v2\/categories?post=31881"},{"taxonomy":"post_tag","embeddable":true,"href":"https:\/\/justicapotiguar.com.br\/index.php\/wp-json\/wp\/v2\/tags?post=31881"}],"curies":[{"name":"wp","href":"https:\/\/api.w.org\/{rel}","templated":true}]}}