{"id":31875,"date":"2023-05-18T09:50:47","date_gmt":"2023-05-18T12:50:47","guid":{"rendered":"https:\/\/justicapotiguar.com.br\/?p=31875"},"modified":"2023-05-18T09:50:47","modified_gmt":"2023-05-18T12:50:47","slug":"marco-aurelio-se-diz-perplexo-com-analise-que-cassou-deltan","status":"publish","type":"post","link":"https:\/\/justicapotiguar.com.br\/index.php\/2023\/05\/18\/marco-aurelio-se-diz-perplexo-com-analise-que-cassou-deltan\/","title":{"rendered":"Marco Aur\u00e9lio se diz \u201cperplexo\u201d com an\u00e1lise que cassou Deltan"},"content":{"rendered":"\n<figure class=\"wp-block-image size-large\"><img loading=\"lazy\" width=\"680\" height=\"453\" src=\"https:\/\/justicapotiguar.com.br\/wp-content\/uploads\/2020\/03\/BEA5813EB3A9CA2302BBA04896BC140AEFD9_marcoaurelio.jpg\" alt=\"\" class=\"wp-image-7401\" srcset=\"https:\/\/justicapotiguar.com.br\/wp-content\/uploads\/2020\/03\/BEA5813EB3A9CA2302BBA04896BC140AEFD9_marcoaurelio.jpg 680w, https:\/\/justicapotiguar.com.br\/wp-content\/uploads\/2020\/03\/BEA5813EB3A9CA2302BBA04896BC140AEFD9_marcoaurelio-300x200.jpg 300w\" sizes=\"(max-width: 680px) 100vw, 680px\" \/><figcaption>Reprodu\u00e7\u00e3o<\/figcaption><\/figure>\n\n\n\n<p>Para o ex-ministro do Supremo Tribunal Federal (STF) Marco Aur\u00e9lio Mello, a cassa\u00e7\u00e3o do mandato de deputado de Deltan Dallagnol foi fruto de \u201cuma interpreta\u00e7\u00e3o \u00e0 margem da ordem jur\u00eddica\u201d.<\/p>\n\n\n\n<p>\u201cEu fiquei perplexo, porque soube hoje, vendo o notici\u00e1rio, que sequer PAD havia\u201d, comentou \u00e0 Folha de S.Paulo.<\/p>\n\n\n\n<p>Marco Aur\u00e9lio se refere \u00e0 aus\u00eancia de procedimentos administrativos disciplinares abertos contra Dallagnol. Os dois que haviam sido abertos contra ele j\u00e1 n\u00e3o corriam no momento de sa\u00edda do Minist\u00e9rio P\u00fablico.<\/p><div class=\"zreec69efbe987820e\" ><!--<a href=\"https:\/\/bit.ly\/3QdrqTZ\" target=\"_blank\">\n<img src=\"https:\/\/justicapotiguar.com.br\/wp-content\/uploads\/2023\/09\/mobile-geral.gif\"\/><a\/>--><\/div><style type=\"text\/css\">\r\n.zreec69efbe987820e {\r\ntext-align: center;\r\n}\r\n@media screen and (min-width: 1201px) {\r\n.zreec69efbe987820e {\r\ndisplay: none;\r\n}\r\n}\r\n@media screen and (min-width: 993px) and (max-width: 1200px) {\r\n.zreec69efbe987820e {\r\ndisplay: none;\r\n}\r\n}\r\n@media screen and (min-width: 769px) and (max-width: 992px) {\r\n.zreec69efbe987820e {\r\ndisplay: none;\r\n}\r\n}\r\n@media screen and (min-width: 768px) and (max-width: 768px) {\r\n.zreec69efbe987820e {\r\ndisplay: block;\r\n}\r\n}\r\n@media screen and (max-width: 767px) {\r\n.zreec69efbe987820e {\r\ndisplay: block;\r\n}\r\n}\r\n<\/style>\r\n<div class=\"cjuao69efbe98781fa\" ><!--<a href=\"https:\/\/bit.ly\/3QdrqTZ\" target=\"_blank\">\n<img src=\"https:\/\/justicapotiguar.com.br\/wp-content\/uploads\/2023\/09\/desktop-geral.gif\"\/><a\/>--><\/div><style type=\"text\/css\">\r\n.cjuao69efbe98781fa {\r\ntext-align: center;\nmargin-bottom: 1em;\r\n}\r\n@media screen and (min-width: 1201px) {\r\n.cjuao69efbe98781fa {\r\ndisplay: block;\r\n}\r\n}\r\n@media screen and (min-width: 993px) and (max-width: 1200px) {\r\n.cjuao69efbe98781fa {\r\ndisplay: block;\r\n}\r\n}\r\n@media screen and (min-width: 769px) and (max-width: 992px) {\r\n.cjuao69efbe98781fa {\r\ndisplay: block;\r\n}\r\n}\r\n@media screen and (min-width: 768px) and (max-width: 768px) {\r\n.cjuao69efbe98781fa {\r\ndisplay: none;\r\n}\r\n}\r\n@media screen and (max-width: 767px) {\r\n.cjuao69efbe98781fa {\r\ndisplay: none;\r\n}\r\n}\r\n<\/style>\r\n\n\n\n\n<p>Para cassar o mandato, o ministro Benedito Gon\u00e7alves e seus pares do Tribunal Superior Eleitoral (TSE) consideraram 15 investiga\u00e7\u00e3o preliminares que poderiam ou n\u00e3o vir a se tornar PADs.<\/p>\n\n\n\n<p>Segundo Marco Aur\u00e9lio, \u201centerraram a Lava Jato e agora est\u00e3o querendo enterrar os que protagonizaram\u201d a opera\u00e7\u00e3o.<\/p>\n\n\n\n<p><strong>Por O Antagonista.<\/strong><\/p>\n","protected":false},"excerpt":{"rendered":"<p>Para o ex-ministro do Supremo Tribunal Federal (STF) Marco Aur\u00e9lio Mello, a cassa\u00e7\u00e3o do mandato de deputado de Deltan Dallagnol foi fruto de \u201cuma interpreta\u00e7\u00e3o \u00e0 margem da ordem jur\u00eddica\u201d. \u201cEu fiquei perplexo, porque soube hoje, vendo o notici\u00e1rio, que sequer PAD havia\u201d, comentou \u00e0 Folha de S.Paulo. Marco Aur\u00e9lio se refere \u00e0 aus\u00eancia de<br \/><a class=\"more-link\" href=\"https:\/\/justicapotiguar.com.br\/index.php\/2023\/05\/18\/marco-aurelio-se-diz-perplexo-com-analise-que-cassou-deltan\/\">Mais&#8230;<\/a><\/p>\n","protected":false},"author":5,"featured_media":0,"comment_status":"open","ping_status":"open","sticky":false,"template":"","format":"standard","meta":[],"categories":[1],"tags":[],"_links":{"self":[{"href":"https:\/\/justicapotiguar.com.br\/index.php\/wp-json\/wp\/v2\/posts\/31875"}],"collection":[{"href":"https:\/\/justicapotiguar.com.br\/index.php\/wp-json\/wp\/v2\/posts"}],"about":[{"href":"https:\/\/justicapotiguar.com.br\/index.php\/wp-json\/wp\/v2\/types\/post"}],"author":[{"embeddable":true,"href":"https:\/\/justicapotiguar.com.br\/index.php\/wp-json\/wp\/v2\/users\/5"}],"replies":[{"embeddable":true,"href":"https:\/\/justicapotiguar.com.br\/index.php\/wp-json\/wp\/v2\/comments?post=31875"}],"version-history":[{"count":1,"href":"https:\/\/justicapotiguar.com.br\/index.php\/wp-json\/wp\/v2\/posts\/31875\/revisions"}],"predecessor-version":[{"id":31876,"href":"https:\/\/justicapotiguar.com.br\/index.php\/wp-json\/wp\/v2\/posts\/31875\/revisions\/31876"}],"wp:attachment":[{"href":"https:\/\/justicapotiguar.com.br\/index.php\/wp-json\/wp\/v2\/media?parent=31875"}],"wp:term":[{"taxonomy":"category","embeddable":true,"href":"https:\/\/justicapotiguar.com.br\/index.php\/wp-json\/wp\/v2\/categories?post=31875"},{"taxonomy":"post_tag","embeddable":true,"href":"https:\/\/justicapotiguar.com.br\/index.php\/wp-json\/wp\/v2\/tags?post=31875"}],"curies":[{"name":"wp","href":"https:\/\/api.w.org\/{rel}","templated":true}]}}