{"id":31872,"date":"2023-05-18T09:26:00","date_gmt":"2023-05-18T12:26:00","guid":{"rendered":"https:\/\/justicapotiguar.com.br\/?p=31872"},"modified":"2023-05-18T07:56:38","modified_gmt":"2023-05-18T10:56:38","slug":"preso-por-adulteracao-de-sinal-em-veiculo-tem-recurso-julgado","status":"publish","type":"post","link":"https:\/\/justicapotiguar.com.br\/index.php\/2023\/05\/18\/preso-por-adulteracao-de-sinal-em-veiculo-tem-recurso-julgado\/","title":{"rendered":"Preso por adultera\u00e7\u00e3o de sinal em ve\u00edculo tem recurso julgado"},"content":{"rendered":"\n<figure class=\"wp-block-image size-large\"><img loading=\"lazy\" width=\"640\" height=\"413\" src=\"https:\/\/justicapotiguar.com.br\/wp-content\/uploads\/2019\/08\/Martelo-da-justi\u00e7a-2.jpg\" alt=\"\" class=\"wp-image-711\" srcset=\"https:\/\/justicapotiguar.com.br\/wp-content\/uploads\/2019\/08\/Martelo-da-justi\u00e7a-2.jpg 640w, https:\/\/justicapotiguar.com.br\/wp-content\/uploads\/2019\/08\/Martelo-da-justi\u00e7a-2-300x194.jpg 300w\" sizes=\"(max-width: 640px) 100vw, 640px\" \/><figcaption>Reprodu\u00e7\u00e3o<\/figcaption><\/figure>\n\n\n\n<p>Os desembargadores que integram o Pleno do TJRN mantiveram, em parte, a senten\u00e7a aplicada em primeira inst\u00e2ncia, pela 7\u00aa Vara Criminal da Comarca de Natal, para um homem, pela pr\u00e1tica dos crimes previstos nos artigos 180, 297 e 311, na forma do artigo 69, todos do C\u00f3digo Penal, \u00e0 pena de oito anos e seis meses de reclus\u00e3o, em regime inicial fechado. O alvo da revis\u00e3o criminal foi condenado por adultera\u00e7\u00e3o de sinal em ve\u00edculo automotor, contudo o colegiado destacou que a jurisprud\u00eancia do Superior Tribunal de Justi\u00e7a co\u00edbe a utiliza\u00e7\u00e3o de condena\u00e7\u00f5es anteriores, com tr\u00e2nsito em julgado (fim dos prazos recursais), como fundamento bastante para exasperar o vetor da personalidade do agente.<\/p>\n\n\n\n<p>Neste racioc\u00ednio, a Corte destacou que h\u00e1 proced\u00eancia ao pleito revisional, tornando neutra a circunst\u00e2ncia da personalidade do agente, por\u00e9m manteve o \u201cquantum da pena\u201d concreta e os demais termos da senten\u00e7a condenat\u00f3ria proferida em Primeiro Grau.<\/p>\n\n\n\n<p>\u201cDepreende-se, portanto, do referido dispositivo legal que tratam os Embargos de Declara\u00e7\u00e3o de uma modalidade recursal que objetiva a complementa\u00e7\u00e3o do julgado, quando efetivamente detectada a ocorr\u00eancia de qualquer dos v\u00edcios de omiss\u00e3o, contradi\u00e7\u00e3o ou obscuridade nas decis\u00f5es ou julgados prolatados, ressalvada a possibilidade de atribui\u00e7\u00e3o de efeitos modificativos, se da altera\u00e7\u00e3o sobrevier novo entendimento\u201d, explica o desembargador Gilson Barbosa, relator do recurso, ao destacar a inviabilidade do manejo de tal recurso para expor simples insurg\u00eancia ou inconformismo quanto ao m\u00e9rito do que foi decidido, ainda que para fins de prequestionamento.<\/p>\n\n\n\n<p><strong>O Caso<\/strong><\/p><div class=\"duzec69efbf018784b\" ><!--<a href=\"https:\/\/bit.ly\/3QdrqTZ\" target=\"_blank\">\n<img src=\"https:\/\/justicapotiguar.com.br\/wp-content\/uploads\/2023\/09\/mobile-geral.gif\"\/><a\/>--><\/div><style type=\"text\/css\">\r\n.duzec69efbf018784b {\r\ntext-align: center;\r\n}\r\n@media screen and (min-width: 1201px) {\r\n.duzec69efbf018784b {\r\ndisplay: none;\r\n}\r\n}\r\n@media screen and (min-width: 993px) and (max-width: 1200px) {\r\n.duzec69efbf018784b {\r\ndisplay: none;\r\n}\r\n}\r\n@media screen and (min-width: 769px) and (max-width: 992px) {\r\n.duzec69efbf018784b {\r\ndisplay: none;\r\n}\r\n}\r\n@media screen and (min-width: 768px) and (max-width: 768px) {\r\n.duzec69efbf018784b {\r\ndisplay: block;\r\n}\r\n}\r\n@media screen and (max-width: 767px) {\r\n.duzec69efbf018784b {\r\ndisplay: block;\r\n}\r\n}\r\n<\/style>\r\n<div class=\"gmitx69efbf018782c\" ><!--<a href=\"https:\/\/bit.ly\/3QdrqTZ\" target=\"_blank\">\n<img src=\"https:\/\/justicapotiguar.com.br\/wp-content\/uploads\/2023\/09\/desktop-geral.gif\"\/><a\/>--><\/div><style type=\"text\/css\">\r\n.gmitx69efbf018782c {\r\ntext-align: center;\nmargin-bottom: 1em;\r\n}\r\n@media screen and (min-width: 1201px) {\r\n.gmitx69efbf018782c {\r\ndisplay: block;\r\n}\r\n}\r\n@media screen and (min-width: 993px) and (max-width: 1200px) {\r\n.gmitx69efbf018782c {\r\ndisplay: block;\r\n}\r\n}\r\n@media screen and (min-width: 769px) and (max-width: 992px) {\r\n.gmitx69efbf018782c {\r\ndisplay: block;\r\n}\r\n}\r\n@media screen and (min-width: 768px) and (max-width: 768px) {\r\n.gmitx69efbf018782c {\r\ndisplay: none;\r\n}\r\n}\r\n@media screen and (max-width: 767px) {\r\n.gmitx69efbf018782c {\r\ndisplay: none;\r\n}\r\n}\r\n<\/style>\r\n\n\n\n\n<p>Segundo o julgamento inicial, o denunciado foi abordado no momento em que estava na posse do ve\u00edculo com placas adulteradas e tal circunst\u00e2ncia, conforme o magistrado de primeiro grau, aliada \u00e0 conclus\u00e3o que o interesse em adulterar os sinais identificadores era do acusado (pelo fato de saber que se tratava de ve\u00edculo produto de crime) e, finalmente, que o requerido apresentou vers\u00e3o inconsistente e infundada sobre os fatos, imp\u00f5em \u201ca for\u00e7osa conclus\u00e3o\u201d de que o demandado foi o autor do crime em an\u00e1lise.<\/p>\n\n\n\n<p>A pe\u00e7a defensiva questionava, dentre outros pontos, a condena\u00e7\u00e3o pelo delito de adultera\u00e7\u00e3o de sinal identificador de ve\u00edculo automotor, por haver o magistrado supostamente incorrido em \u2018bis in idem\u2019 (Penalidade dupla sobre um mesmo fato) diante da desfavorabilidade atribu\u00edda \u00e0 circunst\u00e2ncia da personalidade do agente &#8211; muito embora tenha mencionado \u201cconduta social\u201d &#8211; bem assim a aplicabilidade, sem a fundamenta\u00e7\u00e3o devida, da agravante do artigo 61, do C\u00f3digo Penal.<\/p>\n\n\n\n<p>Quanto ao crime de recepta\u00e7\u00e3o, diversamente do alegado, al\u00e9m de ter sido encontrado na posse do ve\u00edculo produto de crime, o magistrado acrescentou que o r\u00e9u, modificando o relato dado na fase policial, de que havia adquirido o carro por um pre\u00e7o vil, em ju\u00edzo admitiu a aquisi\u00e7\u00e3o bem pelo site de vendas OLX, dessa feita pagando uma entrada de R$ 2 mil e assumindo o pagamento de parcelas de um financiamento, tese n\u00e3o confirmada por qualquer elemento de prova constante dos autos.<\/p>\n","protected":false},"excerpt":{"rendered":"<p>Os desembargadores que integram o Pleno do TJRN mantiveram, em parte, a senten\u00e7a aplicada em primeira inst\u00e2ncia, pela 7\u00aa Vara Criminal da Comarca de Natal, para um homem, pela pr\u00e1tica dos crimes previstos nos artigos 180, 297 e 311, na forma do artigo 69, todos do C\u00f3digo Penal, \u00e0 pena de oito anos e seis<br \/><a class=\"more-link\" href=\"https:\/\/justicapotiguar.com.br\/index.php\/2023\/05\/18\/preso-por-adulteracao-de-sinal-em-veiculo-tem-recurso-julgado\/\">Mais&#8230;<\/a><\/p>\n","protected":false},"author":5,"featured_media":0,"comment_status":"open","ping_status":"open","sticky":false,"template":"","format":"standard","meta":[],"categories":[1],"tags":[],"_links":{"self":[{"href":"https:\/\/justicapotiguar.com.br\/index.php\/wp-json\/wp\/v2\/posts\/31872"}],"collection":[{"href":"https:\/\/justicapotiguar.com.br\/index.php\/wp-json\/wp\/v2\/posts"}],"about":[{"href":"https:\/\/justicapotiguar.com.br\/index.php\/wp-json\/wp\/v2\/types\/post"}],"author":[{"embeddable":true,"href":"https:\/\/justicapotiguar.com.br\/index.php\/wp-json\/wp\/v2\/users\/5"}],"replies":[{"embeddable":true,"href":"https:\/\/justicapotiguar.com.br\/index.php\/wp-json\/wp\/v2\/comments?post=31872"}],"version-history":[{"count":1,"href":"https:\/\/justicapotiguar.com.br\/index.php\/wp-json\/wp\/v2\/posts\/31872\/revisions"}],"predecessor-version":[{"id":31873,"href":"https:\/\/justicapotiguar.com.br\/index.php\/wp-json\/wp\/v2\/posts\/31872\/revisions\/31873"}],"wp:attachment":[{"href":"https:\/\/justicapotiguar.com.br\/index.php\/wp-json\/wp\/v2\/media?parent=31872"}],"wp:term":[{"taxonomy":"category","embeddable":true,"href":"https:\/\/justicapotiguar.com.br\/index.php\/wp-json\/wp\/v2\/categories?post=31872"},{"taxonomy":"post_tag","embeddable":true,"href":"https:\/\/justicapotiguar.com.br\/index.php\/wp-json\/wp\/v2\/tags?post=31872"}],"curies":[{"name":"wp","href":"https:\/\/api.w.org\/{rel}","templated":true}]}}