{"id":31860,"date":"2023-05-17T16:56:28","date_gmt":"2023-05-17T19:56:28","guid":{"rendered":"https:\/\/justicapotiguar.com.br\/?p=31860"},"modified":"2023-05-17T16:56:28","modified_gmt":"2023-05-17T19:56:28","slug":"stf-fachin-propoe-pena-de-33-anos-de-prisao-a-collor-por-corrupcao","status":"publish","type":"post","link":"https:\/\/justicapotiguar.com.br\/index.php\/2023\/05\/17\/stf-fachin-propoe-pena-de-33-anos-de-prisao-a-collor-por-corrupcao\/","title":{"rendered":"STF: Fachin prop\u00f5e pena de 33 anos de pris\u00e3o a Collor por corrup\u00e7\u00e3o"},"content":{"rendered":"\n<figure class=\"wp-block-image size-large\"><img loading=\"lazy\" width=\"1024\" height=\"613\" src=\"https:\/\/justicapotiguar.com.br\/wp-content\/uploads\/2023\/05\/coolor-1024x613.jpeg\" alt=\"\" class=\"wp-image-31861\" srcset=\"https:\/\/justicapotiguar.com.br\/wp-content\/uploads\/2023\/05\/coolor-1024x613.jpeg 1024w, https:\/\/justicapotiguar.com.br\/wp-content\/uploads\/2023\/05\/coolor-300x179.jpeg 300w, https:\/\/justicapotiguar.com.br\/wp-content\/uploads\/2023\/05\/coolor-768x459.jpeg 768w, https:\/\/justicapotiguar.com.br\/wp-content\/uploads\/2023\/05\/coolor.jpeg 1170w\" sizes=\"(max-width: 1024px) 100vw, 1024px\" \/><figcaption>(Marcelo Camargo\/Ag\u00eancia Brasil)<\/figcaption><\/figure>\n\n\n\n<p>Plen\u00e1rio do STF, nesta quarta-feira, 17, volta a julgar a\u00e7\u00e3o penal contra Fernando Collor em raz\u00e3o da suposta pr\u00e1tica dos crimes de corrup\u00e7\u00e3o passiva e lavagem de dinheiro. At\u00e9 o momento, votou apenas o relator, ministro Edson Fachin,&nbsp;pela condena\u00e7\u00e3o do pol\u00edtico a uma pena de 33 anos, 10 meses e 10 dias de pris\u00e3o.<\/p>\n\n\n\n<p>O julgamento<\/p>\n\n\n\n<p>Na primeira sess\u00e3o, Fachin leu o relat\u00f3rio e a vice-procuradora-Geral da Rep\u00fablica, Lind\u00f4ra Ara\u00fajo, apresentou acusa\u00e7\u00e3o.<\/p>\n\n\n\n<p>Na segunda sess\u00e3o, a an\u00e1lise do caso foi retomada com a manifesta\u00e7\u00e3o da defesa. Em seguida, Fachin leu parte de seu voto.<\/p>\n\n\n\n<p>Nesta tarde, o julgamento foi retomado com a conclus\u00e3o do voto do relator. Agora, a sess\u00e3o est\u00e1 em intervalo regimental.&nbsp;<\/p>\n\n\n\n<p>O caso<\/p>\n\n\n\n<p>Em 2017, a 2\u00aa turma do Supremo&nbsp;tornou&nbsp;Collor r\u00e9u por lavagem de dinheiro, corrup\u00e7\u00e3o passiva e organiza\u00e7\u00e3o criminosa.&nbsp;Os fatos se referem a supostas irregularidades perpetradas no \u00e2mbito da Petrobras Distribuidora S\/A &#8211; BR Distribuidora, objeto de investiga\u00e7\u00e3o da opera\u00e7\u00e3o Lava Jato.<\/p>\n\n\n\n<p>A den\u00fancia foi apresentada em 2015, pelo ent\u00e3o PGR, Rodrigo Janot, em processo da Lava Jato.&nbsp;Os empres\u00e1rios Luis Pereira Duarte de Amorim e Pedro Paulo Bergamaschi de Leoni Ramos tamb\u00e9m comp\u00f5em a lista de r\u00e9us do processo.<\/p>\n\n\n\n<p>De acordo com o documento do MPF, entre 2010 e 2014, Collor teria, com a ajuda dos outros r\u00e9us, solicitado e aceitado promessa para viabilizar irregularmente um contrato de troca de bandeira de postos de combust\u00edvel celebrado entre a BR Distribuidora e a Derivados do Brasil, e nesse sentido, teria recebido vantagem indevida.<\/p>\n\n\n\n<p>Voto do relator<\/p>\n\n\n\n<p>Em seu voto, ministro Edson Fachin afirmou que o conjunto de provas produzido pela acusa\u00e7\u00e3o \u00e9 s\u00f3lido e confirma o controle exercido por Collor sobre a presid\u00eancia e as diretorias da BR Distribuidora. Segundo S. Exa., documentos apreendidos e o conte\u00fado da troca de mensagens e e-mails, somados aos depoimentos de colaboradores premiados, confirmam que o parlamentar detinha informa\u00e7\u00f5es profundas a respeito dos neg\u00f3cios firmados pela empresa.<\/p><div class=\"gdbhx69efc78e3da1f\" ><!--<a href=\"https:\/\/bit.ly\/3QdrqTZ\" target=\"_blank\">\n<img src=\"https:\/\/justicapotiguar.com.br\/wp-content\/uploads\/2023\/09\/mobile-geral.gif\"\/><a\/>--><\/div><style type=\"text\/css\">\r\n.gdbhx69efc78e3da1f {\r\ntext-align: center;\r\n}\r\n@media screen and (min-width: 1201px) {\r\n.gdbhx69efc78e3da1f {\r\ndisplay: none;\r\n}\r\n}\r\n@media screen and (min-width: 993px) and (max-width: 1200px) {\r\n.gdbhx69efc78e3da1f {\r\ndisplay: none;\r\n}\r\n}\r\n@media screen and (min-width: 769px) and (max-width: 992px) {\r\n.gdbhx69efc78e3da1f {\r\ndisplay: none;\r\n}\r\n}\r\n@media screen and (min-width: 768px) and (max-width: 768px) {\r\n.gdbhx69efc78e3da1f {\r\ndisplay: block;\r\n}\r\n}\r\n@media screen and (max-width: 767px) {\r\n.gdbhx69efc78e3da1f {\r\ndisplay: block;\r\n}\r\n}\r\n<\/style>\r\n<div class=\"zvrek69efc78e3da05\" ><!--<a href=\"https:\/\/bit.ly\/3QdrqTZ\" target=\"_blank\">\n<img src=\"https:\/\/justicapotiguar.com.br\/wp-content\/uploads\/2023\/09\/desktop-geral.gif\"\/><a\/>--><\/div><style type=\"text\/css\">\r\n.zvrek69efc78e3da05 {\r\ntext-align: center;\nmargin-bottom: 1em;\r\n}\r\n@media screen and (min-width: 1201px) {\r\n.zvrek69efc78e3da05 {\r\ndisplay: block;\r\n}\r\n}\r\n@media screen and (min-width: 993px) and (max-width: 1200px) {\r\n.zvrek69efc78e3da05 {\r\ndisplay: block;\r\n}\r\n}\r\n@media screen and (min-width: 769px) and (max-width: 992px) {\r\n.zvrek69efc78e3da05 {\r\ndisplay: block;\r\n}\r\n}\r\n@media screen and (min-width: 768px) and (max-width: 768px) {\r\n.zvrek69efc78e3da05 {\r\ndisplay: none;\r\n}\r\n}\r\n@media screen and (max-width: 767px) {\r\n.zvrek69efc78e3da05 {\r\ndisplay: none;\r\n}\r\n}\r\n<\/style>\r\n\n\n\n\n<p>Essa influ\u00eancia, para o relator, viabilizou a assinatura de quatro contratos da UTC com a BR Distribuidora para a constru\u00e7\u00e3o de bases de combust\u00edveis, pelos quais o ent\u00e3o senador teria recebido R$ 20 milh\u00f5es como contrapartida, por interm\u00e9dio de Pedro Paulo Bergamaschi.<\/p>\n\n\n\n<p>Quanto aos contratos de constru\u00e7\u00e3o de base de combust\u00edveis com a UTC Engenharia, Fachin pontuou n\u00e3o haver qualquer impedimento legal a uma mesma empresa sagrar-se vencedora em certames licitat\u00f3rios consecutivos. Contudo, segundo o relator, &#8220;o caso sob an\u00e1lise n\u00e3o retrata mera coincid\u00eancia, mas, sim, uma verdadeira trama deflagrada para atender a interesses escusos&#8221;.<\/p>\n\n\n\n<p>No mais, o ministro asseverou que, diferentemente do alegado pela defesa do senador, &#8220;os fatos aqui retratados n\u00e3o est\u00e3o, de modo algum, sustentados t\u00e3o somente nas declara\u00e7\u00f5es dos colaboradores, porquanto se encontram em consistente suporte com outros elementos de prova&#8221;.<\/p>\n\n\n\n<p>Em seguida, Fachin destacou que o conjunto probat\u00f3rio produzido nos autos demonstra que os acusados, de fato, integravam um grupo organizado destinado \u00e0 pr\u00e1tica de crimes no \u00e2mbito da BR Distribuidora, por meio dos quais auferiram vantagem indevida de natureza pecuni\u00e1ria.<\/p>\n\n\n\n<p>&#8220;No \u00e1pice da estrutura organizada, se encontrava o ent\u00e3o senador que se utilizou de influ\u00eancia pol\u00edtica partid\u00e1ria para promover indica\u00e7\u00f5es a diretorias da BR Distribuidora e com ades\u00e3o dos respetivos diretores indicados, criar facilidades para a celebra\u00e7\u00e3o de contratos&#8221;, pontuou.<\/p>\n\n\n\n<p>Por fim, o relator afirmou que Collor, com aux\u00edlio de Pedro Paulo Bergamaschi, recebeu vantagem indevida no valor de R$ 20 milh\u00f5es de reais. E, de acordo com S. Exa., &#8220;tais recursos foram submetidos a procedimentos de oculta\u00e7\u00e3o da origem, para posterior reintrodu\u00e7\u00e3o na economia com apar\u00eancia de licitude&#8221;.<\/p>\n\n\n\n<p>&#8220;Os r\u00e9us Fernando Collor de Mello, Pedro Paulo Bergamaschi e Luis Duarte de Amorim, desde 2011 at\u00e9 2014, integraram um grupo criminoso destinado \u00e0 pr\u00e1tica de delitos no \u00e2mbito da BR Distribuidora, por meio dos quais auferiram vantagem indevida de natureza pecuni\u00e1ria.&#8221;<\/p>\n\n\n\n<p>Nesse sentido, Fachin votou pela condena\u00e7\u00e3o de Collor a uma pena de 33 anos, 10 meses e 10 dias de pris\u00e3o. Fachin&nbsp;fixou o regime fechado para o in\u00edcio do cumprimento da pena privativa de liberdade do pol\u00edtico.&nbsp;<\/p>\n\n\n\n<p>Por fim, prop\u00f4s a fixa\u00e7\u00e3o de dano moral coletivo de R$ 20 milh\u00f5es,&nbsp;a ser pago de forma solid\u00e1ria pelos condenados (Fernando Collor,&nbsp;Pedro Paulo Bergamaschi e&nbsp;Luis Duarte de Amorim).<\/p>\n\n\n\n<p>Processo: AP 1.025<\/p>\n\n\n\n<p>Migalhas<\/p>\n","protected":false},"excerpt":{"rendered":"<p>Plen\u00e1rio do STF, nesta quarta-feira, 17, volta a julgar a\u00e7\u00e3o penal contra Fernando Collor em raz\u00e3o da suposta pr\u00e1tica dos crimes de corrup\u00e7\u00e3o passiva e lavagem de dinheiro. At\u00e9 o momento, votou apenas o relator, ministro Edson Fachin,&nbsp;pela condena\u00e7\u00e3o do pol\u00edtico a uma pena de 33 anos, 10 meses e 10 dias de pris\u00e3o. O<br \/><a class=\"more-link\" href=\"https:\/\/justicapotiguar.com.br\/index.php\/2023\/05\/17\/stf-fachin-propoe-pena-de-33-anos-de-prisao-a-collor-por-corrupcao\/\">Mais&#8230;<\/a><\/p>\n","protected":false},"author":5,"featured_media":0,"comment_status":"open","ping_status":"open","sticky":false,"template":"","format":"standard","meta":[],"categories":[1],"tags":[],"_links":{"self":[{"href":"https:\/\/justicapotiguar.com.br\/index.php\/wp-json\/wp\/v2\/posts\/31860"}],"collection":[{"href":"https:\/\/justicapotiguar.com.br\/index.php\/wp-json\/wp\/v2\/posts"}],"about":[{"href":"https:\/\/justicapotiguar.com.br\/index.php\/wp-json\/wp\/v2\/types\/post"}],"author":[{"embeddable":true,"href":"https:\/\/justicapotiguar.com.br\/index.php\/wp-json\/wp\/v2\/users\/5"}],"replies":[{"embeddable":true,"href":"https:\/\/justicapotiguar.com.br\/index.php\/wp-json\/wp\/v2\/comments?post=31860"}],"version-history":[{"count":1,"href":"https:\/\/justicapotiguar.com.br\/index.php\/wp-json\/wp\/v2\/posts\/31860\/revisions"}],"predecessor-version":[{"id":31862,"href":"https:\/\/justicapotiguar.com.br\/index.php\/wp-json\/wp\/v2\/posts\/31860\/revisions\/31862"}],"wp:attachment":[{"href":"https:\/\/justicapotiguar.com.br\/index.php\/wp-json\/wp\/v2\/media?parent=31860"}],"wp:term":[{"taxonomy":"category","embeddable":true,"href":"https:\/\/justicapotiguar.com.br\/index.php\/wp-json\/wp\/v2\/categories?post=31860"},{"taxonomy":"post_tag","embeddable":true,"href":"https:\/\/justicapotiguar.com.br\/index.php\/wp-json\/wp\/v2\/tags?post=31860"}],"curies":[{"name":"wp","href":"https:\/\/api.w.org\/{rel}","templated":true}]}}