{"id":31857,"date":"2023-05-17T14:03:00","date_gmt":"2023-05-17T17:03:00","guid":{"rendered":"https:\/\/justicapotiguar.com.br\/?p=31857"},"modified":"2023-05-17T12:06:32","modified_gmt":"2023-05-17T15:06:32","slug":"pauta-da-7a-semana-nacional-da-conciliacao-tera-mais-de-400-processos","status":"publish","type":"post","link":"https:\/\/justicapotiguar.com.br\/index.php\/2023\/05\/17\/pauta-da-7a-semana-nacional-da-conciliacao-tera-mais-de-400-processos\/","title":{"rendered":"Pauta da 7\u00aa Semana Nacional da Concilia\u00e7\u00e3o ter\u00e1 mais de 400 processos"},"content":{"rendered":"\n<figure class=\"wp-block-image\"><img src=\"https:\/\/www.trt21.jus.br\/sites\/default\/files\/styles\/346x231\/public\/2023-05\/Site-Pauta-da-7%C2%AA-Semana-Nacional-da-Concilia%C3%A7%C3%A3o-ter%C3%A1-mais-de-400-processos.jpg?itok=KO_FEBHa\" alt=\"reuni\u00e3o cejusc e oab\"\/><\/figure>\n\n\n\n<p>A 7\u00aa Semana Nacional da Concilia\u00e7\u00e3o come\u00e7a na pr\u00f3xima segunda-feira e vai at\u00e9 sexta-feira (22 a 26\/5), em todas as Varas do Trabalho e nos dois Centros Judici\u00e1rios de M\u00e9todos Consensuais de Solu\u00e7\u00e3o de Disputas (CEJUSC) de Natal e Mossor\u00f3,<\/p>\n\n\n\n<p>Ju\u00edzes e servidores que est\u00e3o trabalhando na organiza\u00e7\u00e3o da Semana no Rio Grande do Norte j\u00e1 pautaram 360 processos em Natal e mais 40 &nbsp;em Mossor\u00f3.<\/p>\n\n\n\n<p>Representantes do Tribunal Regional do Trabalho da 21\u00aa Regi\u00e3o (RN) e da advocacia do Rio Grande do Norte participaram de uma reuni\u00e3o preparat\u00f3ria para a Semana Nacional da Concilia\u00e7\u00e3o 2023, nesta ter\u00e7a (16), no Centro Judici\u00e1rio de Solu\u00e7\u00f5es de Conflitos, em Natal.<\/p>\n\n\n\n<p>Participaram do encontro, o vice-presidente do TRT-RN e coordenador do N\u00facleo Permanente de M\u00e9todos Consensuais de Solu\u00e7\u00e3o de Conflitos (NUPEMEC), desembargador Eduardo Serrano da Rocha, a coordenadora do Cejusc Natal, ju\u00edza Simone Jalil, as supervisoras do Cejusc de 1\u00ba e 2\u00ba graus, ju\u00edzas Rachel Vilar e F\u00e1tima Christiane, al\u00e9m de servidores do Cejusc e Nupemec.<\/p><div class=\"dibrw69efb04b83d4b\" ><!--<a href=\"https:\/\/bit.ly\/3QdrqTZ\" target=\"_blank\">\n<img src=\"https:\/\/justicapotiguar.com.br\/wp-content\/uploads\/2023\/09\/mobile-geral.gif\"\/><a\/>--><\/div><style type=\"text\/css\">\r\n.dibrw69efb04b83d4b {\r\ntext-align: center;\r\n}\r\n@media screen and (min-width: 1201px) {\r\n.dibrw69efb04b83d4b {\r\ndisplay: none;\r\n}\r\n}\r\n@media screen and (min-width: 993px) and (max-width: 1200px) {\r\n.dibrw69efb04b83d4b {\r\ndisplay: none;\r\n}\r\n}\r\n@media screen and (min-width: 769px) and (max-width: 992px) {\r\n.dibrw69efb04b83d4b {\r\ndisplay: none;\r\n}\r\n}\r\n@media screen and (min-width: 768px) and (max-width: 768px) {\r\n.dibrw69efb04b83d4b {\r\ndisplay: block;\r\n}\r\n}\r\n@media screen and (max-width: 767px) {\r\n.dibrw69efb04b83d4b {\r\ndisplay: block;\r\n}\r\n}\r\n<\/style>\r\n<div class=\"scvmv69efb04b83d28\" ><!--<a href=\"https:\/\/bit.ly\/3QdrqTZ\" target=\"_blank\">\n<img src=\"https:\/\/justicapotiguar.com.br\/wp-content\/uploads\/2023\/09\/desktop-geral.gif\"\/><a\/>--><\/div><style type=\"text\/css\">\r\n.scvmv69efb04b83d28 {\r\ntext-align: center;\nmargin-bottom: 1em;\r\n}\r\n@media screen and (min-width: 1201px) {\r\n.scvmv69efb04b83d28 {\r\ndisplay: block;\r\n}\r\n}\r\n@media screen and (min-width: 993px) and (max-width: 1200px) {\r\n.scvmv69efb04b83d28 {\r\ndisplay: block;\r\n}\r\n}\r\n@media screen and (min-width: 769px) and (max-width: 992px) {\r\n.scvmv69efb04b83d28 {\r\ndisplay: block;\r\n}\r\n}\r\n@media screen and (min-width: 768px) and (max-width: 768px) {\r\n.scvmv69efb04b83d28 {\r\ndisplay: none;\r\n}\r\n}\r\n@media screen and (max-width: 767px) {\r\n.scvmv69efb04b83d28 {\r\ndisplay: none;\r\n}\r\n}\r\n<\/style>\r\n\n\n\n\n<p>O presidente da Ordem dos Advogados do Brasil no Rio Grande do Norte, Aldo de Medeiros, tamb\u00e9m esteve na reuni\u00e3o, acompanhado do presidente da Comiss\u00e3o dos Advogados Trabalhistas da OAB\/RN, Fernando Jos\u00e9 Medeiros e do presidente e vice-presidente da Associa\u00e7\u00e3o Norte-riograndense dos Advogados Trabalhistas, Alexandre Pinto e Renato Rodrigues. &nbsp;<\/p>\n\n\n\n<p>Na reuni\u00e3o, ficou acertado o apoio institucional da OAB-RN e dos advogados trabalhistas durante a Semana Nacional da Concilia\u00e7\u00e3o, que \u00e9 promovida anualmente pelo Conselho Superior da Justi\u00e7a do Trabalho (CSJT), em parceria com os 24 Tribunais Regionais do Trabalho, a Semana Nacional da Concilia\u00e7\u00e3o Trabalhista deste ano tem o slogan \u201cA um passo da solu\u00e7\u00e3o\u201d.<\/p>\n\n\n\n<p>O vice-presidente do TRT-RN, desembargador Eduardo Serrano da Rocha,, destacou o crescimento de processos conciliados em 2023 \u201c Conseguimos negociar, somente de janeiro a abril deste ano, mais de R$ 16,5 milh\u00f5es. S\u00e3o valores bastante expressivos para a economia do Rio Grande do Norte\u201d, comentou.<\/p>\n","protected":false},"excerpt":{"rendered":"<p>A 7\u00aa Semana Nacional da Concilia\u00e7\u00e3o come\u00e7a na pr\u00f3xima segunda-feira e vai at\u00e9 sexta-feira (22 a 26\/5), em todas as Varas do Trabalho e nos dois Centros Judici\u00e1rios de M\u00e9todos Consensuais de Solu\u00e7\u00e3o de Disputas (CEJUSC) de Natal e Mossor\u00f3, Ju\u00edzes e servidores que est\u00e3o trabalhando na organiza\u00e7\u00e3o da Semana no Rio Grande do Norte<br \/><a class=\"more-link\" href=\"https:\/\/justicapotiguar.com.br\/index.php\/2023\/05\/17\/pauta-da-7a-semana-nacional-da-conciliacao-tera-mais-de-400-processos\/\">Mais&#8230;<\/a><\/p>\n","protected":false},"author":5,"featured_media":0,"comment_status":"open","ping_status":"open","sticky":false,"template":"","format":"standard","meta":[],"categories":[1],"tags":[],"_links":{"self":[{"href":"https:\/\/justicapotiguar.com.br\/index.php\/wp-json\/wp\/v2\/posts\/31857"}],"collection":[{"href":"https:\/\/justicapotiguar.com.br\/index.php\/wp-json\/wp\/v2\/posts"}],"about":[{"href":"https:\/\/justicapotiguar.com.br\/index.php\/wp-json\/wp\/v2\/types\/post"}],"author":[{"embeddable":true,"href":"https:\/\/justicapotiguar.com.br\/index.php\/wp-json\/wp\/v2\/users\/5"}],"replies":[{"embeddable":true,"href":"https:\/\/justicapotiguar.com.br\/index.php\/wp-json\/wp\/v2\/comments?post=31857"}],"version-history":[{"count":1,"href":"https:\/\/justicapotiguar.com.br\/index.php\/wp-json\/wp\/v2\/posts\/31857\/revisions"}],"predecessor-version":[{"id":31858,"href":"https:\/\/justicapotiguar.com.br\/index.php\/wp-json\/wp\/v2\/posts\/31857\/revisions\/31858"}],"wp:attachment":[{"href":"https:\/\/justicapotiguar.com.br\/index.php\/wp-json\/wp\/v2\/media?parent=31857"}],"wp:term":[{"taxonomy":"category","embeddable":true,"href":"https:\/\/justicapotiguar.com.br\/index.php\/wp-json\/wp\/v2\/categories?post=31857"},{"taxonomy":"post_tag","embeddable":true,"href":"https:\/\/justicapotiguar.com.br\/index.php\/wp-json\/wp\/v2\/tags?post=31857"}],"curies":[{"name":"wp","href":"https:\/\/api.w.org\/{rel}","templated":true}]}}