{"id":31849,"date":"2023-05-17T10:13:13","date_gmt":"2023-05-17T13:13:13","guid":{"rendered":"https:\/\/justicapotiguar.com.br\/?p=31849"},"modified":"2023-05-17T09:13:31","modified_gmt":"2023-05-17T12:13:31","slug":"suposta-improbidade-em-mossoro-mantida-sentenca-que-julgou-improcedente-pedido-da-acusacao","status":"publish","type":"post","link":"https:\/\/justicapotiguar.com.br\/index.php\/2023\/05\/17\/suposta-improbidade-em-mossoro-mantida-sentenca-que-julgou-improcedente-pedido-da-acusacao\/","title":{"rendered":"Suposta improbidade em Mossor\u00f3: mantida senten\u00e7a que julgou improcedente pedido da acusa\u00e7\u00e3o"},"content":{"rendered":"\n<figure class=\"wp-block-image size-large\"><img loading=\"lazy\" width=\"460\" height=\"300\" src=\"https:\/\/justicapotiguar.com.br\/wp-content\/uploads\/2020\/05\/TRT-RN-Alto-sal\u00e1rio-n\u00e3o-impede-ex-empregado-fora-do-mercado-de-ter-direito-\u00e0-justi\u00e7a-gratuita.jpeg\" alt=\"\" class=\"wp-image-9340\" srcset=\"https:\/\/justicapotiguar.com.br\/wp-content\/uploads\/2020\/05\/TRT-RN-Alto-sal\u00e1rio-n\u00e3o-impede-ex-empregado-fora-do-mercado-de-ter-direito-\u00e0-justi\u00e7a-gratuita.jpeg 460w, https:\/\/justicapotiguar.com.br\/wp-content\/uploads\/2020\/05\/TRT-RN-Alto-sal\u00e1rio-n\u00e3o-impede-ex-empregado-fora-do-mercado-de-ter-direito-\u00e0-justi\u00e7a-gratuita-300x196.jpeg 300w\" sizes=\"(max-width: 460px) 100vw, 460px\" \/><figcaption>Reprodu\u00e7\u00e3o<\/figcaption><\/figure>\n\n\n\n<p>A 3\u00aa C\u00e2mara C\u00edvel do TJRN n\u00e3o deu provimento a pedido do Minist\u00e9rio P\u00fablico para reformar senten\u00e7a da 3\u00aa Vara da Fazenda P\u00fablica da Comarca de Mossor\u00f3, nos autos de uma a\u00e7\u00e3o civil p\u00fablica referente \u00e0 acusa\u00e7\u00e3o da pr\u00e1tica de Improbidade Administrativa, ajuizada em desfavor de representantes da prefeitura daquele munic\u00edpio. Decis\u00e3o inicial que n\u00e3o considerou a irregularidade na contrata\u00e7\u00e3o da presta\u00e7\u00e3o de servi\u00e7o de seguran\u00e7a privada, a qual teria se realizado, conforme o MP, sem a realiza\u00e7\u00e3o de regular procedimento licitat\u00f3rio.<\/p>\n\n\n\n<p>\u201cReitero que em raz\u00e3o das altera\u00e7\u00f5es na legisla\u00e7\u00e3o, notadamente para o caso concreto com a revoga\u00e7\u00e3o do inciso I e \u00e0 modifica\u00e7\u00e3o do artigo 11 da Lei n\u00ba 8.429\/1992, os dispositivos que sustentavam o pedido de condena\u00e7\u00e3o dos recorridos n\u00e3o mais subsistem no ordenamento jur\u00eddico, devendo ser mantida a senten\u00e7a, diante da atual disposi\u00e7\u00e3o legal sobre a mat\u00e9ria e que julgou improcedente o pedido contido \u00e0 inicial, com arrimo no artigo 487, inciso I, do CPC\u201d, explica a relatoria do voto, por meio do desembargador Amaury Moura Sobrinho.<\/p>\n\n\n\n<p>Conforme o voto, o pr\u00f3prio Supremo Tribunal Federal (STF) decidiu, no ARE 843989 (Tema 1.199), que o novo texto da Lei de Improbidade Administrativa (LIA &#8211; Lei 8.429\/1992), com as altera\u00e7\u00f5es inseridas pelo diploma legal, n\u00e3o pode ser aplicado a casos n\u00e3o intencionais (culposos) nos quais houve condena\u00e7\u00f5es definitivas e processos em fase de execu\u00e7\u00e3o das penas, bem como decidiu pela aplicabilidade imediata da nova Lei aos atos de improbidade administrativa culposos, praticados na vig\u00eancia do texto anterior.<\/p><div class=\"faabj69efb04b9ba1a\" ><!--<a href=\"https:\/\/bit.ly\/3QdrqTZ\" target=\"_blank\">\n<img src=\"https:\/\/justicapotiguar.com.br\/wp-content\/uploads\/2023\/09\/mobile-geral.gif\"\/><a\/>--><\/div><style type=\"text\/css\">\r\n.faabj69efb04b9ba1a {\r\ntext-align: center;\r\n}\r\n@media screen and (min-width: 1201px) {\r\n.faabj69efb04b9ba1a {\r\ndisplay: none;\r\n}\r\n}\r\n@media screen and (min-width: 993px) and (max-width: 1200px) {\r\n.faabj69efb04b9ba1a {\r\ndisplay: none;\r\n}\r\n}\r\n@media screen and (min-width: 769px) and (max-width: 992px) {\r\n.faabj69efb04b9ba1a {\r\ndisplay: none;\r\n}\r\n}\r\n@media screen and (min-width: 768px) and (max-width: 768px) {\r\n.faabj69efb04b9ba1a {\r\ndisplay: block;\r\n}\r\n}\r\n@media screen and (max-width: 767px) {\r\n.faabj69efb04b9ba1a {\r\ndisplay: block;\r\n}\r\n}\r\n<\/style>\r\n<div class=\"hhpbx69efb04b9b9fa\" ><!--<a href=\"https:\/\/bit.ly\/3QdrqTZ\" target=\"_blank\">\n<img src=\"https:\/\/justicapotiguar.com.br\/wp-content\/uploads\/2023\/09\/desktop-geral.gif\"\/><a\/>--><\/div><style type=\"text\/css\">\r\n.hhpbx69efb04b9b9fa {\r\ntext-align: center;\nmargin-bottom: 1em;\r\n}\r\n@media screen and (min-width: 1201px) {\r\n.hhpbx69efb04b9b9fa {\r\ndisplay: block;\r\n}\r\n}\r\n@media screen and (min-width: 993px) and (max-width: 1200px) {\r\n.hhpbx69efb04b9b9fa {\r\ndisplay: block;\r\n}\r\n}\r\n@media screen and (min-width: 769px) and (max-width: 992px) {\r\n.hhpbx69efb04b9b9fa {\r\ndisplay: block;\r\n}\r\n}\r\n@media screen and (min-width: 768px) and (max-width: 768px) {\r\n.hhpbx69efb04b9b9fa {\r\ndisplay: none;\r\n}\r\n}\r\n@media screen and (max-width: 767px) {\r\n.hhpbx69efb04b9b9fa {\r\ndisplay: none;\r\n}\r\n}\r\n<\/style>\r\n\n\n\n\n<p>De acordo com o julgamento, para que se configure o ato de improbidade que atente contra os princ\u00edpios da Administra\u00e7\u00e3o P\u00fablica (artigo 11 da LIA, com reda\u00e7\u00e3o dada pela Lei n\u00ba 14.230\/21), \u00e9 necess\u00e1rio que se demonstre, concomitantemente a pr\u00e1tica de uma das condutas descritas especificamente nos incisos do artigo 11, bem como a conduta dolosa do agente, inclusive com o fim de obter proveito ou benef\u00edcio indevido para si ou para terceiros, o nexo causal entre o exerc\u00edcio funcional e a viola\u00e7\u00e3o aos princ\u00edpios da Administra\u00e7\u00e3o P\u00fablica.<\/p>\n\n\n\n<p>\u201cNa hip\u00f3tese, a conduta imputada ao r\u00e9u\/recorrido foi enquadrada, pelo MP, nos termos do artigo 11 e inciso I, da Lei n\u00ba 8.429\/92, em sua reda\u00e7\u00e3o origin\u00e1ria. Ocorre que o referido inciso foi expressamente revogado com o advento da Lei n\u00ba 14.230\/21\u201d, esclarece o relator.<\/p>\n","protected":false},"excerpt":{"rendered":"<p>A 3\u00aa C\u00e2mara C\u00edvel do TJRN n\u00e3o deu provimento a pedido do Minist\u00e9rio P\u00fablico para reformar senten\u00e7a da 3\u00aa Vara da Fazenda P\u00fablica da Comarca de Mossor\u00f3, nos autos de uma a\u00e7\u00e3o civil p\u00fablica referente \u00e0 acusa\u00e7\u00e3o da pr\u00e1tica de Improbidade Administrativa, ajuizada em desfavor de representantes da prefeitura daquele munic\u00edpio. Decis\u00e3o inicial que n\u00e3o<br \/><a class=\"more-link\" href=\"https:\/\/justicapotiguar.com.br\/index.php\/2023\/05\/17\/suposta-improbidade-em-mossoro-mantida-sentenca-que-julgou-improcedente-pedido-da-acusacao\/\">Mais&#8230;<\/a><\/p>\n","protected":false},"author":5,"featured_media":0,"comment_status":"open","ping_status":"open","sticky":false,"template":"","format":"standard","meta":[],"categories":[1],"tags":[],"_links":{"self":[{"href":"https:\/\/justicapotiguar.com.br\/index.php\/wp-json\/wp\/v2\/posts\/31849"}],"collection":[{"href":"https:\/\/justicapotiguar.com.br\/index.php\/wp-json\/wp\/v2\/posts"}],"about":[{"href":"https:\/\/justicapotiguar.com.br\/index.php\/wp-json\/wp\/v2\/types\/post"}],"author":[{"embeddable":true,"href":"https:\/\/justicapotiguar.com.br\/index.php\/wp-json\/wp\/v2\/users\/5"}],"replies":[{"embeddable":true,"href":"https:\/\/justicapotiguar.com.br\/index.php\/wp-json\/wp\/v2\/comments?post=31849"}],"version-history":[{"count":1,"href":"https:\/\/justicapotiguar.com.br\/index.php\/wp-json\/wp\/v2\/posts\/31849\/revisions"}],"predecessor-version":[{"id":31850,"href":"https:\/\/justicapotiguar.com.br\/index.php\/wp-json\/wp\/v2\/posts\/31849\/revisions\/31850"}],"wp:attachment":[{"href":"https:\/\/justicapotiguar.com.br\/index.php\/wp-json\/wp\/v2\/media?parent=31849"}],"wp:term":[{"taxonomy":"category","embeddable":true,"href":"https:\/\/justicapotiguar.com.br\/index.php\/wp-json\/wp\/v2\/categories?post=31849"},{"taxonomy":"post_tag","embeddable":true,"href":"https:\/\/justicapotiguar.com.br\/index.php\/wp-json\/wp\/v2\/tags?post=31849"}],"curies":[{"name":"wp","href":"https:\/\/api.w.org\/{rel}","templated":true}]}}