{"id":31847,"date":"2023-05-17T09:14:00","date_gmt":"2023-05-17T12:14:00","guid":{"rendered":"https:\/\/justicapotiguar.com.br\/?p=31847"},"modified":"2023-05-16T23:16:24","modified_gmt":"2023-05-17T02:16:24","slug":"milhoes-de-brasileiros-calados-por-uma-canetada-diz-deltan-sobre-decisao-do-tse","status":"publish","type":"post","link":"https:\/\/justicapotiguar.com.br\/index.php\/2023\/05\/17\/milhoes-de-brasileiros-calados-por-uma-canetada-diz-deltan-sobre-decisao-do-tse\/","title":{"rendered":"\u2018Milh\u00f5es de brasileiros calados por uma canetada\u2019, diz Deltan sobre decis\u00e3o do TSE"},"content":{"rendered":"\n<figure class=\"wp-block-image size-large\"><img loading=\"lazy\" width=\"645\" height=\"388\" src=\"https:\/\/justicapotiguar.com.br\/wp-content\/uploads\/2019\/08\/Deltan-Dalagnol.jpg\" alt=\"\" class=\"wp-image-193\" srcset=\"https:\/\/justicapotiguar.com.br\/wp-content\/uploads\/2019\/08\/Deltan-Dalagnol.jpg 645w, https:\/\/justicapotiguar.com.br\/wp-content\/uploads\/2019\/08\/Deltan-Dalagnol-300x180.jpg 300w\" sizes=\"(max-width: 645px) 100vw, 645px\" \/><figcaption>Reprodu\u00e7\u00e3o<\/figcaption><\/figure>\n\n\n\n<p>O deputado Federal&nbsp;<strong>Deltan Dallagnol&nbsp;(Podemos-PR)<\/strong>,<a href=\"https:\/\/www.terra.com.br\/noticias\/brasil\/politica\/tse-cassa-mandato-do-deputado-deltan-dallagnol-por-unanimidade,4ebeb8543d1cc71176a1fa6334ce66a0smaemehm.html\"><strong>&nbsp;que teve seu mandato cassado na noite desta ter\u00e7a-feira<\/strong><\/a>, 16, disse que&nbsp;\u201cmilh\u00f5es de brasileiros foram calados com uma \u00fanica canetada\u201d sobre a decis\u00e3o do TSE.&nbsp;<\/p>\n\n\n\n<p>Em nota, o parlamentar ainda ressaltou que toda a situa\u00e7\u00e3o gera um\u00a0<strong>sentimento de indigna\u00e7\u00e3o<\/strong>, por conta, na vis\u00e3o dele, se tratar de um\u00a0<strong>combate a corrup\u00e7\u00e3o<\/strong>.<\/p>\n\n\n\n<p>\u201cSentimento \u00e9 de indigna\u00e7\u00e3o com a vingan\u00e7a sem precedentes que est\u00e1 em curso no Brasil contra os agentes da lei que ousaram combater a corrup\u00e7\u00e3o\u201d, lamentou.<\/p><div class=\"izonv69efb47703045\" ><!--<a href=\"https:\/\/bit.ly\/3QdrqTZ\" target=\"_blank\">\n<img src=\"https:\/\/justicapotiguar.com.br\/wp-content\/uploads\/2023\/09\/mobile-geral.gif\"\/><a\/>--><\/div><style type=\"text\/css\">\r\n.izonv69efb47703045 {\r\ntext-align: center;\r\n}\r\n@media screen and (min-width: 1201px) {\r\n.izonv69efb47703045 {\r\ndisplay: none;\r\n}\r\n}\r\n@media screen and (min-width: 993px) and (max-width: 1200px) {\r\n.izonv69efb47703045 {\r\ndisplay: none;\r\n}\r\n}\r\n@media screen and (min-width: 769px) and (max-width: 992px) {\r\n.izonv69efb47703045 {\r\ndisplay: none;\r\n}\r\n}\r\n@media screen and (min-width: 768px) and (max-width: 768px) {\r\n.izonv69efb47703045 {\r\ndisplay: block;\r\n}\r\n}\r\n@media screen and (max-width: 767px) {\r\n.izonv69efb47703045 {\r\ndisplay: block;\r\n}\r\n}\r\n<\/style>\r\n<div class=\"kyhjx69efb4770302a\" ><!--<a href=\"https:\/\/bit.ly\/3QdrqTZ\" target=\"_blank\">\n<img src=\"https:\/\/justicapotiguar.com.br\/wp-content\/uploads\/2023\/09\/desktop-geral.gif\"\/><a\/>--><\/div><style type=\"text\/css\">\r\n.kyhjx69efb4770302a {\r\ntext-align: center;\nmargin-bottom: 1em;\r\n}\r\n@media screen and (min-width: 1201px) {\r\n.kyhjx69efb4770302a {\r\ndisplay: block;\r\n}\r\n}\r\n@media screen and (min-width: 993px) and (max-width: 1200px) {\r\n.kyhjx69efb4770302a {\r\ndisplay: block;\r\n}\r\n}\r\n@media screen and (min-width: 769px) and (max-width: 992px) {\r\n.kyhjx69efb4770302a {\r\ndisplay: block;\r\n}\r\n}\r\n@media screen and (min-width: 768px) and (max-width: 768px) {\r\n.kyhjx69efb4770302a {\r\ndisplay: none;\r\n}\r\n}\r\n@media screen and (max-width: 767px) {\r\n.kyhjx69efb4770302a {\r\ndisplay: none;\r\n}\r\n}\r\n<\/style>\r\n\n\n\n\n<p>Apesar da frsutra\u00e7\u00e3o, Dallagnol ainda acredita que \u201cnenhum obst\u00e1culo vai me impedir de continuar a lutar pelo meu prop\u00f3sito de vida de servir a Deus e ao povo brasileiro\u201d, frisou.<\/p>\n\n\n\n<p>\u201c344.917 mil vozes paranaenses e de milh\u00f5es de brasileiros foram caladas nesta noite com uma \u00fanica canetada, ao arrepio da lei e da Justi\u00e7a\u201d, acrescentou.&nbsp;<\/p>\n\n\n\n<p>A decis\u00e3o foi&nbsp;por unanimidade. O julgamento foi finalizado na noite desta ter\u00e7a-feira, 16, e baseado na Lei da Ficha Limpa.<\/p>\n","protected":false},"excerpt":{"rendered":"<p>O deputado Federal&nbsp;Deltan Dallagnol&nbsp;(Podemos-PR),&nbsp;que teve seu mandato cassado na noite desta ter\u00e7a-feira, 16, disse que&nbsp;\u201cmilh\u00f5es de brasileiros foram calados com uma \u00fanica canetada\u201d sobre a decis\u00e3o do TSE.&nbsp; Em nota, o parlamentar ainda ressaltou que toda a situa\u00e7\u00e3o gera um\u00a0sentimento de indigna\u00e7\u00e3o, por conta, na vis\u00e3o dele, se tratar de um\u00a0combate a corrup\u00e7\u00e3o. \u201cSentimento \u00e9<br \/><a class=\"more-link\" href=\"https:\/\/justicapotiguar.com.br\/index.php\/2023\/05\/17\/milhoes-de-brasileiros-calados-por-uma-canetada-diz-deltan-sobre-decisao-do-tse\/\">Mais&#8230;<\/a><\/p>\n","protected":false},"author":5,"featured_media":0,"comment_status":"open","ping_status":"open","sticky":false,"template":"","format":"standard","meta":[],"categories":[1],"tags":[],"_links":{"self":[{"href":"https:\/\/justicapotiguar.com.br\/index.php\/wp-json\/wp\/v2\/posts\/31847"}],"collection":[{"href":"https:\/\/justicapotiguar.com.br\/index.php\/wp-json\/wp\/v2\/posts"}],"about":[{"href":"https:\/\/justicapotiguar.com.br\/index.php\/wp-json\/wp\/v2\/types\/post"}],"author":[{"embeddable":true,"href":"https:\/\/justicapotiguar.com.br\/index.php\/wp-json\/wp\/v2\/users\/5"}],"replies":[{"embeddable":true,"href":"https:\/\/justicapotiguar.com.br\/index.php\/wp-json\/wp\/v2\/comments?post=31847"}],"version-history":[{"count":1,"href":"https:\/\/justicapotiguar.com.br\/index.php\/wp-json\/wp\/v2\/posts\/31847\/revisions"}],"predecessor-version":[{"id":31848,"href":"https:\/\/justicapotiguar.com.br\/index.php\/wp-json\/wp\/v2\/posts\/31847\/revisions\/31848"}],"wp:attachment":[{"href":"https:\/\/justicapotiguar.com.br\/index.php\/wp-json\/wp\/v2\/media?parent=31847"}],"wp:term":[{"taxonomy":"category","embeddable":true,"href":"https:\/\/justicapotiguar.com.br\/index.php\/wp-json\/wp\/v2\/categories?post=31847"},{"taxonomy":"post_tag","embeddable":true,"href":"https:\/\/justicapotiguar.com.br\/index.php\/wp-json\/wp\/v2\/tags?post=31847"}],"curies":[{"name":"wp","href":"https:\/\/api.w.org\/{rel}","templated":true}]}}