{"id":31841,"date":"2023-05-16T21:02:30","date_gmt":"2023-05-17T00:02:30","guid":{"rendered":"https:\/\/justicapotiguar.com.br\/?p=31841"},"modified":"2023-05-16T21:02:30","modified_gmt":"2023-05-17T00:02:30","slug":"deltan-dallagnol-tem-mandato-cassado-por-unanimidade-pelo-tse","status":"publish","type":"post","link":"https:\/\/justicapotiguar.com.br\/index.php\/2023\/05\/16\/deltan-dallagnol-tem-mandato-cassado-por-unanimidade-pelo-tse\/","title":{"rendered":"Deltan Dallagnol tem mandato cassado por unanimidade pelo TSE"},"content":{"rendered":"\n<p>O Tribunal Superior Eleitoral anulou a elei\u00e7\u00e3o e cassou por unanimidade o mandato do deputado Deltan Dallagnol nesta ter\u00e7a-feira (16) por ter infringido a Lei da Ficha Limpa.<\/p>\n\n\n\n<figure class=\"wp-block-image size-large\"><img loading=\"lazy\" width=\"645\" height=\"388\" src=\"https:\/\/justicapotiguar.com.br\/wp-content\/uploads\/2019\/08\/Deltan-Dalagnol.jpg\" alt=\"\" class=\"wp-image-193\" srcset=\"https:\/\/justicapotiguar.com.br\/wp-content\/uploads\/2019\/08\/Deltan-Dalagnol.jpg 645w, https:\/\/justicapotiguar.com.br\/wp-content\/uploads\/2019\/08\/Deltan-Dalagnol-300x180.jpg 300w\" sizes=\"(max-width: 645px) 100vw, 645px\" \/><figcaption>Reprodu\u00e7\u00e3o<\/figcaption><\/figure>\n\n\n\n<p>A a\u00e7\u00e3o \u00e9 de autoria da Federa\u00e7\u00e3o Brasil Esperan\u00e7a no Paran\u00e1 (PT, PCdoB e PV) pelo Partido da Mobiliza\u00e7\u00e3o Nacional (PMN). Por\u00e9m, o Tribunal Regional Eleitoral do Paran\u00e1 (TRE-PR) havia negado o pedido de impugna\u00e7\u00e3o da candidatura do ex-procurador da Lava Jato em outubro de 2022.&nbsp; Deltan se elegeu deputado federal com 344,9 mil votos.<\/p>\n\n\n\n<p>Durante o julgamento pela inelegibilidade do deputado federal Deltan Dallagnol (Podemos-PR), o relator da a\u00e7\u00e3o, ministro Benedito Gon\u00e7alves (foto)\u00a0<strong>votou pela inelegibilidade e<\/strong>\u00a0<strong>cassa\u00e7\u00e3o do mandato<\/strong>\u00a0do ex-procurador da Lava Jato.<\/p><div class=\"vuzxh69efb04c201d3\" ><!--<a href=\"https:\/\/bit.ly\/3QdrqTZ\" target=\"_blank\">\n<img src=\"https:\/\/justicapotiguar.com.br\/wp-content\/uploads\/2023\/09\/mobile-geral.gif\"\/><a\/>--><\/div><style type=\"text\/css\">\r\n.vuzxh69efb04c201d3 {\r\ntext-align: center;\r\n}\r\n@media screen and (min-width: 1201px) {\r\n.vuzxh69efb04c201d3 {\r\ndisplay: none;\r\n}\r\n}\r\n@media screen and (min-width: 993px) and (max-width: 1200px) {\r\n.vuzxh69efb04c201d3 {\r\ndisplay: none;\r\n}\r\n}\r\n@media screen and (min-width: 769px) and (max-width: 992px) {\r\n.vuzxh69efb04c201d3 {\r\ndisplay: none;\r\n}\r\n}\r\n@media screen and (min-width: 768px) and (max-width: 768px) {\r\n.vuzxh69efb04c201d3 {\r\ndisplay: block;\r\n}\r\n}\r\n@media screen and (max-width: 767px) {\r\n.vuzxh69efb04c201d3 {\r\ndisplay: block;\r\n}\r\n}\r\n<\/style>\r\n<div class=\"gypbi69efb04c201b3\" ><!--<a href=\"https:\/\/bit.ly\/3QdrqTZ\" target=\"_blank\">\n<img src=\"https:\/\/justicapotiguar.com.br\/wp-content\/uploads\/2023\/09\/desktop-geral.gif\"\/><a\/>--><\/div><style type=\"text\/css\">\r\n.gypbi69efb04c201b3 {\r\ntext-align: center;\nmargin-bottom: 1em;\r\n}\r\n@media screen and (min-width: 1201px) {\r\n.gypbi69efb04c201b3 {\r\ndisplay: block;\r\n}\r\n}\r\n@media screen and (min-width: 993px) and (max-width: 1200px) {\r\n.gypbi69efb04c201b3 {\r\ndisplay: block;\r\n}\r\n}\r\n@media screen and (min-width: 769px) and (max-width: 992px) {\r\n.gypbi69efb04c201b3 {\r\ndisplay: block;\r\n}\r\n}\r\n@media screen and (min-width: 768px) and (max-width: 768px) {\r\n.gypbi69efb04c201b3 {\r\ndisplay: none;\r\n}\r\n}\r\n@media screen and (max-width: 767px) {\r\n.gypbi69efb04c201b3 {\r\ndisplay: none;\r\n}\r\n}\r\n<\/style>\r\n\n\n\n\n<p>Em seu voto, o relator, o ministro Benedito Gon\u00e7alves, invocou a teoria de fraude a lei para justificar seu parecer.<\/p>\n\n\n\n<p><em>\u201cQuem\u00a0<strong>pretensamente renuncia a um cargo<\/strong>\u00a0para de<strong>\u00a0forma dissimulada<\/strong>\u00a0contornar veda\u00e7\u00e3o estabelecida em lei, que \u00e9 a indisponibilidade de disputar a elei\u00e7\u00e3o,\u00a0<strong>incorre em fraude \u00e0 lei<\/strong>\u201d,\u00a0<\/em>argumentou o magistrado.\u00a0<em>\u201cN\u00e3o h\u00e1 \u00f3bice a que esse Tribunal Superior Eleitoral reconhe\u00e7a, na pr\u00e1tica de determinado\u00a0<strong>ato revestido de licitude,<\/strong>\u00a0<strong>fraude<\/strong>\u00a0\u00e0 lei praticada com prop\u00f3sito de contornar veda\u00e7\u00e3o prevista na norma jur\u00eddica.\u201d<\/em><\/p>\n\n\n\n<p>O Antagonista<\/p>\n","protected":false},"excerpt":{"rendered":"<p>O Tribunal Superior Eleitoral anulou a elei\u00e7\u00e3o e cassou por unanimidade o mandato do deputado Deltan Dallagnol nesta ter\u00e7a-feira (16) por ter infringido a Lei da Ficha Limpa. A a\u00e7\u00e3o \u00e9 de autoria da Federa\u00e7\u00e3o Brasil Esperan\u00e7a no Paran\u00e1 (PT, PCdoB e PV) pelo Partido da Mobiliza\u00e7\u00e3o Nacional (PMN). Por\u00e9m, o Tribunal Regional Eleitoral do<br \/><a class=\"more-link\" href=\"https:\/\/justicapotiguar.com.br\/index.php\/2023\/05\/16\/deltan-dallagnol-tem-mandato-cassado-por-unanimidade-pelo-tse\/\">Mais&#8230;<\/a><\/p>\n","protected":false},"author":5,"featured_media":0,"comment_status":"open","ping_status":"open","sticky":false,"template":"","format":"standard","meta":[],"categories":[1],"tags":[],"_links":{"self":[{"href":"https:\/\/justicapotiguar.com.br\/index.php\/wp-json\/wp\/v2\/posts\/31841"}],"collection":[{"href":"https:\/\/justicapotiguar.com.br\/index.php\/wp-json\/wp\/v2\/posts"}],"about":[{"href":"https:\/\/justicapotiguar.com.br\/index.php\/wp-json\/wp\/v2\/types\/post"}],"author":[{"embeddable":true,"href":"https:\/\/justicapotiguar.com.br\/index.php\/wp-json\/wp\/v2\/users\/5"}],"replies":[{"embeddable":true,"href":"https:\/\/justicapotiguar.com.br\/index.php\/wp-json\/wp\/v2\/comments?post=31841"}],"version-history":[{"count":1,"href":"https:\/\/justicapotiguar.com.br\/index.php\/wp-json\/wp\/v2\/posts\/31841\/revisions"}],"predecessor-version":[{"id":31842,"href":"https:\/\/justicapotiguar.com.br\/index.php\/wp-json\/wp\/v2\/posts\/31841\/revisions\/31842"}],"wp:attachment":[{"href":"https:\/\/justicapotiguar.com.br\/index.php\/wp-json\/wp\/v2\/media?parent=31841"}],"wp:term":[{"taxonomy":"category","embeddable":true,"href":"https:\/\/justicapotiguar.com.br\/index.php\/wp-json\/wp\/v2\/categories?post=31841"},{"taxonomy":"post_tag","embeddable":true,"href":"https:\/\/justicapotiguar.com.br\/index.php\/wp-json\/wp\/v2\/tags?post=31841"}],"curies":[{"name":"wp","href":"https:\/\/api.w.org\/{rel}","templated":true}]}}