{"id":31831,"date":"2023-05-16T16:37:07","date_gmt":"2023-05-16T19:37:07","guid":{"rendered":"https:\/\/justicapotiguar.com.br\/?p=31831"},"modified":"2023-05-16T16:37:07","modified_gmt":"2023-05-16T19:37:07","slug":"justica-condena-empresa-que-deixou-de-tratar-empregado-trans-pelo-nome-social","status":"publish","type":"post","link":"https:\/\/justicapotiguar.com.br\/index.php\/2023\/05\/16\/justica-condena-empresa-que-deixou-de-tratar-empregado-trans-pelo-nome-social\/","title":{"rendered":"Justi\u00e7a condena empresa que deixou de tratar empregado trans pelo nome social"},"content":{"rendered":"\n<figure class=\"wp-block-image size-large\"><img loading=\"lazy\" width=\"1024\" height=\"683\" src=\"https:\/\/justicapotiguar.com.br\/wp-content\/uploads\/2019\/09\/forum-lgbt-litoral-norte-1024x683.jpg\" alt=\"\" class=\"wp-image-2283\" srcset=\"https:\/\/justicapotiguar.com.br\/wp-content\/uploads\/2019\/09\/forum-lgbt-litoral-norte-1024x683.jpg 1024w, https:\/\/justicapotiguar.com.br\/wp-content\/uploads\/2019\/09\/forum-lgbt-litoral-norte-300x200.jpg 300w, https:\/\/justicapotiguar.com.br\/wp-content\/uploads\/2019\/09\/forum-lgbt-litoral-norte-768x512.jpg 768w, https:\/\/justicapotiguar.com.br\/wp-content\/uploads\/2019\/09\/forum-lgbt-litoral-norte.jpg 1600w\" sizes=\"(max-width: 1024px) 100vw, 1024px\" \/><figcaption>Reprodu\u00e7\u00e3o<\/figcaption><\/figure>\n\n\n\n<p>Senten\u00e7a proferida na 11\u00aa Vara do Trabalho da Zona Sul-SP condenou a Atento Brasil a pagar indeniza\u00e7\u00e3o por dano moral correspondente a 20 vezes o \u00faltimo sal\u00e1rio de um homem trans que era tratado pelo nome civil em vez do nome social. Para o juiz Gustavo Kiyoshi Fujinohara, a empresa deixou de garantir um local digno e seguro que respeitasse as particularidades do trabalhador.<br><br>O atendente afirma que, nos dois contratos que manteve, a institui\u00e7\u00e3o se recusou a identific\u00e1-lo pelo g\u00eanero masculino, obrigando-o a se apresentar como mulher aos clientes, muito embora a altera\u00e7\u00e3o do prenome j\u00e1 constasse de sua c\u00e9dula de identidade. Em defesa, a Atento alega estar impedida de alterar o sistema de gest\u00e3o de pessoas, uma vez que ele \u00e9 vinculado ao registro do CPF\/PIS do profissional, no qual consta o g\u00eanero feminino.<br><br>O magistrado lembra que o processo de transi\u00e7\u00e3o da pessoa transexual \u00e9 cercado por burocracias e dificuldades, como a falta de suporte jur\u00eddico, financeiro e social. Nesse sentido, &#8220;n\u00e3o \u00e9 razo\u00e1vel, nem compat\u00edvel com os ditames previstos na Constitui\u00e7\u00e3o Federal, exigir do indiv\u00edduo a altera\u00e7\u00e3o nos mais diversos cadastros governamentais para, s\u00f3 ent\u00e3o, adotar a sua identidade de g\u00eanero na empresa&#8221;.<br><br>Tamb\u00e9m chama aten\u00e7\u00e3o para o fato de que, na extin\u00e7\u00e3o do contrato, a Atento manteve o nome civil na carta de recomenda\u00e7\u00e3o escrita em favor do empregado, indicando que a &#8220;postura discriminat\u00f3ria e transf\u00f3bica&#8221; n\u00e3o decorria somente do sistema. E entende que o programa de diversidade e inclus\u00e3o que a entidade mant\u00e9m n\u00e3o alcan\u00e7ar\u00e1 o objetivo proposto enquanto &#8220;entraves t\u00e9cnicos&#8221; forem utilizados como &#8220;desculpa para o desrespeito ao que h\u00e1 de mais elementar \u00e0 pessoa: o seu nome&#8221;.<br><br>Para fundamentar a decis\u00e3o, o julgador cita o Protocolo para Julgamento com Perspectiva de G\u00eanero do Conselho Nacional de Justi\u00e7a (CNJ) e a Conven\u00e7\u00e3o n\u00ba 190 para a elimina\u00e7\u00e3o da viol\u00eancia e do ass\u00e9dio no mundo do trabalho.<\/p>\n","protected":false},"excerpt":{"rendered":"<p>Senten\u00e7a proferida na 11\u00aa Vara do Trabalho da Zona Sul-SP condenou a Atento Brasil a pagar indeniza\u00e7\u00e3o por dano moral correspondente a 20 vezes o \u00faltimo sal\u00e1rio de um homem trans que era tratado pelo nome civil em vez do nome social. Para o juiz Gustavo Kiyoshi Fujinohara, a empresa deixou de garantir um local<br \/><a class=\"more-link\" href=\"https:\/\/justicapotiguar.com.br\/index.php\/2023\/05\/16\/justica-condena-empresa-que-deixou-de-tratar-empregado-trans-pelo-nome-social\/\">Mais&#8230;<\/a><\/p>\n","protected":false},"author":5,"featured_media":0,"comment_status":"open","ping_status":"open","sticky":false,"template":"","format":"standard","meta":[],"categories":[1],"tags":[],"_links":{"self":[{"href":"https:\/\/justicapotiguar.com.br\/index.php\/wp-json\/wp\/v2\/posts\/31831"}],"collection":[{"href":"https:\/\/justicapotiguar.com.br\/index.php\/wp-json\/wp\/v2\/posts"}],"about":[{"href":"https:\/\/justicapotiguar.com.br\/index.php\/wp-json\/wp\/v2\/types\/post"}],"author":[{"embeddable":true,"href":"https:\/\/justicapotiguar.com.br\/index.php\/wp-json\/wp\/v2\/users\/5"}],"replies":[{"embeddable":true,"href":"https:\/\/justicapotiguar.com.br\/index.php\/wp-json\/wp\/v2\/comments?post=31831"}],"version-history":[{"count":1,"href":"https:\/\/justicapotiguar.com.br\/index.php\/wp-json\/wp\/v2\/posts\/31831\/revisions"}],"predecessor-version":[{"id":31832,"href":"https:\/\/justicapotiguar.com.br\/index.php\/wp-json\/wp\/v2\/posts\/31831\/revisions\/31832"}],"wp:attachment":[{"href":"https:\/\/justicapotiguar.com.br\/index.php\/wp-json\/wp\/v2\/media?parent=31831"}],"wp:term":[{"taxonomy":"category","embeddable":true,"href":"https:\/\/justicapotiguar.com.br\/index.php\/wp-json\/wp\/v2\/categories?post=31831"},{"taxonomy":"post_tag","embeddable":true,"href":"https:\/\/justicapotiguar.com.br\/index.php\/wp-json\/wp\/v2\/tags?post=31831"}],"curies":[{"name":"wp","href":"https:\/\/api.w.org\/{rel}","templated":true}]}}