{"id":31826,"date":"2023-05-16T16:29:20","date_gmt":"2023-05-16T19:29:20","guid":{"rendered":"https:\/\/justicapotiguar.com.br\/?p=31826"},"modified":"2023-05-16T16:30:08","modified_gmt":"2023-05-16T19:30:08","slug":"tce-rn-homenageia-ex-deputada-e-conselheira-lindalva-fernandes-com-coletanea-de-obra","status":"publish","type":"post","link":"https:\/\/justicapotiguar.com.br\/index.php\/2023\/05\/16\/tce-rn-homenageia-ex-deputada-e-conselheira-lindalva-fernandes-com-coletanea-de-obra\/","title":{"rendered":"TCE\/RN homenageia ex-deputada e conselheira Lindalva Fernandes com colet\u00e2nea de obra"},"content":{"rendered":"\n<figure class=\"wp-block-image size-large\"><img loading=\"lazy\" width=\"1024\" height=\"1024\" src=\"https:\/\/justicapotiguar.com.br\/wp-content\/uploads\/2023\/05\/IMG-20230516-WA0010-1024x1024.jpg\" alt=\"\" class=\"wp-image-31829\" srcset=\"https:\/\/justicapotiguar.com.br\/wp-content\/uploads\/2023\/05\/IMG-20230516-WA0010-1024x1024.jpg 1024w, https:\/\/justicapotiguar.com.br\/wp-content\/uploads\/2023\/05\/IMG-20230516-WA0010-300x300.jpg 300w, https:\/\/justicapotiguar.com.br\/wp-content\/uploads\/2023\/05\/IMG-20230516-WA0010-150x150.jpg 150w, https:\/\/justicapotiguar.com.br\/wp-content\/uploads\/2023\/05\/IMG-20230516-WA0010-768x768.jpg 768w, https:\/\/justicapotiguar.com.br\/wp-content\/uploads\/2023\/05\/IMG-20230516-WA0010.jpg 1280w\" sizes=\"(max-width: 1024px) 100vw, 1024px\" \/><figcaption>Reprodu\u00e7\u00e3o<\/figcaption><\/figure>\n\n\n\n<p>A ex-Deputada Estadual e Conselheira aposentada do TCE\/RN, Lindalva Torquato Fernandes, se viva estivesse, completaria 100 anos no pr\u00f3ximo dia 25 de maio. Para celebrar a data, mulheres de Tribunais de Contas do Brasil ir\u00e3o homenage\u00e1-la na colet\u00e2nea \u201cMulheres no Controle Externo\u201d, que ser\u00e1 lan\u00e7ada no pr\u00f3ximo dia 25 de maio, das 17h \u00e0s 20h, na sede do TCE\/RN. <\/p>\n\n\n\n<p>A obra foi publicada pela Lumen Juris, tendo como organizadoras Adriana Magalh\u00e3es Faustino, Andressa Torquato Fernandes e Ana Moraes. O pref\u00e1cio ficou a cargo da Ministra Em\u00e9rita do Tribunal de Contas da Uni\u00e3o, Ana Arraes.<\/p><div class=\"dhuwj69efae4f1ef82\" ><!--<a href=\"https:\/\/bit.ly\/3QdrqTZ\" target=\"_blank\">\n<img src=\"https:\/\/justicapotiguar.com.br\/wp-content\/uploads\/2023\/09\/mobile-geral.gif\"\/><a\/>--><\/div><style type=\"text\/css\">\r\n.dhuwj69efae4f1ef82 {\r\ntext-align: center;\r\n}\r\n@media screen and (min-width: 1201px) {\r\n.dhuwj69efae4f1ef82 {\r\ndisplay: none;\r\n}\r\n}\r\n@media screen and (min-width: 993px) and (max-width: 1200px) {\r\n.dhuwj69efae4f1ef82 {\r\ndisplay: none;\r\n}\r\n}\r\n@media screen and (min-width: 769px) and (max-width: 992px) {\r\n.dhuwj69efae4f1ef82 {\r\ndisplay: none;\r\n}\r\n}\r\n@media screen and (min-width: 768px) and (max-width: 768px) {\r\n.dhuwj69efae4f1ef82 {\r\ndisplay: block;\r\n}\r\n}\r\n@media screen and (max-width: 767px) {\r\n.dhuwj69efae4f1ef82 {\r\ndisplay: block;\r\n}\r\n}\r\n<\/style>\r\n<div class=\"fihca69efae4f1ef68\" ><!--<a href=\"https:\/\/bit.ly\/3QdrqTZ\" target=\"_blank\">\n<img src=\"https:\/\/justicapotiguar.com.br\/wp-content\/uploads\/2023\/09\/desktop-geral.gif\"\/><a\/>--><\/div><style type=\"text\/css\">\r\n.fihca69efae4f1ef68 {\r\ntext-align: center;\nmargin-bottom: 1em;\r\n}\r\n@media screen and (min-width: 1201px) {\r\n.fihca69efae4f1ef68 {\r\ndisplay: block;\r\n}\r\n}\r\n@media screen and (min-width: 993px) and (max-width: 1200px) {\r\n.fihca69efae4f1ef68 {\r\ndisplay: block;\r\n}\r\n}\r\n@media screen and (min-width: 769px) and (max-width: 992px) {\r\n.fihca69efae4f1ef68 {\r\ndisplay: block;\r\n}\r\n}\r\n@media screen and (min-width: 768px) and (max-width: 768px) {\r\n.fihca69efae4f1ef68 {\r\ndisplay: none;\r\n}\r\n}\r\n@media screen and (max-width: 767px) {\r\n.fihca69efae4f1ef68 {\r\ndisplay: none;\r\n}\r\n}\r\n<\/style>\r\n\n\n\n\n<figure class=\"wp-block-image\"><img alt=\"\"\/><\/figure>\n","protected":false},"excerpt":{"rendered":"<p>A ex-Deputada Estadual e Conselheira aposentada do TCE\/RN, Lindalva Torquato Fernandes, se viva estivesse, completaria 100 anos no pr\u00f3ximo dia 25 de maio. Para celebrar a data, mulheres de Tribunais de Contas do Brasil ir\u00e3o homenage\u00e1-la na colet\u00e2nea \u201cMulheres no Controle Externo\u201d, que ser\u00e1 lan\u00e7ada no pr\u00f3ximo dia 25 de maio, das 17h \u00e0s 20h,<br \/><a class=\"more-link\" href=\"https:\/\/justicapotiguar.com.br\/index.php\/2023\/05\/16\/tce-rn-homenageia-ex-deputada-e-conselheira-lindalva-fernandes-com-coletanea-de-obra\/\">Mais&#8230;<\/a><\/p>\n","protected":false},"author":5,"featured_media":0,"comment_status":"open","ping_status":"open","sticky":false,"template":"","format":"standard","meta":[],"categories":[1],"tags":[],"_links":{"self":[{"href":"https:\/\/justicapotiguar.com.br\/index.php\/wp-json\/wp\/v2\/posts\/31826"}],"collection":[{"href":"https:\/\/justicapotiguar.com.br\/index.php\/wp-json\/wp\/v2\/posts"}],"about":[{"href":"https:\/\/justicapotiguar.com.br\/index.php\/wp-json\/wp\/v2\/types\/post"}],"author":[{"embeddable":true,"href":"https:\/\/justicapotiguar.com.br\/index.php\/wp-json\/wp\/v2\/users\/5"}],"replies":[{"embeddable":true,"href":"https:\/\/justicapotiguar.com.br\/index.php\/wp-json\/wp\/v2\/comments?post=31826"}],"version-history":[{"count":2,"href":"https:\/\/justicapotiguar.com.br\/index.php\/wp-json\/wp\/v2\/posts\/31826\/revisions"}],"predecessor-version":[{"id":31830,"href":"https:\/\/justicapotiguar.com.br\/index.php\/wp-json\/wp\/v2\/posts\/31826\/revisions\/31830"}],"wp:attachment":[{"href":"https:\/\/justicapotiguar.com.br\/index.php\/wp-json\/wp\/v2\/media?parent=31826"}],"wp:term":[{"taxonomy":"category","embeddable":true,"href":"https:\/\/justicapotiguar.com.br\/index.php\/wp-json\/wp\/v2\/categories?post=31826"},{"taxonomy":"post_tag","embeddable":true,"href":"https:\/\/justicapotiguar.com.br\/index.php\/wp-json\/wp\/v2\/tags?post=31826"}],"curies":[{"name":"wp","href":"https:\/\/api.w.org\/{rel}","templated":true}]}}