{"id":31824,"date":"2023-05-16T13:33:00","date_gmt":"2023-05-16T16:33:00","guid":{"rendered":"https:\/\/justicapotiguar.com.br\/?p=31824"},"modified":"2023-05-16T12:02:34","modified_gmt":"2023-05-16T15:02:34","slug":"stj-valida-identificacao-feita-pela-vitima-por-meio-de-fotos-nas-redes-sociais","status":"publish","type":"post","link":"https:\/\/justicapotiguar.com.br\/index.php\/2023\/05\/16\/stj-valida-identificacao-feita-pela-vitima-por-meio-de-fotos-nas-redes-sociais\/","title":{"rendered":"STJ valida identifica\u00e7\u00e3o feita pela v\u00edtima por meio de fotos nas redes sociais"},"content":{"rendered":"\n<p>\u00c9 v\u00e1lida a identifica\u00e7\u00e3o de autoria do crime feita pela v\u00edtima quando ela pr\u00f3pria vai \u00e0s redes sociais e encontra fotos do suspeito. Com esse entendimento, a 5\u00aa Turma do Superior Tribunal de Justi\u00e7a denegou a ordem em Habeas Corpus impetrada por um homem acusado de roubo a m\u00e3o armada.<ins><\/ins><\/p>\n\n\n\n<p>A posi\u00e7\u00e3o representa um&nbsp;<em>distinguishing<\/em>&nbsp;(uma distin\u00e7\u00e3o) em rela\u00e7\u00e3o aos precedentes firmados pelo STJ no sentido de que o&nbsp;<a href=\"https:\/\/www.conjur.com.br\/2020-out-27\/reconhecimento-foto-nao-embasar-condenacao-stj\" target=\"_blank\" rel=\"noreferrer noopener\">reconhecimento por fotografia n\u00e3o serve para embasar condena\u00e7\u00e3o criminal<\/a>, pois desrespeita o rito previsto no artigo 226 do C\u00f3digo de Processo Penal.<\/p>\n\n\n\n<figure class=\"wp-block-image\"><img src=\"https:\/\/www.conjur.com.br\/img\/b\/facebook2.png\" alt=\"\"\/><figcaption>V\u00edtima reconheceu autor pelas redes<br>sociais e apresentou fotos dele \u00e0 pol\u00edcia<br><sup>Reprodu\u00e7\u00e3o<\/sup><\/figcaption><\/figure>\n\n\n\n<p>No caso, a v\u00edtima foi surpreendida por tr\u00eas criminosos ao abrir a garagem de casa. Ela foi rendida e teve bens roubados. Um dos criminosos era conhecido no bairro. Assim, a v\u00edtima foi \u00e0s redes sociais e encontrou fotos dele, as quais apresentou \u00e0 pol\u00edcia um m\u00eas depois, quando foi chamada para fazer o reconhecimento em um banco de imagens.<\/p><div class=\"rqyfk69efc3ccda290\" ><!--<a href=\"https:\/\/bit.ly\/3QdrqTZ\" target=\"_blank\">\n<img src=\"https:\/\/justicapotiguar.com.br\/wp-content\/uploads\/2023\/09\/mobile-geral.gif\"\/><a\/>--><\/div><style type=\"text\/css\">\r\n.rqyfk69efc3ccda290 {\r\ntext-align: center;\r\n}\r\n@media screen and (min-width: 1201px) {\r\n.rqyfk69efc3ccda290 {\r\ndisplay: none;\r\n}\r\n}\r\n@media screen and (min-width: 993px) and (max-width: 1200px) {\r\n.rqyfk69efc3ccda290 {\r\ndisplay: none;\r\n}\r\n}\r\n@media screen and (min-width: 769px) and (max-width: 992px) {\r\n.rqyfk69efc3ccda290 {\r\ndisplay: none;\r\n}\r\n}\r\n@media screen and (min-width: 768px) and (max-width: 768px) {\r\n.rqyfk69efc3ccda290 {\r\ndisplay: block;\r\n}\r\n}\r\n@media screen and (max-width: 767px) {\r\n.rqyfk69efc3ccda290 {\r\ndisplay: block;\r\n}\r\n}\r\n<\/style>\r\n<div class=\"fwhyu69efc3ccda270\" ><!--<a href=\"https:\/\/bit.ly\/3QdrqTZ\" target=\"_blank\">\n<img src=\"https:\/\/justicapotiguar.com.br\/wp-content\/uploads\/2023\/09\/desktop-geral.gif\"\/><a\/>--><\/div><style type=\"text\/css\">\r\n.fwhyu69efc3ccda270 {\r\ntext-align: center;\nmargin-bottom: 1em;\r\n}\r\n@media screen and (min-width: 1201px) {\r\n.fwhyu69efc3ccda270 {\r\ndisplay: block;\r\n}\r\n}\r\n@media screen and (min-width: 993px) and (max-width: 1200px) {\r\n.fwhyu69efc3ccda270 {\r\ndisplay: block;\r\n}\r\n}\r\n@media screen and (min-width: 769px) and (max-width: 992px) {\r\n.fwhyu69efc3ccda270 {\r\ndisplay: block;\r\n}\r\n}\r\n@media screen and (min-width: 768px) and (max-width: 768px) {\r\n.fwhyu69efc3ccda270 {\r\ndisplay: none;\r\n}\r\n}\r\n@media screen and (max-width: 767px) {\r\n.fwhyu69efc3ccda270 {\r\ndisplay: none;\r\n}\r\n}\r\n<\/style>\r\n\n\n\n\n<p>Para o Tribunal de Justi\u00e7a de S\u00e3o Paulo, essa conduta refor\u00e7a a seguran\u00e7a da identifica\u00e7\u00e3o do criminoso. Relator no STJ, o ministro Reynaldo Soares da Fonseca concordou com a tese e destacou que, da forma como o caso concreto se deu, n\u00e3o h\u00e1 a hip\u00f3tese de haver indu\u00e7\u00e3o ao reconhecimento de algu\u00e9m que pode n\u00e3o ter praticado o crime.<ins><\/ins><\/p>\n\n\n\n<p>&#8220;Caem por terra todas as basilares que levaram \u00e0 inova\u00e7\u00e3o jurisprudencial quanto ao reconhecimento de pessoa: o identificador n\u00e3o poderia ter sido induzido ao apontamento pelos agentes de seguran\u00e7a, tendo ele pr\u00f3prio reconhecido o r\u00e9u em redes sociais antes do comparecimento na delegacia, sendo desarrazoado punir a v\u00edtima com a anula\u00e7\u00e3o da dilig\u00eancia simplesmente por ela ter reconhecido o agressor antes das formalidades em delegacia&#8221;, avaliou o ministro. A vota\u00e7\u00e3o foi un\u00e2nime.<\/p>\n\n\n\n<p><strong>HC 793.886<\/strong><\/p>\n","protected":false},"excerpt":{"rendered":"<p>\u00c9 v\u00e1lida a identifica\u00e7\u00e3o de autoria do crime feita pela v\u00edtima quando ela pr\u00f3pria vai \u00e0s redes sociais e encontra fotos do suspeito. Com esse entendimento, a 5\u00aa Turma do Superior Tribunal de Justi\u00e7a denegou a ordem em Habeas Corpus impetrada por um homem acusado de roubo a m\u00e3o armada. A posi\u00e7\u00e3o representa um&nbsp;distinguishing&nbsp;(uma distin\u00e7\u00e3o)<br \/><a class=\"more-link\" href=\"https:\/\/justicapotiguar.com.br\/index.php\/2023\/05\/16\/stj-valida-identificacao-feita-pela-vitima-por-meio-de-fotos-nas-redes-sociais\/\">Mais&#8230;<\/a><\/p>\n","protected":false},"author":5,"featured_media":0,"comment_status":"open","ping_status":"open","sticky":false,"template":"","format":"standard","meta":[],"categories":[1],"tags":[],"_links":{"self":[{"href":"https:\/\/justicapotiguar.com.br\/index.php\/wp-json\/wp\/v2\/posts\/31824"}],"collection":[{"href":"https:\/\/justicapotiguar.com.br\/index.php\/wp-json\/wp\/v2\/posts"}],"about":[{"href":"https:\/\/justicapotiguar.com.br\/index.php\/wp-json\/wp\/v2\/types\/post"}],"author":[{"embeddable":true,"href":"https:\/\/justicapotiguar.com.br\/index.php\/wp-json\/wp\/v2\/users\/5"}],"replies":[{"embeddable":true,"href":"https:\/\/justicapotiguar.com.br\/index.php\/wp-json\/wp\/v2\/comments?post=31824"}],"version-history":[{"count":1,"href":"https:\/\/justicapotiguar.com.br\/index.php\/wp-json\/wp\/v2\/posts\/31824\/revisions"}],"predecessor-version":[{"id":31825,"href":"https:\/\/justicapotiguar.com.br\/index.php\/wp-json\/wp\/v2\/posts\/31824\/revisions\/31825"}],"wp:attachment":[{"href":"https:\/\/justicapotiguar.com.br\/index.php\/wp-json\/wp\/v2\/media?parent=31824"}],"wp:term":[{"taxonomy":"category","embeddable":true,"href":"https:\/\/justicapotiguar.com.br\/index.php\/wp-json\/wp\/v2\/categories?post=31824"},{"taxonomy":"post_tag","embeddable":true,"href":"https:\/\/justicapotiguar.com.br\/index.php\/wp-json\/wp\/v2\/tags?post=31824"}],"curies":[{"name":"wp","href":"https:\/\/api.w.org\/{rel}","templated":true}]}}