{"id":31822,"date":"2023-05-16T12:48:00","date_gmt":"2023-05-16T15:48:00","guid":{"rendered":"https:\/\/justicapotiguar.com.br\/?p=31822"},"modified":"2023-05-16T11:52:12","modified_gmt":"2023-05-16T14:52:12","slug":"stf-barroso-libera-pagamento-do-piso-nacional-da-enfermagem-de-r-4-75000","status":"publish","type":"post","link":"https:\/\/justicapotiguar.com.br\/index.php\/2023\/05\/16\/stf-barroso-libera-pagamento-do-piso-nacional-da-enfermagem-de-r-4-75000\/","title":{"rendered":"STF: Barroso libera pagamento do piso nacional da enfermagem de R$ 4.750,00"},"content":{"rendered":"\n<p>Ministro Lu\u00eds Roberto Barroso, do STF, restabeleceu o piso salarial nacional de enfermeiro, t\u00e9cnico de enfermagem, auxiliar de enfermagem e parteira, mas ressaltou que os valores devem ser pagos por Estados, munic\u00edpios e autarquias somente nos limites dos recursos repassados pela Uni\u00e3o. J\u00e1 no caso dos profissionais da iniciativa privada, o ministro previu a possibilidade de negocia\u00e7\u00e3o coletiva.<\/p>\n\n\n\n<p>Para o setor p\u00fablico, o in\u00edcio dos pagamentos deve observar a portaria 597 do minist\u00e9rio da Sa\u00fade. J\u00e1 no setor privado, os valores devem ser pagos pelos dias trabalhados a partir do 1\u00ba de julho de 2023.<\/p>\n\n\n\n<p>A decis\u00e3o, que vai a referendo no plen\u00e1rio virtual na sess\u00e3o que se inicia em 19 de maio, foi tomada no \u00e2mbito da ADIn 7.222, proposta pela CNSa\u00fade &#8211; Confedera\u00e7\u00e3o Nacional de Sa\u00fade, Hospitais e Estabelecimentos e Servi\u00e7os. O ministro revogou parcialmente a liminar que suspendia o piso, mas o trecho da lei 14.434\/22 que impedia negocia\u00e7\u00e3o coletiva em qualquer situa\u00e7\u00e3o segue suspenso.<\/p>\n\n\n\n<p>Fonte de custeio<\/p>\n\n\n\n<figure class=\"wp-block-image size-large\"><img loading=\"lazy\" width=\"880\" height=\"451\" src=\"https:\/\/justicapotiguar.com.br\/wp-content\/uploads\/2022\/08\/enfermeiro.jpg\" alt=\"\" class=\"wp-image-27633\" srcset=\"https:\/\/justicapotiguar.com.br\/wp-content\/uploads\/2022\/08\/enfermeiro.jpg 880w, https:\/\/justicapotiguar.com.br\/wp-content\/uploads\/2022\/08\/enfermeiro-300x154.jpg 300w, https:\/\/justicapotiguar.com.br\/wp-content\/uploads\/2022\/08\/enfermeiro-768x394.jpg 768w\" sizes=\"(max-width: 880px) 100vw, 880px\" \/><figcaption>Ilustrativa<\/figcaption><\/figure>\n\n\n\n<p>A lei que prev\u00ea o piso estava suspensa por decis\u00e3o do plen\u00e1rio, que referendou a liminar concedida pelo relator sob argumento de aus\u00eancia de indica\u00e7\u00e3o da fonte de custeio e dos impactos da altera\u00e7\u00e3o legislativa sobre a situa\u00e7\u00e3o financeira de Estados e munic\u00edpios, al\u00e9m de riscos para empregabilidade e para a qualidade dos servi\u00e7os de sa\u00fade.<\/p>\n\n\n\n<p>Ap\u00f3s o referendo pelo plen\u00e1rio, o Congresso Nacional aprovou a EC 127\/22, prevendo competir \u00e0 Uni\u00e3o prestar assist\u00eancia financeira aos entes subnacionais para o cumprimento dos pisos salariais. Posteriormente, foi editada a lei 14.518\/23, que abre cr\u00e9dito especial ao or\u00e7amento da Uni\u00e3o, no valor de R$ 7,3 bilh\u00f5es, para atendimento a essa programa\u00e7\u00e3o espec\u00edfica.<\/p>\n\n\n\n<p>Para o ministro, foi poss\u00edvel liberar o pagamento do piso em raz\u00e3o desse aporte. &#8220;Verifica-se que a medida cautelar deferida nestes autos cumpriu parte do seu prop\u00f3sito, j\u00e1 que mobilizou os Poderes Executivo e Legislativo a destinarem os recursos necess\u00e1rios para custeio do piso salarial pelos entes subnacionais e entidades filantr\u00f3picas&#8221;, afirmou.<\/p>\n\n\n\n<p>&#8220;Nesse cen\u00e1rio, a situa\u00e7\u00e3o aqui analisada torna-se mais pr\u00f3xima \u00e0 de outros pisos salariais nacionais aplic\u00e1veis a servidores p\u00fablicos que tiveram a sua constitucionalidade reconhecida pelo STF.&#8221;<\/p>\n\n\n\n<p>Ressalvas<\/p><div class=\"jgmqf69efae4e8e4a7\" ><!--<a href=\"https:\/\/bit.ly\/3QdrqTZ\" target=\"_blank\">\n<img src=\"https:\/\/justicapotiguar.com.br\/wp-content\/uploads\/2023\/09\/mobile-geral.gif\"\/><a\/>--><\/div><style type=\"text\/css\">\r\n.jgmqf69efae4e8e4a7 {\r\ntext-align: center;\r\n}\r\n@media screen and (min-width: 1201px) {\r\n.jgmqf69efae4e8e4a7 {\r\ndisplay: none;\r\n}\r\n}\r\n@media screen and (min-width: 993px) and (max-width: 1200px) {\r\n.jgmqf69efae4e8e4a7 {\r\ndisplay: none;\r\n}\r\n}\r\n@media screen and (min-width: 769px) and (max-width: 992px) {\r\n.jgmqf69efae4e8e4a7 {\r\ndisplay: none;\r\n}\r\n}\r\n@media screen and (min-width: 768px) and (max-width: 768px) {\r\n.jgmqf69efae4e8e4a7 {\r\ndisplay: block;\r\n}\r\n}\r\n@media screen and (max-width: 767px) {\r\n.jgmqf69efae4e8e4a7 {\r\ndisplay: block;\r\n}\r\n}\r\n<\/style>\r\n<div class=\"teafp69efae4e8e487\" ><!--<a href=\"https:\/\/bit.ly\/3QdrqTZ\" target=\"_blank\">\n<img src=\"https:\/\/justicapotiguar.com.br\/wp-content\/uploads\/2023\/09\/desktop-geral.gif\"\/><a\/>--><\/div><style type=\"text\/css\">\r\n.teafp69efae4e8e487 {\r\ntext-align: center;\nmargin-bottom: 1em;\r\n}\r\n@media screen and (min-width: 1201px) {\r\n.teafp69efae4e8e487 {\r\ndisplay: block;\r\n}\r\n}\r\n@media screen and (min-width: 993px) and (max-width: 1200px) {\r\n.teafp69efae4e8e487 {\r\ndisplay: block;\r\n}\r\n}\r\n@media screen and (min-width: 769px) and (max-width: 992px) {\r\n.teafp69efae4e8e487 {\r\ndisplay: block;\r\n}\r\n}\r\n@media screen and (min-width: 768px) and (max-width: 768px) {\r\n.teafp69efae4e8e487 {\r\ndisplay: none;\r\n}\r\n}\r\n@media screen and (max-width: 767px) {\r\n.teafp69efae4e8e487 {\r\ndisplay: none;\r\n}\r\n}\r\n<\/style>\r\n\n\n\n\n<p>Barroso observou, contudo, que o valor de R$ 7,3 bilh\u00f5es reservado pela Uni\u00e3o n\u00e3o parece ser capaz de custear a integralidade dos recursos necess\u00e1rios para implementa\u00e7\u00e3o do piso salarial. Informa\u00e7\u00f5es constantes dos autos d\u00e3o conta de que o impacto financeiro da implementa\u00e7\u00e3o, no primeiro ano, seria de R$ 10,5 bilh\u00f5es somente para os munic\u00edpios.<\/p>\n\n\n\n<p>De acordo com o ministro, a lei Federal n\u00e3o pode impor piso salarial a Estados e munic\u00edpios sem aportar integralmente os recursos necess\u00e1rios para cobrir a diferen\u00e7a remunerat\u00f3ria, sob pena de comprometer sua autonomia financeira, violando o princ\u00edpio federativo, que \u00e9 cl\u00e1usula p\u00e9trea da Constitui\u00e7\u00e3o.<\/p>\n\n\n\n<p>Assim, em rela\u00e7\u00e3o aos Estados, ao DF e aos munic\u00edpios, bem como \u00e0s entidades privadas que atendam, no m\u00ednimo, 60% de seus pacientes pelo SUS, o relator fixou que a obrigatoriedade do piso s\u00f3 existe no limite dos recursos recebidos da Uni\u00e3o, n\u00e3o impedindo que entes que tiverem essa possibilidade arquem com a implementa\u00e7\u00e3o.<\/p>\n\n\n\n<p>Outro aspecto levantado pelo ministro Barroso \u00e9 que, a seu ver, o financiamento Federal n\u00e3o atenua o impacto sofrido pelo setor privado.<\/p>\n\n\n\n<p>&#8220;Subsistem os riscos dos efeitos nocivos mencionados na medida cautelar: a probabilidade de demiss\u00f5es em massa de profissionais da enfermagem, notadamente no setor privado, e o preju\u00edzo \u00e0 manuten\u00e7\u00e3o da oferta de leitos e demais servi\u00e7os hospitalares.&#8221;<\/p>\n\n\n\n<p>No entanto, o ministro considerou que n\u00e3o beneficiar os profissionais das empresas privadas geraria questionamentos quanto ao princ\u00edpio da igualdade. Dessa forma, ressalvou da decis\u00e3o a possibilidade de negocia\u00e7\u00f5es coletivas, al\u00e9m de dar prazo maior para produ\u00e7\u00e3o de efeitos da decis\u00e3o, a partir de 1\u00ba de julho de 2023.<\/p>\n\n\n\n<p>A liminar foi revogada parcialmente porque a lei que instituiu o piso impossibilitava acordos coletivos para pagamento abaixo do piso, o que foi mantido no caso da iniciativa privada.<\/p>\n\n\n\n<p>Processo: ADIn 7.222<br>Leia a \u00edntegra da decis\u00e3o.<\/p>\n\n\n\n<p><\/p>\n","protected":false},"excerpt":{"rendered":"<p>Ministro Lu\u00eds Roberto Barroso, do STF, restabeleceu o piso salarial nacional de enfermeiro, t\u00e9cnico de enfermagem, auxiliar de enfermagem e parteira, mas ressaltou que os valores devem ser pagos por Estados, munic\u00edpios e autarquias somente nos limites dos recursos repassados pela Uni\u00e3o. J\u00e1 no caso dos profissionais da iniciativa privada, o ministro previu a possibilidade<br \/><a class=\"more-link\" href=\"https:\/\/justicapotiguar.com.br\/index.php\/2023\/05\/16\/stf-barroso-libera-pagamento-do-piso-nacional-da-enfermagem-de-r-4-75000\/\">Mais&#8230;<\/a><\/p>\n","protected":false},"author":5,"featured_media":0,"comment_status":"open","ping_status":"open","sticky":false,"template":"","format":"standard","meta":[],"categories":[1],"tags":[],"_links":{"self":[{"href":"https:\/\/justicapotiguar.com.br\/index.php\/wp-json\/wp\/v2\/posts\/31822"}],"collection":[{"href":"https:\/\/justicapotiguar.com.br\/index.php\/wp-json\/wp\/v2\/posts"}],"about":[{"href":"https:\/\/justicapotiguar.com.br\/index.php\/wp-json\/wp\/v2\/types\/post"}],"author":[{"embeddable":true,"href":"https:\/\/justicapotiguar.com.br\/index.php\/wp-json\/wp\/v2\/users\/5"}],"replies":[{"embeddable":true,"href":"https:\/\/justicapotiguar.com.br\/index.php\/wp-json\/wp\/v2\/comments?post=31822"}],"version-history":[{"count":1,"href":"https:\/\/justicapotiguar.com.br\/index.php\/wp-json\/wp\/v2\/posts\/31822\/revisions"}],"predecessor-version":[{"id":31823,"href":"https:\/\/justicapotiguar.com.br\/index.php\/wp-json\/wp\/v2\/posts\/31822\/revisions\/31823"}],"wp:attachment":[{"href":"https:\/\/justicapotiguar.com.br\/index.php\/wp-json\/wp\/v2\/media?parent=31822"}],"wp:term":[{"taxonomy":"category","embeddable":true,"href":"https:\/\/justicapotiguar.com.br\/index.php\/wp-json\/wp\/v2\/categories?post=31822"},{"taxonomy":"post_tag","embeddable":true,"href":"https:\/\/justicapotiguar.com.br\/index.php\/wp-json\/wp\/v2\/tags?post=31822"}],"curies":[{"name":"wp","href":"https:\/\/api.w.org\/{rel}","templated":true}]}}