{"id":31820,"date":"2023-05-16T11:48:09","date_gmt":"2023-05-16T14:48:09","guid":{"rendered":"https:\/\/justicapotiguar.com.br\/?p=31820"},"modified":"2023-05-16T11:48:09","modified_gmt":"2023-05-16T14:48:09","slug":"estado-tera-que-efetivar-promocao-vertical-de-professor","status":"publish","type":"post","link":"https:\/\/justicapotiguar.com.br\/index.php\/2023\/05\/16\/estado-tera-que-efetivar-promocao-vertical-de-professor\/","title":{"rendered":"Estado ter\u00e1 que efetivar promo\u00e7\u00e3o vertical de professor"},"content":{"rendered":"\n<figure class=\"wp-block-image size-large\"><img loading=\"lazy\" width=\"984\" height=\"738\" src=\"https:\/\/justicapotiguar.com.br\/wp-content\/uploads\/2019\/09\/professores.jpeg\" alt=\"\" class=\"wp-image-2397\" srcset=\"https:\/\/justicapotiguar.com.br\/wp-content\/uploads\/2019\/09\/professores.jpeg 984w, https:\/\/justicapotiguar.com.br\/wp-content\/uploads\/2019\/09\/professores-300x225.jpeg 300w, https:\/\/justicapotiguar.com.br\/wp-content\/uploads\/2019\/09\/professores-768x576.jpeg 768w\" sizes=\"(max-width: 984px) 100vw, 984px\" \/><figcaption>Ilustrativa<\/figcaption><\/figure>\n\n\n\n<p>Os desembargadores do TJRN determinaram que o Estado, por meio da Secretaria de Administra\u00e7\u00e3o, efetive a promo\u00e7\u00e3o vertical de uma servidora, que concluiu o curso de Mestrado em Ci\u00eancias Sociais, para o N\u00edvel V, no Cargo de Professor Permanente do Magist\u00e9rio Estadual, com efeitos financeiros a partir da impetra\u00e7\u00e3o do atual mandado de seguran\u00e7a, apreciado pela Corte. Segundo os autos, a autora do MS entrou em exerc\u00edcio no cargo de professor em 5 de mar\u00e7o de 2015 e que, em 25 de abril de 2018, formulou requerimento administrativo, o qual n\u00e3o foi apreciado pela pasta no \u00f3rg\u00e3o do Executivo.<\/p>\n\n\n\n<p>De acordo com a decis\u00e3o, o comprovante de conclus\u00e3o do Mestrado \u00e9 o demonstrativo do cumprimento do requisito legal previsto na norma, tendo, por isso, solicitado a progress\u00e3o devida, sem que tenha obtido qualquer pronunciamento, em acordo com os ditames da Lei Estadual n\u00ba 322\/2006.<\/p>\n\n\n\n<p>\u201cCumpre ressaltar que a progress\u00e3o vertical por titula\u00e7\u00e3o prescinde da exist\u00eancia de vagas e dota\u00e7\u00e3o or\u00e7ament\u00e1ria, segundo o sedimentado entendimento do Tribunal de Justi\u00e7a\u201d, esclarece o relator, desembargador Gilson Barbosa.<\/p><div class=\"cxqfk69efadfdd4642\" ><!--<a href=\"https:\/\/bit.ly\/3QdrqTZ\" target=\"_blank\">\n<img src=\"https:\/\/justicapotiguar.com.br\/wp-content\/uploads\/2023\/09\/mobile-geral.gif\"\/><a\/>--><\/div><style type=\"text\/css\">\r\n.cxqfk69efadfdd4642 {\r\ntext-align: center;\r\n}\r\n@media screen and (min-width: 1201px) {\r\n.cxqfk69efadfdd4642 {\r\ndisplay: none;\r\n}\r\n}\r\n@media screen and (min-width: 993px) and (max-width: 1200px) {\r\n.cxqfk69efadfdd4642 {\r\ndisplay: none;\r\n}\r\n}\r\n@media screen and (min-width: 769px) and (max-width: 992px) {\r\n.cxqfk69efadfdd4642 {\r\ndisplay: none;\r\n}\r\n}\r\n@media screen and (min-width: 768px) and (max-width: 768px) {\r\n.cxqfk69efadfdd4642 {\r\ndisplay: block;\r\n}\r\n}\r\n@media screen and (max-width: 767px) {\r\n.cxqfk69efadfdd4642 {\r\ndisplay: block;\r\n}\r\n}\r\n<\/style>\r\n<div class=\"ezxix69efadfdd4627\" ><!--<a href=\"https:\/\/bit.ly\/3QdrqTZ\" target=\"_blank\">\n<img src=\"https:\/\/justicapotiguar.com.br\/wp-content\/uploads\/2023\/09\/desktop-geral.gif\"\/><a\/>--><\/div><style type=\"text\/css\">\r\n.ezxix69efadfdd4627 {\r\ntext-align: center;\nmargin-bottom: 1em;\r\n}\r\n@media screen and (min-width: 1201px) {\r\n.ezxix69efadfdd4627 {\r\ndisplay: block;\r\n}\r\n}\r\n@media screen and (min-width: 993px) and (max-width: 1200px) {\r\n.ezxix69efadfdd4627 {\r\ndisplay: block;\r\n}\r\n}\r\n@media screen and (min-width: 769px) and (max-width: 992px) {\r\n.ezxix69efadfdd4627 {\r\ndisplay: block;\r\n}\r\n}\r\n@media screen and (min-width: 768px) and (max-width: 768px) {\r\n.ezxix69efadfdd4627 {\r\ndisplay: none;\r\n}\r\n}\r\n@media screen and (max-width: 767px) {\r\n.ezxix69efadfdd4627 {\r\ndisplay: none;\r\n}\r\n}\r\n<\/style>\r\n\n\n\n\n<p>Conforme a decis\u00e3o, o pr\u00f3prio Superior Tribunal de Justi\u00e7a, no Recurso Especial Repetitivo n\u00ba 1878849\/TO (Tema 1.075) decidiu que \u00e9 ilegal o ato de n\u00e3o concess\u00e3o de progress\u00e3o funcional de servidor p\u00fablico, quando atendidos todos os requisitos legais, a despeito de superados os limites or\u00e7ament\u00e1rios previstos na Lei de Responsabilidade Fiscal, referentes a gastos com pessoal de ente p\u00fablico.<\/p>\n\n\n\n<p>Tal entendimento, conforme as Cortes superiores, se d\u00e1 pelo fato de que a progress\u00e3o \u00e9 direito subjetivo do servidor p\u00fablico, decorrente de determina\u00e7\u00e3o legal, estando compreendida na exce\u00e7\u00e3o prevista no inciso I do par\u00e1grafo \u00fanico do artigo 22 da Lei Complementar 101\/2000.<\/p>\n","protected":false},"excerpt":{"rendered":"<p>Os desembargadores do TJRN determinaram que o Estado, por meio da Secretaria de Administra\u00e7\u00e3o, efetive a promo\u00e7\u00e3o vertical de uma servidora, que concluiu o curso de Mestrado em Ci\u00eancias Sociais, para o N\u00edvel V, no Cargo de Professor Permanente do Magist\u00e9rio Estadual, com efeitos financeiros a partir da impetra\u00e7\u00e3o do atual mandado de seguran\u00e7a, apreciado<br \/><a class=\"more-link\" href=\"https:\/\/justicapotiguar.com.br\/index.php\/2023\/05\/16\/estado-tera-que-efetivar-promocao-vertical-de-professor\/\">Mais&#8230;<\/a><\/p>\n","protected":false},"author":5,"featured_media":0,"comment_status":"open","ping_status":"open","sticky":false,"template":"","format":"standard","meta":[],"categories":[1],"tags":[],"_links":{"self":[{"href":"https:\/\/justicapotiguar.com.br\/index.php\/wp-json\/wp\/v2\/posts\/31820"}],"collection":[{"href":"https:\/\/justicapotiguar.com.br\/index.php\/wp-json\/wp\/v2\/posts"}],"about":[{"href":"https:\/\/justicapotiguar.com.br\/index.php\/wp-json\/wp\/v2\/types\/post"}],"author":[{"embeddable":true,"href":"https:\/\/justicapotiguar.com.br\/index.php\/wp-json\/wp\/v2\/users\/5"}],"replies":[{"embeddable":true,"href":"https:\/\/justicapotiguar.com.br\/index.php\/wp-json\/wp\/v2\/comments?post=31820"}],"version-history":[{"count":1,"href":"https:\/\/justicapotiguar.com.br\/index.php\/wp-json\/wp\/v2\/posts\/31820\/revisions"}],"predecessor-version":[{"id":31821,"href":"https:\/\/justicapotiguar.com.br\/index.php\/wp-json\/wp\/v2\/posts\/31820\/revisions\/31821"}],"wp:attachment":[{"href":"https:\/\/justicapotiguar.com.br\/index.php\/wp-json\/wp\/v2\/media?parent=31820"}],"wp:term":[{"taxonomy":"category","embeddable":true,"href":"https:\/\/justicapotiguar.com.br\/index.php\/wp-json\/wp\/v2\/categories?post=31820"},{"taxonomy":"post_tag","embeddable":true,"href":"https:\/\/justicapotiguar.com.br\/index.php\/wp-json\/wp\/v2\/tags?post=31820"}],"curies":[{"name":"wp","href":"https:\/\/api.w.org\/{rel}","templated":true}]}}