{"id":31814,"date":"2023-05-16T09:51:00","date_gmt":"2023-05-16T12:51:00","guid":{"rendered":"https:\/\/justicapotiguar.com.br\/?p=31814"},"modified":"2023-05-15T22:59:21","modified_gmt":"2023-05-16T01:59:21","slug":"juri-de-acusados-de-homicidio-tem-transferencia-autorizada-para-natal","status":"publish","type":"post","link":"https:\/\/justicapotiguar.com.br\/index.php\/2023\/05\/16\/juri-de-acusados-de-homicidio-tem-transferencia-autorizada-para-natal\/","title":{"rendered":"J\u00fari de acusados de homic\u00eddio tem transfer\u00eancia autorizada para Natal"},"content":{"rendered":"\n<figure class=\"wp-block-image size-large\"><img loading=\"lazy\" width=\"620\" height=\"411\" src=\"https:\/\/justicapotiguar.com.br\/wp-content\/uploads\/2019\/08\/juri-popular-advogados-criminais.jpg\" alt=\"\" class=\"wp-image-1196\" srcset=\"https:\/\/justicapotiguar.com.br\/wp-content\/uploads\/2019\/08\/juri-popular-advogados-criminais.jpg 620w, https:\/\/justicapotiguar.com.br\/wp-content\/uploads\/2019\/08\/juri-popular-advogados-criminais-300x199.jpg 300w\" sizes=\"(max-width: 620px) 100vw, 620px\" \/><figcaption>Reprodu\u00e7\u00e3o<\/figcaption><\/figure>\n\n\n\n<p>Ao julgar um pedido de desaforamento de j\u00fari popular, os desembargadores do Pleno do TJRN consideraram que existe a presen\u00e7a dos requisitos do artigo 427 do C\u00f3digo de Processo Penal, bem como precedentes da Corte de Justi\u00e7a potiguar, e autorizaram o deslocamento do j\u00fari popular da Comarca de S\u00e3o Paulo do Potengi para a de Natal, de dois homens acusados de homic\u00eddio qualificado na forma tentada, diante do comprometimento da imparcialidade do j\u00fari popular.<\/p>\n\n\n\n<p>Segundo o Minist\u00e9rio P\u00fablico, existe \u201cd\u00favida razo\u00e1vel\u201d a respeito da imparcialidade dos jurados, naquela localidade, diante da periculosidade dos r\u00e9us, os quais seriam bastante conhecidos e temidos naquela regi\u00e3o. Segundo o dispositivo seguido pelos julgadores de segunda inst\u00e2ncia, se existir a d\u00favida sobre a imparcialidade do j\u00fari ou a seguran\u00e7a pessoal do acusado, o Tribunal, a requerimento do Minist\u00e9rio P\u00fablico, do assistente, do querelante ou do acusado ou ainda mediante representa\u00e7\u00e3o do juiz competente, poder\u00e1 determinar o desaforamento do julgamento para outra comarca da mesma regi\u00e3o, onde n\u00e3o existam aqueles motivos, preferindo-se as mais pr\u00f3ximas.<\/p><div class=\"zxaux69efadfd4dd6c\" ><!--<a href=\"https:\/\/bit.ly\/3QdrqTZ\" target=\"_blank\">\n<img src=\"https:\/\/justicapotiguar.com.br\/wp-content\/uploads\/2023\/09\/mobile-geral.gif\"\/><a\/>--><\/div><style type=\"text\/css\">\r\n.zxaux69efadfd4dd6c {\r\ntext-align: center;\r\n}\r\n@media screen and (min-width: 1201px) {\r\n.zxaux69efadfd4dd6c {\r\ndisplay: none;\r\n}\r\n}\r\n@media screen and (min-width: 993px) and (max-width: 1200px) {\r\n.zxaux69efadfd4dd6c {\r\ndisplay: none;\r\n}\r\n}\r\n@media screen and (min-width: 769px) and (max-width: 992px) {\r\n.zxaux69efadfd4dd6c {\r\ndisplay: none;\r\n}\r\n}\r\n@media screen and (min-width: 768px) and (max-width: 768px) {\r\n.zxaux69efadfd4dd6c {\r\ndisplay: block;\r\n}\r\n}\r\n@media screen and (max-width: 767px) {\r\n.zxaux69efadfd4dd6c {\r\ndisplay: block;\r\n}\r\n}\r\n<\/style>\r\n<div class=\"fmrxk69efadfd4dd52\" ><!--<a href=\"https:\/\/bit.ly\/3QdrqTZ\" target=\"_blank\">\n<img src=\"https:\/\/justicapotiguar.com.br\/wp-content\/uploads\/2023\/09\/desktop-geral.gif\"\/><a\/>--><\/div><style type=\"text\/css\">\r\n.fmrxk69efadfd4dd52 {\r\ntext-align: center;\nmargin-bottom: 1em;\r\n}\r\n@media screen and (min-width: 1201px) {\r\n.fmrxk69efadfd4dd52 {\r\ndisplay: block;\r\n}\r\n}\r\n@media screen and (min-width: 993px) and (max-width: 1200px) {\r\n.fmrxk69efadfd4dd52 {\r\ndisplay: block;\r\n}\r\n}\r\n@media screen and (min-width: 769px) and (max-width: 992px) {\r\n.fmrxk69efadfd4dd52 {\r\ndisplay: block;\r\n}\r\n}\r\n@media screen and (min-width: 768px) and (max-width: 768px) {\r\n.fmrxk69efadfd4dd52 {\r\ndisplay: none;\r\n}\r\n}\r\n@media screen and (max-width: 767px) {\r\n.fmrxk69efadfd4dd52 {\r\ndisplay: none;\r\n}\r\n}\r\n<\/style>\r\n\n\n\n\n<p>\u201cObservando a prova colacionada, bem como as informa\u00e7\u00f5es fornecidas pelo representante ministerial com atua\u00e7\u00e3o na Comarca de origem, \u00e9 inevit\u00e1vel concluir que a necessidade do desaforamento em quest\u00e3o atrai o entendimento un\u00edssono de todas as autoridades envolvidas no caso, tendo em vista o teor dos depoimentos prestados e a not\u00f3ria ci\u00eancia de todos em rela\u00e7\u00e3o ao temor que os r\u00e9us provocam na sociedade local\u201d, acrescenta a relatora da demanda, desembargadora Lourdes Az\u00eavedo.<\/p>\n\n\n\n<p>Ainda conforme a determina\u00e7\u00e3o do desaforamento, a relatora destaca que, mesmo se tratando de hip\u00f3tese excepcional de deslocamento de compet\u00eancia territorial, n\u00e3o \u00e9 necess\u00e1ria a comprova\u00e7\u00e3o inequ\u00edvoca da alegada imparcialidade, revelando-se suficiente a demonstra\u00e7\u00e3o id\u00f4nea e coesa de elementos indici\u00e1rios, os quais se observam com clareza no pedido do MP, detendo especial relev\u00e2ncia a anu\u00eancia do magistrado da Vara \u00danica da Comarca de S\u00e3o Paulo do Potengi, que se encontra pr\u00f3ximo aos fatos do caso concreto.<\/p>\n","protected":false},"excerpt":{"rendered":"<p>Ao julgar um pedido de desaforamento de j\u00fari popular, os desembargadores do Pleno do TJRN consideraram que existe a presen\u00e7a dos requisitos do artigo 427 do C\u00f3digo de Processo Penal, bem como precedentes da Corte de Justi\u00e7a potiguar, e autorizaram o deslocamento do j\u00fari popular da Comarca de S\u00e3o Paulo do Potengi para a de<br \/><a class=\"more-link\" href=\"https:\/\/justicapotiguar.com.br\/index.php\/2023\/05\/16\/juri-de-acusados-de-homicidio-tem-transferencia-autorizada-para-natal\/\">Mais&#8230;<\/a><\/p>\n","protected":false},"author":5,"featured_media":0,"comment_status":"open","ping_status":"open","sticky":false,"template":"","format":"standard","meta":[],"categories":[1],"tags":[],"_links":{"self":[{"href":"https:\/\/justicapotiguar.com.br\/index.php\/wp-json\/wp\/v2\/posts\/31814"}],"collection":[{"href":"https:\/\/justicapotiguar.com.br\/index.php\/wp-json\/wp\/v2\/posts"}],"about":[{"href":"https:\/\/justicapotiguar.com.br\/index.php\/wp-json\/wp\/v2\/types\/post"}],"author":[{"embeddable":true,"href":"https:\/\/justicapotiguar.com.br\/index.php\/wp-json\/wp\/v2\/users\/5"}],"replies":[{"embeddable":true,"href":"https:\/\/justicapotiguar.com.br\/index.php\/wp-json\/wp\/v2\/comments?post=31814"}],"version-history":[{"count":1,"href":"https:\/\/justicapotiguar.com.br\/index.php\/wp-json\/wp\/v2\/posts\/31814\/revisions"}],"predecessor-version":[{"id":31815,"href":"https:\/\/justicapotiguar.com.br\/index.php\/wp-json\/wp\/v2\/posts\/31814\/revisions\/31815"}],"wp:attachment":[{"href":"https:\/\/justicapotiguar.com.br\/index.php\/wp-json\/wp\/v2\/media?parent=31814"}],"wp:term":[{"taxonomy":"category","embeddable":true,"href":"https:\/\/justicapotiguar.com.br\/index.php\/wp-json\/wp\/v2\/categories?post=31814"},{"taxonomy":"post_tag","embeddable":true,"href":"https:\/\/justicapotiguar.com.br\/index.php\/wp-json\/wp\/v2\/tags?post=31814"}],"curies":[{"name":"wp","href":"https:\/\/api.w.org\/{rel}","templated":true}]}}