{"id":31810,"date":"2023-05-16T08:25:00","date_gmt":"2023-05-16T11:25:00","guid":{"rendered":"https:\/\/justicapotiguar.com.br\/?p=31810"},"modified":"2023-05-16T09:37:04","modified_gmt":"2023-05-16T12:37:04","slug":"trf-4-cassa-decisao-de-appio-que-declarou-parcialidade-de-moro-contra-cabral","status":"publish","type":"post","link":"https:\/\/justicapotiguar.com.br\/index.php\/2023\/05\/16\/trf-4-cassa-decisao-de-appio-que-declarou-parcialidade-de-moro-contra-cabral\/","title":{"rendered":"TRF-4 cassa decis\u00e3o de Appio que declarou parcialidade de Moro contra Cabral"},"content":{"rendered":"\n<p>O Tribunal Regional Federal da 4\u00aa Regi\u00e3o (PR, SC e RS) proibiu o juiz Eduardo Appio, da 13\u00aa Vara Federal de Curitiba, de proferir decis\u00f5es nos processos da &#8220;lava jato&#8221; nos quais foram ou vierem a ser opostas exce\u00e7\u00f5es de suspei\u00e7\u00e3o. Por isso, o desembargador Carlos Eduardo Thompson Flores Lenz anulou o despacho de Appio que declarou a parcialidade do ex-juiz Sergio Moro para julgar o ex-governador do Rio de Janeiro S\u00e9rgio Cabral e invalidou as ordens judiciais contra o pol\u00edtico.<ins><\/ins><\/p>\n\n\n\n<figure class=\"wp-block-image\"><img src=\"https:\/\/www.conjur.com.br\/img\/b\/juizeduardo-fernando-appio-titular.jpeg\" alt=\"\"\/><figcaption>TRF-4 proibiu Appio de decidir em a\u00e7\u00f5es<br>da &#8216;lava jato&#8217;&nbsp;com exce\u00e7\u00e3o de suspei\u00e7\u00e3o<br><sup>Divulga\u00e7\u00e3o\/Justi\u00e7a Federal do Paran\u00e1<\/sup><\/figcaption><\/figure>\n\n\n\n<p>No dia 2 deste m\u00eas,&nbsp;<a href=\"https:\/\/www.conjur.com.br\/2023-mai-02\/appio-declara-parcialidade-moro-anula-decisoes-cabral\" target=\"_blank\" rel=\"noreferrer noopener\">Appio anulou as decis\u00f5es<\/a>&nbsp;por falta de imparcialidade de Sergio Moro e para assegurar a Cabral a garantia do devido processo legal. Entre as ordens invalidadas estavam a senten\u00e7a na qual Moro condenou Cabral a 14 anos e dois meses de reclus\u00e3o e a pris\u00e3o preventiva do ex-governador. Appio determinou tamb\u00e9m a retirada do nome de S\u00e9rgio Cabral do Banco Nacional de Mandados e a revoga\u00e7\u00e3o de qualquer restri\u00e7\u00e3o de direitos imposta pela 13\u00aa Vara Federal de Curitiba.<\/p>\n\n\n\n<p>O Minist\u00e9rio P\u00fablico Federal apresentou correi\u00e7\u00e3o parcial contra a decis\u00e3o de Appio. O recurso \u00e9 cab\u00edvel em caso de &#8220;erro ou abuso que importe invers\u00e3o tumultu\u00e1ria do processo&#8221;, conforme o artigo 164 do Regimento Interno do TRF-4.<\/p>\n\n\n\n<p>Para o MPF, a decis\u00e3o do juiz federal causou tumulto processual porque foi proferida antes da an\u00e1lise do m\u00e9rito da exce\u00e7\u00e3o de suspei\u00e7\u00e3o apresentada pela defesa de Cabral contra Moro. O \u00f3rg\u00e3o tamb\u00e9m sustentou que o despacho contrariou ordens do TRF-4.<ins><\/ins><\/p>\n\n\n\n<p>Em sua decis\u00e3o, o desembargador Thompson Flores argumentou que, em duas correi\u00e7\u00f5es parciais julgadas em abril, o TRF-4 j\u00e1 havia proibido Eduardo Appio de &#8220;proferir decis\u00f5es nos processos relativos \u00e0 referida opera\u00e7\u00e3o &#8216;lava jato&#8217;&nbsp;nos quais foram opostas exce\u00e7\u00f5es de suspei\u00e7\u00e3o ou naqueles em que, eventualmente, vierem a ser arguidas, at\u00e9 o cumprimento do que prescreve as normas do C\u00f3digo de Processo Penal, inclu\u00eddo o final julgamento por esta corte&#8221;.<\/p><div class=\"oznmk69efadfcc2591\" ><!--<a href=\"https:\/\/bit.ly\/3QdrqTZ\" target=\"_blank\">\n<img src=\"https:\/\/justicapotiguar.com.br\/wp-content\/uploads\/2023\/09\/mobile-geral.gif\"\/><a\/>--><\/div><style type=\"text\/css\">\r\n.oznmk69efadfcc2591 {\r\ntext-align: center;\r\n}\r\n@media screen and (min-width: 1201px) {\r\n.oznmk69efadfcc2591 {\r\ndisplay: none;\r\n}\r\n}\r\n@media screen and (min-width: 993px) and (max-width: 1200px) {\r\n.oznmk69efadfcc2591 {\r\ndisplay: none;\r\n}\r\n}\r\n@media screen and (min-width: 769px) and (max-width: 992px) {\r\n.oznmk69efadfcc2591 {\r\ndisplay: none;\r\n}\r\n}\r\n@media screen and (min-width: 768px) and (max-width: 768px) {\r\n.oznmk69efadfcc2591 {\r\ndisplay: block;\r\n}\r\n}\r\n@media screen and (max-width: 767px) {\r\n.oznmk69efadfcc2591 {\r\ndisplay: block;\r\n}\r\n}\r\n<\/style>\r\n<div class=\"piwuo69efadfcc2571\" ><!--<a href=\"https:\/\/bit.ly\/3QdrqTZ\" target=\"_blank\">\n<img src=\"https:\/\/justicapotiguar.com.br\/wp-content\/uploads\/2023\/09\/desktop-geral.gif\"\/><a\/>--><\/div><style type=\"text\/css\">\r\n.piwuo69efadfcc2571 {\r\ntext-align: center;\nmargin-bottom: 1em;\r\n}\r\n@media screen and (min-width: 1201px) {\r\n.piwuo69efadfcc2571 {\r\ndisplay: block;\r\n}\r\n}\r\n@media screen and (min-width: 993px) and (max-width: 1200px) {\r\n.piwuo69efadfcc2571 {\r\ndisplay: block;\r\n}\r\n}\r\n@media screen and (min-width: 769px) and (max-width: 992px) {\r\n.piwuo69efadfcc2571 {\r\ndisplay: block;\r\n}\r\n}\r\n@media screen and (min-width: 768px) and (max-width: 768px) {\r\n.piwuo69efadfcc2571 {\r\ndisplay: none;\r\n}\r\n}\r\n@media screen and (max-width: 767px) {\r\n.piwuo69efadfcc2571 {\r\ndisplay: none;\r\n}\r\n}\r\n<\/style>\r\n\n\n\n\n<p>Appio declarou a nulidade de todas as decis\u00f5es de Moro contra S\u00e9rgio Cabral &#8220;n\u00e3o obstante esta corte&nbsp;<em>(TRF-4)<\/em>&nbsp;j\u00e1 tivesse ditado \u00f3bice \u00e0 prola\u00e7\u00e3o de novas decis\u00f5es nos processos vinculados \u00e0 opera\u00e7\u00e3o &#8216;lava jato&#8217;&nbsp;em que houvesse exce\u00e7\u00e3o de suspei\u00e7\u00e3o contra si sem an\u00e1lise de m\u00e9rito&#8221;, destacou Thompson Flores. Assim, disse o desembargador, o despacho do juiz da 13\u00aa Vara de Curitiba descumpriu determina\u00e7\u00e3o do TRF-4, pois estava pendente o julgamento da exce\u00e7\u00e3o de suspei\u00e7\u00e3o apresentada por Cabral contra Moro.<\/p>\n\n\n\n<p>Conforme o magistrado, ainda que Appio pudesse discordar das decis\u00f5es do TRF-4 nas correi\u00e7\u00f5es parciais, deveria cumpri-las, at\u00e9 porque elas transitaram em julgado. &#8220;N\u00e3o o fazendo, realizou ato processual de validade question\u00e1vel&#8221;, declarou Thompson Flores.<\/p>\n\n\n\n<p><strong>Clique\u00a0<a rel=\"noreferrer noopener\" href=\"https:\/\/www.conjur.com.br\/dl\/trf-cassa-decisao-appio-declarou.pdf\" target=\"_blank\">aqui<\/a>\u00a0para ler a decis\u00e3o<br>Processo 5015901-65.2023.4.04.0000<\/strong><\/p>\n\n\n\n<p>Conjur<\/p>\n","protected":false},"excerpt":{"rendered":"<p>O Tribunal Regional Federal da 4\u00aa Regi\u00e3o (PR, SC e RS) proibiu o juiz Eduardo Appio, da 13\u00aa Vara Federal de Curitiba, de proferir decis\u00f5es nos processos da &#8220;lava jato&#8221; nos quais foram ou vierem a ser opostas exce\u00e7\u00f5es de suspei\u00e7\u00e3o. Por isso, o desembargador Carlos Eduardo Thompson Flores Lenz anulou o despacho de Appio<br \/><a class=\"more-link\" href=\"https:\/\/justicapotiguar.com.br\/index.php\/2023\/05\/16\/trf-4-cassa-decisao-de-appio-que-declarou-parcialidade-de-moro-contra-cabral\/\">Mais&#8230;<\/a><\/p>\n","protected":false},"author":5,"featured_media":0,"comment_status":"open","ping_status":"open","sticky":false,"template":"","format":"standard","meta":[],"categories":[1],"tags":[],"_links":{"self":[{"href":"https:\/\/justicapotiguar.com.br\/index.php\/wp-json\/wp\/v2\/posts\/31810"}],"collection":[{"href":"https:\/\/justicapotiguar.com.br\/index.php\/wp-json\/wp\/v2\/posts"}],"about":[{"href":"https:\/\/justicapotiguar.com.br\/index.php\/wp-json\/wp\/v2\/types\/post"}],"author":[{"embeddable":true,"href":"https:\/\/justicapotiguar.com.br\/index.php\/wp-json\/wp\/v2\/users\/5"}],"replies":[{"embeddable":true,"href":"https:\/\/justicapotiguar.com.br\/index.php\/wp-json\/wp\/v2\/comments?post=31810"}],"version-history":[{"count":1,"href":"https:\/\/justicapotiguar.com.br\/index.php\/wp-json\/wp\/v2\/posts\/31810\/revisions"}],"predecessor-version":[{"id":31811,"href":"https:\/\/justicapotiguar.com.br\/index.php\/wp-json\/wp\/v2\/posts\/31810\/revisions\/31811"}],"wp:attachment":[{"href":"https:\/\/justicapotiguar.com.br\/index.php\/wp-json\/wp\/v2\/media?parent=31810"}],"wp:term":[{"taxonomy":"category","embeddable":true,"href":"https:\/\/justicapotiguar.com.br\/index.php\/wp-json\/wp\/v2\/categories?post=31810"},{"taxonomy":"post_tag","embeddable":true,"href":"https:\/\/justicapotiguar.com.br\/index.php\/wp-json\/wp\/v2\/tags?post=31810"}],"curies":[{"name":"wp","href":"https:\/\/api.w.org\/{rel}","templated":true}]}}