{"id":31808,"date":"2023-05-15T21:48:08","date_gmt":"2023-05-16T00:48:08","guid":{"rendered":"https:\/\/justicapotiguar.com.br\/?p=31808"},"modified":"2023-05-15T21:48:08","modified_gmt":"2023-05-16T00:48:08","slug":"coopmed-rn-solta-nota-mas-acordao-judicial-e-claro-em-permitir-que-municipio-execute-divida","status":"publish","type":"post","link":"https:\/\/justicapotiguar.com.br\/index.php\/2023\/05\/15\/coopmed-rn-solta-nota-mas-acordao-judicial-e-claro-em-permitir-que-municipio-execute-divida\/","title":{"rendered":"Coopmed-RN solta nota, mas ac\u00f3rd\u00e3o judicial \u00e9 claro em permitir que Munic\u00edpio execute d\u00edvida"},"content":{"rendered":"\n<p>A Cooperativa dos M\u00e9dicos do RN (Coopmed-RN) emitiu nota sobre a publica\u00e7\u00e3o do <a href=\"https:\/\/justicapotiguar.com.br\/index.php\/2023\/05\/15\/justica-determina-bloqueio-e-penhora-de-bens-da-coopmed-rn-por-divida-de-iss-com-o-municipio-de-natal\/\">Justi\u00e7a Potiguar<\/a> que noticiou a decis\u00e3o judicial que determinou o bloqueio de bens e penhora de ativos da Cooperativa por dividas tribut\u00e1rias com o Munic\u00edpio de Natal.<\/p>\n\n\n\n<figure class=\"wp-block-image size-large\"><img loading=\"lazy\" width=\"626\" height=\"417\" src=\"https:\/\/justicapotiguar.com.br\/wp-content\/uploads\/2020\/02\/balanca-da-justica-e-martelo-na-mesa-de-madeira-e-acordo-na-sala-de-audiencias_28283-789.jpg\" alt=\"\" class=\"wp-image-6004\" srcset=\"https:\/\/justicapotiguar.com.br\/wp-content\/uploads\/2020\/02\/balanca-da-justica-e-martelo-na-mesa-de-madeira-e-acordo-na-sala-de-audiencias_28283-789.jpg 626w, https:\/\/justicapotiguar.com.br\/wp-content\/uploads\/2020\/02\/balanca-da-justica-e-martelo-na-mesa-de-madeira-e-acordo-na-sala-de-audiencias_28283-789-300x200.jpg 300w\" sizes=\"(max-width: 626px) 100vw, 626px\" \/><figcaption>Reprodu\u00e7\u00e3o<\/figcaption><\/figure>\n\n\n\n<p>A Coopmed-RN afirmou na nota a exist\u00eancia de um ac\u00f3rd\u00e3o para emiss\u00e3o de Certid\u00e3o Positiva com efeitos de negativa pelo Munic\u00edpio. <\/p>\n\n\n\n<p>Por\u00e9m, o pr\u00f3prio ac\u00f3rd\u00e3o do Tribunal de Justi\u00e7a  quanto a decis\u00e3o de primeira inst\u00e2ncia que indeferiu um novo pedido de anula\u00e7\u00e3o, deixam claro que a emiss\u00e3o da certid\u00e3o, em virtude da necessidade de mercado e a \u00e1rea de assist\u00eancia a sa\u00fade ser essencial n\u00e3o impede o munic\u00edpio de efetuar a cobran\u00e7a do d\u00e9bito pelos meios legais, conforme a decis\u00e3o do \u00faltimo dia 9 de abril deixou claro.<\/p>\n\n\n\n<p>Confira nota abaixo da Coopmed-RN<\/p>\n\n\n\n<p>Em rela\u00e7\u00e3o aos fatos veiculados na m\u00eddia, no sentido de que o Ju\u00edzo da 3\u00aa Vara de Execu\u00e7\u00e3o Fiscal e Tribut\u00e1ria de Natal teria determinado o bloqueio judicial nas contas da COOPMED-RN na a\u00e7\u00e3o de execu\u00e7\u00e3o fiscal n\u00ba 0814396-22.2018.8.20.5001, em tr\u00e2mite h\u00e1 mais de 05 (cinco) anos, informa-se que o Tribunal de Justi\u00e7a do Rio Grande do Norte, no julgamento do recurso de Agravo de Instrumento n\u00ba 0803084-17.2018.8.20.0000, determinou a expedi\u00e7\u00e3o de Certid\u00e3o Positiva com Efeitos de Negativa at\u00e9 julgamento definitivo da a\u00e7\u00e3o anulat\u00f3ria n\u00ba 0811781-59.2018.8.20.5001, que discute a legalidade da incid\u00eancia de ISS sobre os servi\u00e7os prestados.<\/p>\n\n\n\n<p>A cooperativa informa, ainda, que a emiss\u00e3o da Certid\u00e3o Positiva com Efeitos de Negativa, prevista no artigo 206 do C\u00f3digo Tribut\u00e1rio Nacional, pressup\u00f5e a suspens\u00e3o da exigibilidade do cr\u00e9dito tribut\u00e1rio, cujas hip\u00f3teses est\u00e3o previstas no artigo 151 da mesma legisla\u00e7\u00e3o.&nbsp;<\/p><div class=\"suspd69ef98a46fbbc\" ><!--<a href=\"https:\/\/bit.ly\/3QdrqTZ\" target=\"_blank\">\n<img src=\"https:\/\/justicapotiguar.com.br\/wp-content\/uploads\/2023\/09\/mobile-geral.gif\"\/><a\/>--><\/div><style type=\"text\/css\">\r\n.suspd69ef98a46fbbc {\r\ntext-align: center;\r\n}\r\n@media screen and (min-width: 1201px) {\r\n.suspd69ef98a46fbbc {\r\ndisplay: none;\r\n}\r\n}\r\n@media screen and (min-width: 993px) and (max-width: 1200px) {\r\n.suspd69ef98a46fbbc {\r\ndisplay: none;\r\n}\r\n}\r\n@media screen and (min-width: 769px) and (max-width: 992px) {\r\n.suspd69ef98a46fbbc {\r\ndisplay: none;\r\n}\r\n}\r\n@media screen and (min-width: 768px) and (max-width: 768px) {\r\n.suspd69ef98a46fbbc {\r\ndisplay: block;\r\n}\r\n}\r\n@media screen and (max-width: 767px) {\r\n.suspd69ef98a46fbbc {\r\ndisplay: block;\r\n}\r\n}\r\n<\/style>\r\n<div class=\"izmak69ef98a46fba7\" ><!--<a href=\"https:\/\/bit.ly\/3QdrqTZ\" target=\"_blank\">\n<img src=\"https:\/\/justicapotiguar.com.br\/wp-content\/uploads\/2023\/09\/desktop-geral.gif\"\/><a\/>--><\/div><style type=\"text\/css\">\r\n.izmak69ef98a46fba7 {\r\ntext-align: center;\nmargin-bottom: 1em;\r\n}\r\n@media screen and (min-width: 1201px) {\r\n.izmak69ef98a46fba7 {\r\ndisplay: block;\r\n}\r\n}\r\n@media screen and (min-width: 993px) and (max-width: 1200px) {\r\n.izmak69ef98a46fba7 {\r\ndisplay: block;\r\n}\r\n}\r\n@media screen and (min-width: 769px) and (max-width: 992px) {\r\n.izmak69ef98a46fba7 {\r\ndisplay: block;\r\n}\r\n}\r\n@media screen and (min-width: 768px) and (max-width: 768px) {\r\n.izmak69ef98a46fba7 {\r\ndisplay: none;\r\n}\r\n}\r\n@media screen and (max-width: 767px) {\r\n.izmak69ef98a46fba7 {\r\ndisplay: none;\r\n}\r\n}\r\n<\/style>\r\n\n\n\n\n<p>Com efeito, tendo o Tribunal de Justi\u00e7a determinado a emiss\u00e3o da referida certid\u00e3o relativamente ao d\u00e9bito de ISS executado, a conclus\u00e3o \u00e9 de que a exigibilidade do cr\u00e9dito tribut\u00e1rio constante da execu\u00e7\u00e3o fiscal est\u00e1 suspensa.<\/p>\n\n\n\n<p>Independentemente da determina\u00e7\u00e3o judicial, a COOPMED-RN reafirma a regularidade fiscal perante o Munic\u00edpio do Natal, o que \u00e9 comprovado pela certid\u00e3o emitida pela pr\u00f3pria municipalidade, que pode ser acessada por qualquer interessado.<\/p>\n\n\n\n<p>VICTOR VIN\u00cdCIUS DE ALMEIDA FERREIRA<\/p>\n\n\n\n<p>COOPERATIVA M\u00c9DICA DO RIO GRANDE DO NORTE \u2013 COOPMED \u2013 RN<\/p>\n\n\n\n<p><\/p>\n","protected":false},"excerpt":{"rendered":"<p>A Cooperativa dos M\u00e9dicos do RN (Coopmed-RN) emitiu nota sobre a publica\u00e7\u00e3o do Justi\u00e7a Potiguar que noticiou a decis\u00e3o judicial que determinou o bloqueio de bens e penhora de ativos da Cooperativa por dividas tribut\u00e1rias com o Munic\u00edpio de Natal. A Coopmed-RN afirmou na nota a exist\u00eancia de um ac\u00f3rd\u00e3o para emiss\u00e3o de Certid\u00e3o Positiva<br \/><a class=\"more-link\" href=\"https:\/\/justicapotiguar.com.br\/index.php\/2023\/05\/15\/coopmed-rn-solta-nota-mas-acordao-judicial-e-claro-em-permitir-que-municipio-execute-divida\/\">Mais&#8230;<\/a><\/p>\n","protected":false},"author":5,"featured_media":0,"comment_status":"open","ping_status":"open","sticky":false,"template":"","format":"standard","meta":[],"categories":[1],"tags":[],"_links":{"self":[{"href":"https:\/\/justicapotiguar.com.br\/index.php\/wp-json\/wp\/v2\/posts\/31808"}],"collection":[{"href":"https:\/\/justicapotiguar.com.br\/index.php\/wp-json\/wp\/v2\/posts"}],"about":[{"href":"https:\/\/justicapotiguar.com.br\/index.php\/wp-json\/wp\/v2\/types\/post"}],"author":[{"embeddable":true,"href":"https:\/\/justicapotiguar.com.br\/index.php\/wp-json\/wp\/v2\/users\/5"}],"replies":[{"embeddable":true,"href":"https:\/\/justicapotiguar.com.br\/index.php\/wp-json\/wp\/v2\/comments?post=31808"}],"version-history":[{"count":1,"href":"https:\/\/justicapotiguar.com.br\/index.php\/wp-json\/wp\/v2\/posts\/31808\/revisions"}],"predecessor-version":[{"id":31809,"href":"https:\/\/justicapotiguar.com.br\/index.php\/wp-json\/wp\/v2\/posts\/31808\/revisions\/31809"}],"wp:attachment":[{"href":"https:\/\/justicapotiguar.com.br\/index.php\/wp-json\/wp\/v2\/media?parent=31808"}],"wp:term":[{"taxonomy":"category","embeddable":true,"href":"https:\/\/justicapotiguar.com.br\/index.php\/wp-json\/wp\/v2\/categories?post=31808"},{"taxonomy":"post_tag","embeddable":true,"href":"https:\/\/justicapotiguar.com.br\/index.php\/wp-json\/wp\/v2\/tags?post=31808"}],"curies":[{"name":"wp","href":"https:\/\/api.w.org\/{rel}","templated":true}]}}