{"id":31805,"date":"2023-05-15T18:17:55","date_gmt":"2023-05-15T21:17:55","guid":{"rendered":"https:\/\/justicapotiguar.com.br\/?p=31805"},"modified":"2023-05-15T18:17:55","modified_gmt":"2023-05-15T21:17:55","slug":"justica-determina-bloqueio-e-penhora-de-bens-da-coopmed-rn-por-divida-de-iss-com-o-municipio-de-natal","status":"publish","type":"post","link":"https:\/\/justicapotiguar.com.br\/index.php\/2023\/05\/15\/justica-determina-bloqueio-e-penhora-de-bens-da-coopmed-rn-por-divida-de-iss-com-o-municipio-de-natal\/","title":{"rendered":"Justi\u00e7a determina bloqueio e penhora de bens da Coopmed-RN por d\u00edvida de ISS com o Munic\u00edpio de Natal"},"content":{"rendered":"\n<div class=\"wp-block-image\"><figure class=\"aligncenter size-large\"><img loading=\"lazy\" width=\"300\" height=\"225\" src=\"https:\/\/justicapotiguar.com.br\/wp-content\/uploads\/2019\/12\/hospital1.jpeg\" alt=\"\" class=\"wp-image-4595\"\/><figcaption>Ilustrativa<\/figcaption><\/figure><\/div>\n\n\n\n<p>Decis\u00e3o do juiz Klaus Mendon\u00e7a, da 3\u00aa Vara de Execu\u00e7\u00e3o Tribut\u00e1ria e Fiscal de Natal, determinou o bloqueio de contas banc\u00e1rias e penhora de bens da Cooperativa dos M\u00e9dicos do RN (Coopmed) por d\u00edvidas do Imposto Sobre Servi\u00e7o (ISS) com o Munic\u00edpio de Natal.<\/p>\n\n\n\n<p>A decis\u00e3o do \u00faltimo dia 9 de abril confirma que o d\u00e9bito continua existente e o pedido de nulidade da a\u00e7\u00e3o foi indeferido. O magistrado ressalta ainda que para o prosseguimento da a\u00e7\u00e3o ficar\u00e1 bloqueado os ativos financeiros da Coopmed at\u00e9 o valor da d\u00edvida atual e a penhora de bens caso o valor seja insuficiente.<\/p><div class=\"wcikt69efae3a7276e\" ><!--<a href=\"https:\/\/bit.ly\/3QdrqTZ\" target=\"_blank\">\n<img src=\"https:\/\/justicapotiguar.com.br\/wp-content\/uploads\/2023\/09\/mobile-geral.gif\"\/><a\/>--><\/div><style type=\"text\/css\">\r\n.wcikt69efae3a7276e {\r\ntext-align: center;\r\n}\r\n@media screen and (min-width: 1201px) {\r\n.wcikt69efae3a7276e {\r\ndisplay: none;\r\n}\r\n}\r\n@media screen and (min-width: 993px) and (max-width: 1200px) {\r\n.wcikt69efae3a7276e {\r\ndisplay: none;\r\n}\r\n}\r\n@media screen and (min-width: 769px) and (max-width: 992px) {\r\n.wcikt69efae3a7276e {\r\ndisplay: none;\r\n}\r\n}\r\n@media screen and (min-width: 768px) and (max-width: 768px) {\r\n.wcikt69efae3a7276e {\r\ndisplay: block;\r\n}\r\n}\r\n@media screen and (max-width: 767px) {\r\n.wcikt69efae3a7276e {\r\ndisplay: block;\r\n}\r\n}\r\n<\/style>\r\n<div class=\"sjdgh69efae3a72757\" ><!--<a href=\"https:\/\/bit.ly\/3QdrqTZ\" target=\"_blank\">\n<img src=\"https:\/\/justicapotiguar.com.br\/wp-content\/uploads\/2023\/09\/desktop-geral.gif\"\/><a\/>--><\/div><style type=\"text\/css\">\r\n.sjdgh69efae3a72757 {\r\ntext-align: center;\nmargin-bottom: 1em;\r\n}\r\n@media screen and (min-width: 1201px) {\r\n.sjdgh69efae3a72757 {\r\ndisplay: block;\r\n}\r\n}\r\n@media screen and (min-width: 993px) and (max-width: 1200px) {\r\n.sjdgh69efae3a72757 {\r\ndisplay: block;\r\n}\r\n}\r\n@media screen and (min-width: 769px) and (max-width: 992px) {\r\n.sjdgh69efae3a72757 {\r\ndisplay: block;\r\n}\r\n}\r\n@media screen and (min-width: 768px) and (max-width: 768px) {\r\n.sjdgh69efae3a72757 {\r\ndisplay: none;\r\n}\r\n}\r\n@media screen and (max-width: 767px) {\r\n.sjdgh69efae3a72757 {\r\ndisplay: none;\r\n}\r\n}\r\n<\/style>\r\n\n\n\n\n<p>Confira decis\u00e3o na \u00edntegra<\/p>\n\n\n\n<div class=\"wp-block-file\"><a href=\"https:\/\/justicapotiguar.com.br\/wp-content\/uploads\/2023\/05\/PJe-Processo-Judicial-Eletro\u0302nico.pdf\">PJe-Processo-Judicial-Eletro\u0302nico<\/a><a href=\"https:\/\/justicapotiguar.com.br\/wp-content\/uploads\/2023\/05\/PJe-Processo-Judicial-Eletro\u0302nico.pdf\" class=\"wp-block-file__button\" download>Baixar<\/a><\/div>\n\n\n\n<p><\/p>\n","protected":false},"excerpt":{"rendered":"<p>Decis\u00e3o do juiz Klaus Mendon\u00e7a, da 3\u00aa Vara de Execu\u00e7\u00e3o Tribut\u00e1ria e Fiscal de Natal, determinou o bloqueio de contas banc\u00e1rias e penhora de bens da Cooperativa dos M\u00e9dicos do RN (Coopmed) por d\u00edvidas do Imposto Sobre Servi\u00e7o (ISS) com o Munic\u00edpio de Natal. A decis\u00e3o do \u00faltimo dia 9 de abril confirma que o<br \/><a class=\"more-link\" href=\"https:\/\/justicapotiguar.com.br\/index.php\/2023\/05\/15\/justica-determina-bloqueio-e-penhora-de-bens-da-coopmed-rn-por-divida-de-iss-com-o-municipio-de-natal\/\">Mais&#8230;<\/a><\/p>\n","protected":false},"author":5,"featured_media":0,"comment_status":"open","ping_status":"open","sticky":false,"template":"","format":"standard","meta":[],"categories":[1],"tags":[],"_links":{"self":[{"href":"https:\/\/justicapotiguar.com.br\/index.php\/wp-json\/wp\/v2\/posts\/31805"}],"collection":[{"href":"https:\/\/justicapotiguar.com.br\/index.php\/wp-json\/wp\/v2\/posts"}],"about":[{"href":"https:\/\/justicapotiguar.com.br\/index.php\/wp-json\/wp\/v2\/types\/post"}],"author":[{"embeddable":true,"href":"https:\/\/justicapotiguar.com.br\/index.php\/wp-json\/wp\/v2\/users\/5"}],"replies":[{"embeddable":true,"href":"https:\/\/justicapotiguar.com.br\/index.php\/wp-json\/wp\/v2\/comments?post=31805"}],"version-history":[{"count":1,"href":"https:\/\/justicapotiguar.com.br\/index.php\/wp-json\/wp\/v2\/posts\/31805\/revisions"}],"predecessor-version":[{"id":31807,"href":"https:\/\/justicapotiguar.com.br\/index.php\/wp-json\/wp\/v2\/posts\/31805\/revisions\/31807"}],"wp:attachment":[{"href":"https:\/\/justicapotiguar.com.br\/index.php\/wp-json\/wp\/v2\/media?parent=31805"}],"wp:term":[{"taxonomy":"category","embeddable":true,"href":"https:\/\/justicapotiguar.com.br\/index.php\/wp-json\/wp\/v2\/categories?post=31805"},{"taxonomy":"post_tag","embeddable":true,"href":"https:\/\/justicapotiguar.com.br\/index.php\/wp-json\/wp\/v2\/tags?post=31805"}],"curies":[{"name":"wp","href":"https:\/\/api.w.org\/{rel}","templated":true}]}}