{"id":31797,"date":"2023-05-15T16:35:56","date_gmt":"2023-05-15T19:35:56","guid":{"rendered":"https:\/\/justicapotiguar.com.br\/?p=31797"},"modified":"2023-05-15T16:35:56","modified_gmt":"2023-05-15T19:35:56","slug":"mpf-abre-processo-seletivo-para-estagio-em-direito-e-historia","status":"publish","type":"post","link":"https:\/\/justicapotiguar.com.br\/index.php\/2023\/05\/15\/mpf-abre-processo-seletivo-para-estagio-em-direito-e-historia\/","title":{"rendered":"MPF abre processo seletivo para est\u00e1gio em Direito e Hist\u00f3ria"},"content":{"rendered":"\n<p>O Minist\u00e9rio P\u00fablico Federal (MPF) no Rio Grande do Norte lan\u00e7ou um edital de processo seletivo com oportunidades nas \u00e1reas de Direito (gradua\u00e7\u00e3o e p\u00f3s-gradua\u00e7\u00e3o), para forma\u00e7\u00e3o de cadastro de reserva; e Hist\u00f3ria (gradua\u00e7\u00e3o), na qual s\u00e3o ofertadas tr\u00eas vagas. O prazo limite para a conclus\u00e3o de todas as etapas da inscri\u00e7\u00e3o se encerra \u00e0s 18h do dia 26 de maio.<\/p>\n\n\n\n<p>A ficha de pr\u00e9-inscri\u00e7\u00e3o, assim como o edital completo, est\u00e1 dispon\u00edvel no site da Procuradoria da Rep\u00fablica no Rio Grande do Norte (<a href=\"https:\/\/www.mpf.mp.br\/rn\/estagie-conosco\/concursos-de-estagio\/2023\" target=\"_blank\" rel=\"noreferrer noopener\">https:\/\/www.mpf.mp.br\/rn\/estagie-conosco\/concursos-de-estagio\/2023<\/a>). Ap\u00f3s o seu preenchimento, o candidato s\u00f3 ser\u00e1 considerado efetivamente inscrito quando enviar, dentro do prazo, um arquivo \u00fanico e digitalizado (PDF) contendo documento de identidade com foto, CPF, declara\u00e7\u00e3o de matr\u00edcula expedida h\u00e1 no m\u00e1ximo 30 dias e o termo de consentimento para tratamento de dados pessoais.<\/p>\n\n\n\n<p>O envio deve ser realizado atrav\u00e9s de e-mail (<a href=\"mailto:PRRN-EstagioNatal@mpf.mp.br\" target=\"_blank\" rel=\"noreferrer noopener\">PRRN-EstagioNatal@mpf.mp.br<\/a>&nbsp;para os postulantes \u00e0s vagas e cadastro de reserva de Natal, Cear\u00e1-Mirim e Caic\u00f3 e&nbsp;<a href=\"mailto:PRRN-EstagioMossoro@mpf.mp.br\" target=\"_blank\" rel=\"noreferrer noopener\">PRRN-EstagioMossoro@mpf.mp.br<\/a>&nbsp;para os de Mossor\u00f3, Assu e Pau dos Ferros).<\/p>\n\n\n\n<p><strong>Requisitos \u2013<\/strong>&nbsp;Ainda na inscri\u00e7\u00e3o, os candidatos de Hist\u00f3ria devem enviar uma vers\u00e3o do hist\u00f3rico em que conste o per\u00edodo cursado atualmente. No entanto, para ambas as gradua\u00e7\u00f5es, a exig\u00eancia de que o estudante esteja cursando, pelo menos, o 3\u00ba per\u00edodo (em cursos com dura\u00e7\u00e3o inferior a 10 semestres) ou o 4\u00ba per\u00edodo (para as forma\u00e7\u00f5es com 10 ou mais semestres) se refere ao momento da contrata\u00e7\u00e3o. No caso dos p\u00f3s-graduandos em Direito, \u00e9 obrigat\u00f3rio j\u00e1 estar matriculado em um curso de p\u00f3s-gradua\u00e7\u00e3o da \u00e1rea, com carga hor\u00e1ria de pelo menos 360 horas e reconhecido pelo MEC.<\/p>\n\n\n\n<figure class=\"wp-block-image size-large\"><img loading=\"lazy\" width=\"512\" height=\"340\" src=\"https:\/\/justicapotiguar.com.br\/wp-content\/uploads\/2020\/09\/mpf.jpg\" alt=\"\" class=\"wp-image-13031\" srcset=\"https:\/\/justicapotiguar.com.br\/wp-content\/uploads\/2020\/09\/mpf.jpg 512w, https:\/\/justicapotiguar.com.br\/wp-content\/uploads\/2020\/09\/mpf-300x199.jpg 300w\" sizes=\"(max-width: 512px) 100vw, 512px\" \/><\/figure>\n\n\n\n<p>Os pretendentes que desejam participar atrav\u00e9s dos sistemas de cotas raciais (negros) e de minorias \u00e9tnico-raciais (popula\u00e7\u00f5es ind\u00edgenas, povos e comunidades tradicionais) devem preencher declara\u00e7\u00f5es espec\u00edficas. Para as pessoas com defici\u00eancia, que possuem uma reserva de 10% das vagas, se exige a apresenta\u00e7\u00e3o de laudo original ou c\u00f3pia autenticada, expedido no prazo m\u00e1ximo de 90 dias antes do t\u00e9rmino das inscri\u00e7\u00f5es, indicando a esp\u00e9cie, o grau e o c\u00f3digo correspondente da CID da defici\u00eancia.<\/p><div class=\"kbmso69ef9b313bac8\" ><!--<a href=\"https:\/\/bit.ly\/3QdrqTZ\" target=\"_blank\">\n<img src=\"https:\/\/justicapotiguar.com.br\/wp-content\/uploads\/2023\/09\/mobile-geral.gif\"\/><a\/>--><\/div><style type=\"text\/css\">\r\n.kbmso69ef9b313bac8 {\r\ntext-align: center;\r\n}\r\n@media screen and (min-width: 1201px) {\r\n.kbmso69ef9b313bac8 {\r\ndisplay: none;\r\n}\r\n}\r\n@media screen and (min-width: 993px) and (max-width: 1200px) {\r\n.kbmso69ef9b313bac8 {\r\ndisplay: none;\r\n}\r\n}\r\n@media screen and (min-width: 769px) and (max-width: 992px) {\r\n.kbmso69ef9b313bac8 {\r\ndisplay: none;\r\n}\r\n}\r\n@media screen and (min-width: 768px) and (max-width: 768px) {\r\n.kbmso69ef9b313bac8 {\r\ndisplay: block;\r\n}\r\n}\r\n@media screen and (max-width: 767px) {\r\n.kbmso69ef9b313bac8 {\r\ndisplay: block;\r\n}\r\n}\r\n<\/style>\r\n<div class=\"dukwy69ef9b313baa9\" ><!--<a href=\"https:\/\/bit.ly\/3QdrqTZ\" target=\"_blank\">\n<img src=\"https:\/\/justicapotiguar.com.br\/wp-content\/uploads\/2023\/09\/desktop-geral.gif\"\/><a\/>--><\/div><style type=\"text\/css\">\r\n.dukwy69ef9b313baa9 {\r\ntext-align: center;\nmargin-bottom: 1em;\r\n}\r\n@media screen and (min-width: 1201px) {\r\n.dukwy69ef9b313baa9 {\r\ndisplay: block;\r\n}\r\n}\r\n@media screen and (min-width: 993px) and (max-width: 1200px) {\r\n.dukwy69ef9b313baa9 {\r\ndisplay: block;\r\n}\r\n}\r\n@media screen and (min-width: 769px) and (max-width: 992px) {\r\n.dukwy69ef9b313baa9 {\r\ndisplay: block;\r\n}\r\n}\r\n@media screen and (min-width: 768px) and (max-width: 768px) {\r\n.dukwy69ef9b313baa9 {\r\ndisplay: none;\r\n}\r\n}\r\n@media screen and (max-width: 767px) {\r\n.dukwy69ef9b313baa9 {\r\ndisplay: none;\r\n}\r\n}\r\n<\/style>\r\n\n\n\n\n<p>Para todas as vagas, podem se inscrever somente estudantes das institui\u00e7\u00f5es de ensino que possuem conv\u00eanio com a Procuradoria da Rep\u00fablica no Rio Grande do Norte (UFRN, Ufersa, IFRN, Uern, UnP, Est\u00e1cio, Fatern, FAL, UNI-RN, Unirb e Faculdade Cat\u00f3lica do Rio Grande do Norte).<\/p>\n\n\n\n<p><strong>Pr\u00f3ximas etapas&nbsp;<\/strong>&#8211; No dia 1\u00ba de junho, a p\u00e1gina oficial do processo seletivo ir\u00e1 divulgar a listagem dos candidatos que tiveram as suas inscri\u00e7\u00f5es confirmadas. A data prevista para a realiza\u00e7\u00e3o das provas \u00e9 18 de junho, um domingo. O local do certame ser\u00e1 divulgado na quarta-feira anterior (14), sempre pelo endere\u00e7o eletr\u00f4nico do MPF no RN.<\/p>\n\n\n\n<p>O acesso ao local das provas ser\u00e1 permitido somente at\u00e9 8h45, sendo obrigat\u00f3ria a apresenta\u00e7\u00e3o de documento oficial de identidade. O candidato deve portar ainda caneta esferogr\u00e1fica azul ou preta. Ser\u00e3o concedidas tr\u00eas horas para a realiza\u00e7\u00e3o das provas. Os exames objetivos da \u00e1rea de Direito (gradua\u00e7\u00e3o e p\u00f3s-gradua\u00e7\u00e3o) preveem 40 quest\u00f5es. Na avalia\u00e7\u00e3o de Hist\u00f3ria, ser\u00e3o 20.<\/p>\n\n\n\n<p>Para o curso de Direito, graduandos e p\u00f3s-graduandos realizar\u00e3o no mesmo dia a prova discursiva. Ela consistir\u00e1 na elabora\u00e7\u00e3o de disserta\u00e7\u00e3o, an\u00e1lise e interpreta\u00e7\u00e3o e\/ou elabora\u00e7\u00e3o de pe\u00e7a ou texto jur\u00eddico. Al\u00e9m dos conhecimentos na \u00e1rea, ser\u00e3o aferidas as capacidades de express\u00e3o na modalidade escrita, coer\u00eancia textual e corre\u00e7\u00e3o gramatical e ortogr\u00e1fica.<\/p>\n\n\n\n<p>Os conte\u00fados program\u00e1ticos e mais detalhes sobre o processo e tamb\u00e9m sobre as regras de classifica\u00e7\u00e3o e aprova\u00e7\u00e3o est\u00e3o discriminados no edital. Os convocados ter\u00e3o direito ao recebimento de bolsa no valor de R$ 976 para os cursos de gradua\u00e7\u00e3o, e de R$ 1.952 para o de p\u00f3s-gradua\u00e7\u00e3o, al\u00e9m de aux\u00edlio para transporte de R$ 11 por cada dia estagiado presencialmente. A jornada semanal \u00e9 de 20 horas.<\/p>\n","protected":false},"excerpt":{"rendered":"<p>O Minist\u00e9rio P\u00fablico Federal (MPF) no Rio Grande do Norte lan\u00e7ou um edital de processo seletivo com oportunidades nas \u00e1reas de Direito (gradua\u00e7\u00e3o e p\u00f3s-gradua\u00e7\u00e3o), para forma\u00e7\u00e3o de cadastro de reserva; e Hist\u00f3ria (gradua\u00e7\u00e3o), na qual s\u00e3o ofertadas tr\u00eas vagas. O prazo limite para a conclus\u00e3o de todas as etapas da inscri\u00e7\u00e3o se encerra \u00e0s<br \/><a class=\"more-link\" href=\"https:\/\/justicapotiguar.com.br\/index.php\/2023\/05\/15\/mpf-abre-processo-seletivo-para-estagio-em-direito-e-historia\/\">Mais&#8230;<\/a><\/p>\n","protected":false},"author":5,"featured_media":0,"comment_status":"open","ping_status":"open","sticky":false,"template":"","format":"standard","meta":[],"categories":[1],"tags":[],"_links":{"self":[{"href":"https:\/\/justicapotiguar.com.br\/index.php\/wp-json\/wp\/v2\/posts\/31797"}],"collection":[{"href":"https:\/\/justicapotiguar.com.br\/index.php\/wp-json\/wp\/v2\/posts"}],"about":[{"href":"https:\/\/justicapotiguar.com.br\/index.php\/wp-json\/wp\/v2\/types\/post"}],"author":[{"embeddable":true,"href":"https:\/\/justicapotiguar.com.br\/index.php\/wp-json\/wp\/v2\/users\/5"}],"replies":[{"embeddable":true,"href":"https:\/\/justicapotiguar.com.br\/index.php\/wp-json\/wp\/v2\/comments?post=31797"}],"version-history":[{"count":1,"href":"https:\/\/justicapotiguar.com.br\/index.php\/wp-json\/wp\/v2\/posts\/31797\/revisions"}],"predecessor-version":[{"id":31798,"href":"https:\/\/justicapotiguar.com.br\/index.php\/wp-json\/wp\/v2\/posts\/31797\/revisions\/31798"}],"wp:attachment":[{"href":"https:\/\/justicapotiguar.com.br\/index.php\/wp-json\/wp\/v2\/media?parent=31797"}],"wp:term":[{"taxonomy":"category","embeddable":true,"href":"https:\/\/justicapotiguar.com.br\/index.php\/wp-json\/wp\/v2\/categories?post=31797"},{"taxonomy":"post_tag","embeddable":true,"href":"https:\/\/justicapotiguar.com.br\/index.php\/wp-json\/wp\/v2\/tags?post=31797"}],"curies":[{"name":"wp","href":"https:\/\/api.w.org\/{rel}","templated":true}]}}